{"id":7593,"date":"2021-03-07T14:26:31","date_gmt":"2021-03-07T13:26:31","guid":{"rendered":"http:\/\/www.marsaly.fr\/fred\/?p=7593"},"modified":"2021-03-07T14:26:55","modified_gmt":"2021-03-07T13:26:55","slug":"magister-dixit","status":"publish","type":"post","link":"https:\/\/www.marsaly.fr\/fred\/magister-dixit\/","title":{"rendered":"Magister Dixit"},"content":{"rendered":"<p style=\"text-align: justify;\"><a href=\"http:\/\/www.marsaly.fr\/fred\/wp-content\/uploads\/2021\/03\/168_204_produit_4430_ba97133b785b5a257fa99565da881633.jpg\"><img decoding=\"async\" loading=\"lazy\" class=\"size-full wp-image-7594 alignleft\" src=\"http:\/\/www.marsaly.fr\/fred\/wp-content\/uploads\/2021\/03\/168_204_produit_4430_ba97133b785b5a257fa99565da881633.jpg\" alt=\"\" width=\"145\" height=\"204\" \/><\/a><em>Le Fouga Magister est une des silhouettes a\u00e9riennes les plus embl\u00e9matiques de l\u2019aviation fran\u00e7aise avec son empennage si particulier. Mais comme il s\u2019agit d\u2019un avion d\u2019entra\u00eenement et de liaison, la litt\u00e9rature \u00e0 son sujet est particuli\u00e8rement restreinte. Jusqu\u2019\u00e0 aujourd\u2019hui\u00a0!<\/em><\/p>\n<p class=\"spip\" style=\"text-align: justify;\"><em>Dans la lign\u00e9e de l\u2019excellente monographie consacr\u00e9e \u00e0 l\u2019<a class=\"spip_out\" href=\"http:\/\/www.aerostories.org\/~aerobiblio\/article4529.html\">Alpha Jet<\/a> et alors qu\u2019on se remet \u00e0 peine d\u2019un diptyque absolument ph\u00e9nom\u00e9nal consacr\u00e9 aux <a class=\"spip_out\" href=\"http:\/\/www.aerostories.org\/~aerobiblio\/article6237.html\">Vampire et Mistral fran\u00e7ais<\/a>, un p\u00e8re No\u00ebl un petit peu en retard a d\u00e9pos\u00e9 cet immense pav\u00e9 au pied de nos sapins (&#8230;)<\/em><\/p>\n<p><a href=\"http:\/\/www.aerostories.org\/~aerobiblio\/article6667.html\">Lire la suite sur l&rsquo;a\u00e9robiblioth\u00e8que<\/a><\/p>\n<p>Coup de coeur 2021<\/p>\n<p>&nbsp;<\/p>\n<p>&nbsp;<\/p>\n","protected":false},"excerpt":{"rendered":"<p>Le Fouga Magister est une des silhouettes a\u00e9riennes les plus embl\u00e9matiques de l\u2019aviation fran\u00e7aise avec son empennage si particulier. Mais comme il s\u2019agit d\u2019un avion d\u2019entra\u00eenement et de liaison, la litt\u00e9rature \u00e0 son sujet est particuli\u00e8rement restreinte. Jusqu\u2019\u00e0 aujourd\u2019hui\u00a0! Dans &hellip; <a href=\"https:\/\/www.marsaly.fr\/fred\/magister-dixit\/\">Continuer la lecture <span class=\"meta-nav\">&rarr;<\/span><\/a><\/p>\n","protected":false},"author":2,"featured_media":0,"comment_status":"open","ping_status":"open","sticky":false,"template":"","format":"standard","meta":[],"categories":[5],"tags":[],"_links":{"self":[{"href":"https:\/\/www.marsaly.fr\/fred\/wp-json\/wp\/v2\/posts\/7593"}],"collection":[{"href":"https:\/\/www.marsaly.fr\/fred\/wp-json\/wp\/v2\/posts"}],"about":[{"href":"https:\/\/www.marsaly.fr\/fred\/wp-json\/wp\/v2\/types\/post"}],"author":[{"embeddable":true,"href":"https:\/\/www.marsaly.fr\/fred\/wp-json\/wp\/v2\/users\/2"}],"replies":[{"embeddable":true,"href":"https:\/\/www.marsaly.fr\/fred\/wp-json\/wp\/v2\/comments?post=7593"}],"version-history":[{"count":2,"href":"https:\/\/www.marsaly.fr\/fred\/wp-json\/wp\/v2\/posts\/7593\/revisions"}],"predecessor-version":[{"id":7596,"href":"https:\/\/www.marsaly.fr\/fred\/wp-json\/wp\/v2\/posts\/7593\/revisions\/7596"}],"wp:attachment":[{"href":"https:\/\/www.marsaly.fr\/fred\/wp-json\/wp\/v2\/media?parent=7593"}],"wp:term":[{"taxonomy":"category","embeddable":true,"href":"https:\/\/www.marsaly.fr\/fred\/wp-json\/wp\/v2\/categories?post=7593"},{"taxonomy":"post_tag","embeddable":true,"href":"https:\/\/www.marsaly.fr\/fred\/wp-json\/wp\/v2\/tags?post=7593"}],"curies":[{"name":"wp","href":"https:\/\/api.w.org\/{rel}","templated":true}]}}