{"id":7414,"date":"2020-08-07T19:37:59","date_gmt":"2020-08-07T17:37:59","guid":{"rendered":"http:\/\/www.marsaly.fr\/fred\/?p=7414"},"modified":"2020-08-07T19:45:35","modified_gmt":"2020-08-07T17:45:35","slug":"des-avions-robin","status":"publish","type":"post","link":"https:\/\/www.marsaly.fr\/fred\/des-avions-robin\/","title":{"rendered":"Des avions Robin"},"content":{"rendered":"<p style=\"text-align: justify;\">Ce 5 ao\u00fbt, nous apprenions la disparition de Pierre Robin, cr\u00e9ateur de nombreux avions l\u00e9gers qui ont fait, et qui font toujours, les beaux jours de nombreux a\u00e9roclubs et pilotes priv\u00e9s.<\/p>\n<p style=\"text-align: justify;\">Voici quelques un de ces avions crois\u00e9s ici ou l\u00e0, au bords des pistes et parfois en vol.<\/p>\n\n\t\t<style type=\"text\/css\">\n\t\t\t#gallery-1 {\n\t\t\t\tmargin: auto;\n\t\t\t}\n\t\t\t#gallery-1 .gallery-item {\n\t\t\t\tfloat: left;\n\t\t\t\tmargin-top: 10px;\n\t\t\t\ttext-align: center;\n\t\t\t\twidth: 33%;\n\t\t\t}\n\t\t\t#gallery-1 img {\n\t\t\t\tborder: 2px solid #cfcfcf;\n\t\t\t}\n\t\t\t#gallery-1 .gallery-caption {\n\t\t\t\tmargin-left: 0;\n\t\t\t}\n\t\t\t\/* see gallery_shortcode() in wp-includes\/media.php *\/\n\t\t<\/style>\n\t\t<div id='gallery-1' class='gallery galleryid-7414 gallery-columns-3 gallery-size-medium'><dl class='gallery-item'>\n\t\t\t<dt class='gallery-icon landscape'>\n\t\t\t\t<a href='https:\/\/www.marsaly.fr\/fred\/dsc_9789\/'><img width=\"300\" height=\"168\" src=\"https:\/\/www.marsaly.fr\/fred\/wp-content\/uploads\/2020\/08\/DSC_9789-300x168.jpg\" class=\"attachment-medium size-medium\" alt=\"\" decoding=\"async\" loading=\"lazy\" aria-describedby=\"gallery-1-7465\" srcset=\"https:\/\/www.marsaly.fr\/fred\/wp-content\/uploads\/2020\/08\/DSC_9789-300x168.jpg 300w, https:\/\/www.marsaly.fr\/fred\/wp-content\/uploads\/2020\/08\/DSC_9789-768x431.jpg 768w, https:\/\/www.marsaly.fr\/fred\/wp-content\/uploads\/2020\/08\/DSC_9789-500x280.jpg 500w, https:\/\/www.marsaly.fr\/fred\/wp-content\/uploads\/2020\/08\/DSC_9789.jpg 1024w\" sizes=\"(max-width: 300px) 100vw, 300px\" \/><\/a>\n\t\t\t<\/dt>\n\t\t\t\t<dd class='wp-caption-text gallery-caption' id='gallery-1-7465'>\n\t\t\t\tLe DR-360 F-BSBZ en dernier virage \u00e0 la Fert\u00e9-Alais\n\t\t\t\t<\/dd><\/dl><dl class='gallery-item'>\n\t\t\t<dt class='gallery-icon landscape'>\n\t\t\t\t<a href='https:\/\/www.marsaly.fr\/fred\/ferte-alais-le-temps-des-helices-2017\/visiteur-et-navette-1\/'><img width=\"300\" height=\"169\" src=\"https:\/\/www.marsaly.fr\/fred\/wp-content\/uploads\/2017\/06\/Visiteur-et-navette-1-300x169.jpg\" class=\"attachment-medium size-medium\" alt=\"\" decoding=\"async\" loading=\"lazy\" aria-describedby=\"gallery-1-3908\" srcset=\"https:\/\/www.marsaly.fr\/fred\/wp-content\/uploads\/2017\/06\/Visiteur-et-navette-1-300x169.jpg 300w, https:\/\/www.marsaly.fr\/fred\/wp-content\/uploads\/2017\/06\/Visiteur-et-navette-1-768x432.jpg 768w, https:\/\/www.marsaly.fr\/fred\/wp-content\/uploads\/2017\/06\/Visiteur-et-navette-1.jpg 1024w, https:\/\/www.marsaly.fr\/fred\/wp-content\/uploads\/2017\/06\/Visiteur-et-navette-1-500x281.jpg 500w\" sizes=\"(max-width: 300px) 100vw, 300px\" \/><\/a>\n\t\t\t<\/dt>\n\t\t\t\t<dd class='wp-caption-text gallery-caption' id='gallery-1-3908'>\n\t\t\t\tLe DR-360 F-BSBZ \n\t\t\t\t<\/dd><\/dl><dl class='gallery-item'>\n\t\t\t<dt class='gallery-icon landscape'>\n\t\t\t\t<a href='https:\/\/www.marsaly.fr\/fred\/en-bord-de-pistes-a-vannes\/dr400\/'><img width=\"300\" height=\"140\" src=\"https:\/\/www.marsaly.fr\/fred\/wp-content\/uploads\/2015\/08\/DR400-300x140.jpg\" class=\"attachment-medium size-medium\" alt=\"\" decoding=\"async\" loading=\"lazy\" aria-describedby=\"gallery-1-592\" srcset=\"https:\/\/www.marsaly.fr\/fred\/wp-content\/uploads\/2015\/08\/DR400-300x140.jpg 300w, https:\/\/www.marsaly.fr\/fred\/wp-content\/uploads\/2015\/08\/DR400.jpg 1024w, https:\/\/www.marsaly.fr\/fred\/wp-content\/uploads\/2015\/08\/DR400-500x233.jpg 500w\" sizes=\"(max-width: 300px) 100vw, 300px\" \/><\/a>\n\t\t\t<\/dt>\n\t\t\t\t<dd class='wp-caption-text gallery-caption' id='gallery-1-592'>\n\t\t\t\tDR-400 F-GSBM de passage \u00e0 Vannes en 2015\n\t\t\t\t<\/dd><\/dl><br style=\"clear: both\" \/><dl class='gallery-item'>\n\t\t\t<dt class='gallery-icon landscape'>\n\t\t\t\t<a href='https:\/\/www.marsaly.fr\/fred\/en-bord-de-pistes-a-vannes\/robin-2160\/'><img width=\"300\" height=\"193\" src=\"https:\/\/www.marsaly.fr\/fred\/wp-content\/uploads\/2015\/08\/Robin-2160-300x193.jpg\" class=\"attachment-medium size-medium\" alt=\"\" decoding=\"async\" loading=\"lazy\" aria-describedby=\"gallery-1-602\" srcset=\"https:\/\/www.marsaly.fr\/fred\/wp-content\/uploads\/2015\/08\/Robin-2160-300x193.jpg 300w, https:\/\/www.marsaly.fr\/fred\/wp-content\/uploads\/2015\/08\/Robin-2160.jpg 1024w, https:\/\/www.marsaly.fr\/fred\/wp-content\/uploads\/2015\/08\/Robin-2160-465x300.jpg 465w\" sizes=\"(max-width: 300px) 100vw, 300px\" \/><\/a>\n\t\t\t<\/dt>\n\t\t\t\t<dd class='wp-caption-text gallery-caption' id='gallery-1-602'>\n\t\t\t\tR-2160 \u00e0 Vannes-Meucon\n\t\t\t\t<\/dd><\/dl><dl class='gallery-item'>\n\t\t\t<dt class='gallery-icon landscape'>\n\t\t\t\t<a href='https:\/\/www.marsaly.fr\/fred\/dsc_9596-3\/'><img width=\"300\" height=\"132\" src=\"https:\/\/www.marsaly.fr\/fred\/wp-content\/uploads\/2020\/08\/DSC_9596-1-300x132.jpg\" class=\"attachment-medium size-medium\" alt=\"\" decoding=\"async\" loading=\"lazy\" aria-describedby=\"gallery-1-7463\" srcset=\"https:\/\/www.marsaly.fr\/fred\/wp-content\/uploads\/2020\/08\/DSC_9596-1-300x132.jpg 300w, https:\/\/www.marsaly.fr\/fred\/wp-content\/uploads\/2020\/08\/DSC_9596-1-768x339.jpg 768w, https:\/\/www.marsaly.fr\/fred\/wp-content\/uploads\/2020\/08\/DSC_9596-1-500x221.jpg 500w, https:\/\/www.marsaly.fr\/fred\/wp-content\/uploads\/2020\/08\/DSC_9596-1.jpg 1024w\" sizes=\"(max-width: 300px) 100vw, 300px\" \/><\/a>\n\t\t\t<\/dt>\n\t\t\t\t<dd class='wp-caption-text gallery-caption' id='gallery-1-7463'>\n\t\t\t\tLe DR-400 F-GDEP au roulage au Bourget en 2010\n\t\t\t\t<\/dd><\/dl><dl class='gallery-item'>\n\t\t\t<dt class='gallery-icon landscape'>\n\t\t\t\t<a href='https:\/\/www.marsaly.fr\/fred\/dsc_9518-3\/'><img width=\"300\" height=\"179\" src=\"https:\/\/www.marsaly.fr\/fred\/wp-content\/uploads\/2020\/08\/DSC_9518-1-300x179.jpg\" class=\"attachment-medium size-medium\" alt=\"\" decoding=\"async\" loading=\"lazy\" aria-describedby=\"gallery-1-7462\" srcset=\"https:\/\/www.marsaly.fr\/fred\/wp-content\/uploads\/2020\/08\/DSC_9518-1-300x179.jpg 300w, https:\/\/www.marsaly.fr\/fred\/wp-content\/uploads\/2020\/08\/DSC_9518-1-768x458.jpg 768w, https:\/\/www.marsaly.fr\/fred\/wp-content\/uploads\/2020\/08\/DSC_9518-1-500x298.jpg 500w, https:\/\/www.marsaly.fr\/fred\/wp-content\/uploads\/2020\/08\/DSC_9518-1.jpg 1024w\" sizes=\"(max-width: 300px) 100vw, 300px\" \/><\/a>\n\t\t\t<\/dt>\n\t\t\t\t<dd class='wp-caption-text gallery-caption' id='gallery-1-7462'>\n\t\t\t\tDR-400 au Mus\u00e9e de l&rsquo;Air pour \u00ab\u00a0les femmes de l&rsquo;Air\u00a0\u00bb en 2010\n\t\t\t\t<\/dd><\/dl><br style=\"clear: both\" \/><dl class='gallery-item'>\n\t\t\t<dt class='gallery-icon landscape'>\n\t\t\t\t<a href='https:\/\/www.marsaly.fr\/fred\/dsc_9438-2\/'><img width=\"300\" height=\"134\" src=\"https:\/\/www.marsaly.fr\/fred\/wp-content\/uploads\/2020\/08\/DSC_9438-1-300x134.jpg\" class=\"attachment-medium size-medium\" alt=\"\" decoding=\"async\" loading=\"lazy\" aria-describedby=\"gallery-1-7458\" srcset=\"https:\/\/www.marsaly.fr\/fred\/wp-content\/uploads\/2020\/08\/DSC_9438-1-300x134.jpg 300w, https:\/\/www.marsaly.fr\/fred\/wp-content\/uploads\/2020\/08\/DSC_9438-1-768x343.jpg 768w, https:\/\/www.marsaly.fr\/fred\/wp-content\/uploads\/2020\/08\/DSC_9438-1-500x223.jpg 500w, https:\/\/www.marsaly.fr\/fred\/wp-content\/uploads\/2020\/08\/DSC_9438-1.jpg 1024w\" sizes=\"(max-width: 300px) 100vw, 300px\" \/><\/a>\n\t\t\t<\/dt>\n\t\t\t\t<dd class='wp-caption-text gallery-caption' id='gallery-1-7458'>\n\t\t\t\tLe DR-400 F-GLKV au Bourget\n\t\t\t\t<\/dd><\/dl><dl class='gallery-item'>\n\t\t\t<dt class='gallery-icon landscape'>\n\t\t\t\t<a href='https:\/\/www.marsaly.fr\/fred\/dsc_8780\/'><img width=\"300\" height=\"129\" src=\"https:\/\/www.marsaly.fr\/fred\/wp-content\/uploads\/2020\/08\/DSC_8780-300x129.jpg\" class=\"attachment-medium size-medium\" alt=\"\" decoding=\"async\" loading=\"lazy\" aria-describedby=\"gallery-1-7453\" srcset=\"https:\/\/www.marsaly.fr\/fred\/wp-content\/uploads\/2020\/08\/DSC_8780-300x129.jpg 300w, https:\/\/www.marsaly.fr\/fred\/wp-content\/uploads\/2020\/08\/DSC_8780-768x329.jpg 768w, https:\/\/www.marsaly.fr\/fred\/wp-content\/uploads\/2020\/08\/DSC_8780-500x214.jpg 500w, https:\/\/www.marsaly.fr\/fred\/wp-content\/uploads\/2020\/08\/DSC_8780.jpg 1024w\" sizes=\"(max-width: 300px) 100vw, 300px\" \/><\/a>\n\t\t\t<\/dt>\n\t\t\t\t<dd class='wp-caption-text gallery-caption' id='gallery-1-7453'>\n\t\t\t\tDR-400 F-GLKS \u00e0 Vannes en 2015\n\t\t\t\t<\/dd><\/dl><dl class='gallery-item'>\n\t\t\t<dt class='gallery-icon landscape'>\n\t\t\t\t<a href='https:\/\/www.marsaly.fr\/fred\/dsc_6659\/'><img width=\"300\" height=\"160\" src=\"https:\/\/www.marsaly.fr\/fred\/wp-content\/uploads\/2020\/08\/DSC_6659-300x160.jpg\" class=\"attachment-medium size-medium\" alt=\"\" decoding=\"async\" loading=\"lazy\" aria-describedby=\"gallery-1-7451\" srcset=\"https:\/\/www.marsaly.fr\/fred\/wp-content\/uploads\/2020\/08\/DSC_6659-300x160.jpg 300w, https:\/\/www.marsaly.fr\/fred\/wp-content\/uploads\/2020\/08\/DSC_6659-768x409.jpg 768w, https:\/\/www.marsaly.fr\/fred\/wp-content\/uploads\/2020\/08\/DSC_6659-500x266.jpg 500w, https:\/\/www.marsaly.fr\/fred\/wp-content\/uploads\/2020\/08\/DSC_6659.jpg 1024w\" sizes=\"(max-width: 300px) 100vw, 300px\" \/><\/a>\n\t\t\t<\/dt>\n\t\t\t\t<dd class='wp-caption-text gallery-caption' id='gallery-1-7451'>\n\t\t\t\tBriefing autour du DR-253 F-BSBM \u00e0 la Fert\u00e9-Alais\n\t\t\t\t<\/dd><\/dl><br style=\"clear: both\" \/><dl class='gallery-item'>\n\t\t\t<dt class='gallery-icon landscape'>\n\t\t\t\t<a href='https:\/\/www.marsaly.fr\/fred\/dsc_5815\/'><img width=\"300\" height=\"170\" src=\"https:\/\/www.marsaly.fr\/fred\/wp-content\/uploads\/2020\/08\/DSC_5815-300x170.jpg\" class=\"attachment-medium size-medium\" alt=\"\" decoding=\"async\" loading=\"lazy\" aria-describedby=\"gallery-1-7450\" srcset=\"https:\/\/www.marsaly.fr\/fred\/wp-content\/uploads\/2020\/08\/DSC_5815-300x170.jpg 300w, https:\/\/www.marsaly.fr\/fred\/wp-content\/uploads\/2020\/08\/DSC_5815-768x434.jpg 768w, https:\/\/www.marsaly.fr\/fred\/wp-content\/uploads\/2020\/08\/DSC_5815-500x283.jpg 500w, https:\/\/www.marsaly.fr\/fred\/wp-content\/uploads\/2020\/08\/DSC_5815.jpg 1024w\" sizes=\"(max-width: 300px) 100vw, 300px\" \/><\/a>\n\t\t\t<\/dt>\n\t\t\t\t<dd class='wp-caption-text gallery-caption' id='gallery-1-7450'>\n\t\t\t\tLe HR-200 F-BXEV \u00e0 Tours en 2006\n\t\t\t\t<\/dd><\/dl><dl class='gallery-item'>\n\t\t\t<dt class='gallery-icon landscape'>\n\t\t\t\t<a href='https:\/\/www.marsaly.fr\/fred\/dsc_4245\/'><img width=\"300\" height=\"146\" src=\"https:\/\/www.marsaly.fr\/fred\/wp-content\/uploads\/2020\/08\/DSC_4245-300x146.jpg\" class=\"attachment-medium size-medium\" alt=\"\" decoding=\"async\" loading=\"lazy\" aria-describedby=\"gallery-1-7449\" srcset=\"https:\/\/www.marsaly.fr\/fred\/wp-content\/uploads\/2020\/08\/DSC_4245-300x146.jpg 300w, https:\/\/www.marsaly.fr\/fred\/wp-content\/uploads\/2020\/08\/DSC_4245-768x375.jpg 768w, https:\/\/www.marsaly.fr\/fred\/wp-content\/uploads\/2020\/08\/DSC_4245-500x244.jpg 500w, https:\/\/www.marsaly.fr\/fred\/wp-content\/uploads\/2020\/08\/DSC_4245.jpg 1024w\" sizes=\"(max-width: 300px) 100vw, 300px\" \/><\/a>\n\t\t\t<\/dt>\n\t\t\t\t<dd class='wp-caption-text gallery-caption' id='gallery-1-7449'>\n\t\t\t\tDR-400 F-GKVK aux Mureaux en 2017 et en bonne compagnie\n\t\t\t\t<\/dd><\/dl><dl class='gallery-item'>\n\t\t\t<dt class='gallery-icon landscape'>\n\t\t\t\t<a href='https:\/\/www.marsaly.fr\/fred\/dsc_4244\/'><img width=\"300\" height=\"173\" src=\"https:\/\/www.marsaly.fr\/fred\/wp-content\/uploads\/2020\/08\/DSC_4244-300x173.jpg\" class=\"attachment-medium size-medium\" alt=\"\" decoding=\"async\" loading=\"lazy\" aria-describedby=\"gallery-1-7448\" srcset=\"https:\/\/www.marsaly.fr\/fred\/wp-content\/uploads\/2020\/08\/DSC_4244-300x173.jpg 300w, https:\/\/www.marsaly.fr\/fred\/wp-content\/uploads\/2020\/08\/DSC_4244-768x443.jpg 768w, https:\/\/www.marsaly.fr\/fred\/wp-content\/uploads\/2020\/08\/DSC_4244-500x289.jpg 500w, https:\/\/www.marsaly.fr\/fred\/wp-content\/uploads\/2020\/08\/DSC_4244.jpg 1024w\" sizes=\"(max-width: 300px) 100vw, 300px\" \/><\/a>\n\t\t\t<\/dt>\n\t\t\t\t<dd class='wp-caption-text gallery-caption' id='gallery-1-7448'>\n\t\t\t\tLe F-GLKK, DR-400 vu ici aux Mureaux a \u00e9t\u00e9 accident\u00e9 en 2018\n\t\t\t\t<\/dd><\/dl><br style=\"clear: both\" \/><dl class='gallery-item'>\n\t\t\t<dt class='gallery-icon landscape'>\n\t\t\t\t<a href='https:\/\/www.marsaly.fr\/fred\/dsc_4190\/'><img width=\"300\" height=\"146\" src=\"https:\/\/www.marsaly.fr\/fred\/wp-content\/uploads\/2020\/08\/DSC_4190-300x146.jpg\" class=\"attachment-medium size-medium\" alt=\"\" decoding=\"async\" loading=\"lazy\" aria-describedby=\"gallery-1-7447\" srcset=\"https:\/\/www.marsaly.fr\/fred\/wp-content\/uploads\/2020\/08\/DSC_4190-300x146.jpg 300w, https:\/\/www.marsaly.fr\/fred\/wp-content\/uploads\/2020\/08\/DSC_4190-768x374.jpg 768w, https:\/\/www.marsaly.fr\/fred\/wp-content\/uploads\/2020\/08\/DSC_4190-500x244.jpg 500w, https:\/\/www.marsaly.fr\/fred\/wp-content\/uploads\/2020\/08\/DSC_4190.jpg 1024w\" sizes=\"(max-width: 300px) 100vw, 300px\" \/><\/a>\n\t\t\t<\/dt>\n\t\t\t\t<dd class='wp-caption-text gallery-caption' id='gallery-1-7447'>\n\t\t\t\tLe DR-400 F-GCAL en finale au Plessis-Belleville\n\t\t\t\t<\/dd><\/dl><dl class='gallery-item'>\n\t\t\t<dt class='gallery-icon landscape'>\n\t\t\t\t<a href='https:\/\/www.marsaly.fr\/fred\/dsc_4057\/'><img width=\"300\" height=\"152\" src=\"https:\/\/www.marsaly.fr\/fred\/wp-content\/uploads\/2020\/08\/DSC_4057-300x152.jpg\" class=\"attachment-medium size-medium\" alt=\"\" decoding=\"async\" loading=\"lazy\" aria-describedby=\"gallery-1-7446\" srcset=\"https:\/\/www.marsaly.fr\/fred\/wp-content\/uploads\/2020\/08\/DSC_4057-300x152.jpg 300w, https:\/\/www.marsaly.fr\/fred\/wp-content\/uploads\/2020\/08\/DSC_4057-768x389.jpg 768w, https:\/\/www.marsaly.fr\/fred\/wp-content\/uploads\/2020\/08\/DSC_4057-500x253.jpg 500w, https:\/\/www.marsaly.fr\/fred\/wp-content\/uploads\/2020\/08\/DSC_4057.jpg 1024w\" sizes=\"(max-width: 300px) 100vw, 300px\" \/><\/a>\n\t\t\t<\/dt>\n\t\t\t\t<dd class='wp-caption-text gallery-caption' id='gallery-1-7446'>\n\t\t\t\tLe F-GMXH, un DR-400, \u00e0 Fontenay-Tr\u00e9signy\n\t\t\t\t<\/dd><\/dl><dl class='gallery-item'>\n\t\t\t<dt class='gallery-icon landscape'>\n\t\t\t\t<a href='https:\/\/www.marsaly.fr\/fred\/dsc_1605\/'><img width=\"300\" height=\"141\" src=\"https:\/\/www.marsaly.fr\/fred\/wp-content\/uploads\/2020\/08\/DSC_1605-300x141.jpg\" class=\"attachment-medium size-medium\" alt=\"\" decoding=\"async\" loading=\"lazy\" aria-describedby=\"gallery-1-7442\" srcset=\"https:\/\/www.marsaly.fr\/fred\/wp-content\/uploads\/2020\/08\/DSC_1605-300x141.jpg 300w, https:\/\/www.marsaly.fr\/fred\/wp-content\/uploads\/2020\/08\/DSC_1605-768x360.jpg 768w, https:\/\/www.marsaly.fr\/fred\/wp-content\/uploads\/2020\/08\/DSC_1605-500x234.jpg 500w, https:\/\/www.marsaly.fr\/fred\/wp-content\/uploads\/2020\/08\/DSC_1605.jpg 1024w\" sizes=\"(max-width: 300px) 100vw, 300px\" \/><\/a>\n\t\t\t<\/dt>\n\t\t\t\t<dd class='wp-caption-text gallery-caption' id='gallery-1-7442'>\n\t\t\t\tLe DR-221 F-BPRR \u00e0 St Cyr\n\t\t\t\t<\/dd><\/dl><br style=\"clear: both\" \/><dl class='gallery-item'>\n\t\t\t<dt class='gallery-icon landscape'>\n\t\t\t\t<a href='https:\/\/www.marsaly.fr\/fred\/dsc_1595\/'><img width=\"300\" height=\"199\" src=\"https:\/\/www.marsaly.fr\/fred\/wp-content\/uploads\/2020\/08\/DSC_1595-300x199.jpg\" class=\"attachment-medium size-medium\" alt=\"\" decoding=\"async\" loading=\"lazy\" aria-describedby=\"gallery-1-7441\" srcset=\"https:\/\/www.marsaly.fr\/fred\/wp-content\/uploads\/2020\/08\/DSC_1595-300x199.jpg 300w, https:\/\/www.marsaly.fr\/fred\/wp-content\/uploads\/2020\/08\/DSC_1595-768x509.jpg 768w, https:\/\/www.marsaly.fr\/fred\/wp-content\/uploads\/2020\/08\/DSC_1595-453x300.jpg 453w, https:\/\/www.marsaly.fr\/fred\/wp-content\/uploads\/2020\/08\/DSC_1595.jpg 1024w\" sizes=\"(max-width: 300px) 100vw, 300px\" \/><\/a>\n\t\t\t<\/dt>\n\t\t\t\t<dd class='wp-caption-text gallery-caption' id='gallery-1-7441'>\n\t\t\t\tLe F-BPRT, autre DR-221 \u00e9galement vu \u00e0 St Cyr\n\t\t\t\t<\/dd><\/dl><dl class='gallery-item'>\n\t\t\t<dt class='gallery-icon landscape'>\n\t\t\t\t<a href='https:\/\/www.marsaly.fr\/fred\/dsc_0736\/'><img width=\"300\" height=\"162\" src=\"https:\/\/www.marsaly.fr\/fred\/wp-content\/uploads\/2020\/08\/DSC_0736-300x162.jpg\" class=\"attachment-medium size-medium\" alt=\"\" decoding=\"async\" loading=\"lazy\" aria-describedby=\"gallery-1-7439\" srcset=\"https:\/\/www.marsaly.fr\/fred\/wp-content\/uploads\/2020\/08\/DSC_0736-300x162.jpg 300w, https:\/\/www.marsaly.fr\/fred\/wp-content\/uploads\/2020\/08\/DSC_0736-768x415.jpg 768w, https:\/\/www.marsaly.fr\/fred\/wp-content\/uploads\/2020\/08\/DSC_0736-500x270.jpg 500w, https:\/\/www.marsaly.fr\/fred\/wp-content\/uploads\/2020\/08\/DSC_0736.jpg 1024w\" sizes=\"(max-width: 300px) 100vw, 300px\" \/><\/a>\n\t\t\t<\/dt>\n\t\t\t\t<dd class='wp-caption-text gallery-caption' id='gallery-1-7439'>\n\t\t\t\tDR-500 britannique \u00e0 la Fert\u00e9 Alais en 2011\n\t\t\t\t<\/dd><\/dl><dl class='gallery-item'>\n\t\t\t<dt class='gallery-icon landscape'>\n\t\t\t\t<a href='https:\/\/www.marsaly.fr\/fred\/dsc_0369\/'><img width=\"300\" height=\"139\" src=\"https:\/\/www.marsaly.fr\/fred\/wp-content\/uploads\/2020\/08\/DSC_0369-300x139.jpg\" class=\"attachment-medium size-medium\" alt=\"\" decoding=\"async\" loading=\"lazy\" aria-describedby=\"gallery-1-7438\" srcset=\"https:\/\/www.marsaly.fr\/fred\/wp-content\/uploads\/2020\/08\/DSC_0369-300x139.jpg 300w, https:\/\/www.marsaly.fr\/fred\/wp-content\/uploads\/2020\/08\/DSC_0369-768x356.jpg 768w, https:\/\/www.marsaly.fr\/fred\/wp-content\/uploads\/2020\/08\/DSC_0369-500x232.jpg 500w, https:\/\/www.marsaly.fr\/fred\/wp-content\/uploads\/2020\/08\/DSC_0369.jpg 1024w\" sizes=\"(max-width: 300px) 100vw, 300px\" \/><\/a>\n\t\t\t<\/dt>\n\t\t\t\t<dd class='wp-caption-text gallery-caption' id='gallery-1-7438'>\n\t\t\t\tAutre DR-400 vu \u00e0 la Fert\u00e9, cette fois en 2017\n\t\t\t\t<\/dd><\/dl><br style=\"clear: both\" \/><dl class='gallery-item'>\n\t\t\t<dt class='gallery-icon landscape'>\n\t\t\t\t<a href='https:\/\/www.marsaly.fr\/fred\/dsc_8853\/'><img width=\"300\" height=\"183\" src=\"https:\/\/www.marsaly.fr\/fred\/wp-content\/uploads\/2020\/08\/DSC_8853-300x183.jpg\" class=\"attachment-medium size-medium\" alt=\"\" decoding=\"async\" loading=\"lazy\" aria-describedby=\"gallery-1-7454\" srcset=\"https:\/\/www.marsaly.fr\/fred\/wp-content\/uploads\/2020\/08\/DSC_8853-300x183.jpg 300w, https:\/\/www.marsaly.fr\/fred\/wp-content\/uploads\/2020\/08\/DSC_8853-768x468.jpg 768w, https:\/\/www.marsaly.fr\/fred\/wp-content\/uploads\/2020\/08\/DSC_8853-492x300.jpg 492w, https:\/\/www.marsaly.fr\/fred\/wp-content\/uploads\/2020\/08\/DSC_8853.jpg 1024w\" sizes=\"(max-width: 300px) 100vw, 300px\" \/><\/a>\n\t\t\t<\/dt>\n\t\t\t\t<dd class='wp-caption-text gallery-caption' id='gallery-1-7454'>\n\t\t\t\tFinale au Bourget pour le DR-400 F-GNXT \u00e0 l&rsquo;occasion du tour \u00ab\u00a0Hop\u00a0\u00bb des jeunes pilotes en 2014\n\t\t\t\t<\/dd><\/dl><dl class='gallery-item'>\n\t\t\t<dt class='gallery-icon landscape'>\n\t\t\t\t<a href='https:\/\/www.marsaly.fr\/fred\/dsc_1194\/'><img width=\"300\" height=\"163\" src=\"https:\/\/www.marsaly.fr\/fred\/wp-content\/uploads\/2020\/08\/DSC_1194-300x163.jpg\" class=\"attachment-medium size-medium\" alt=\"\" decoding=\"async\" loading=\"lazy\" aria-describedby=\"gallery-1-7440\" srcset=\"https:\/\/www.marsaly.fr\/fred\/wp-content\/uploads\/2020\/08\/DSC_1194-300x163.jpg 300w, https:\/\/www.marsaly.fr\/fred\/wp-content\/uploads\/2020\/08\/DSC_1194-768x416.jpg 768w, https:\/\/www.marsaly.fr\/fred\/wp-content\/uploads\/2020\/08\/DSC_1194-500x271.jpg 500w, https:\/\/www.marsaly.fr\/fred\/wp-content\/uploads\/2020\/08\/DSC_1194.jpg 1024w\" sizes=\"(max-width: 300px) 100vw, 300px\" \/><\/a>\n\t\t\t<\/dt>\n\t\t\t\t<dd class='wp-caption-text gallery-caption' id='gallery-1-7440'>\n\t\t\t\tLe DR-315 F-GIXZ photographi\u00e9 \u00e0 Angers en 2019 apr\u00e8s un chantier de restauration\n\t\t\t\t<\/dd><\/dl><dl class='gallery-item'>\n\t\t\t<dt class='gallery-icon landscape'>\n\t\t\t\t<a href='https:\/\/www.marsaly.fr\/fred\/dsc_9449\/'><img width=\"300\" height=\"151\" src=\"https:\/\/www.marsaly.fr\/fred\/wp-content\/uploads\/2020\/08\/DSC_9449-300x151.jpg\" class=\"attachment-medium size-medium\" alt=\"\" decoding=\"async\" loading=\"lazy\" aria-describedby=\"gallery-1-7459\" srcset=\"https:\/\/www.marsaly.fr\/fred\/wp-content\/uploads\/2020\/08\/DSC_9449-300x151.jpg 300w, https:\/\/www.marsaly.fr\/fred\/wp-content\/uploads\/2020\/08\/DSC_9449-768x386.jpg 768w, https:\/\/www.marsaly.fr\/fred\/wp-content\/uploads\/2020\/08\/DSC_9449-500x251.jpg 500w, https:\/\/www.marsaly.fr\/fred\/wp-content\/uploads\/2020\/08\/DSC_9449.jpg 1024w\" sizes=\"(max-width: 300px) 100vw, 300px\" \/><\/a>\n\t\t\t<\/dt>\n\t\t\t\t<dd class='wp-caption-text gallery-caption' id='gallery-1-7459'>\n\t\t\t\tLe DR-400 F-GBVP au meeting de Lens en 2007\n\t\t\t\t<\/dd><\/dl><br style=\"clear: both\" \/><dl class='gallery-item'>\n\t\t\t<dt class='gallery-icon landscape'>\n\t\t\t\t<a href='https:\/\/www.marsaly.fr\/fred\/dsc_9515\/'><img width=\"300\" height=\"200\" src=\"https:\/\/www.marsaly.fr\/fred\/wp-content\/uploads\/2020\/08\/DSC_9515-300x200.jpg\" class=\"attachment-medium size-medium\" alt=\"\" decoding=\"async\" loading=\"lazy\" aria-describedby=\"gallery-1-7461\" srcset=\"https:\/\/www.marsaly.fr\/fred\/wp-content\/uploads\/2020\/08\/DSC_9515-300x200.jpg 300w, https:\/\/www.marsaly.fr\/fred\/wp-content\/uploads\/2020\/08\/DSC_9515-768x511.jpg 768w, https:\/\/www.marsaly.fr\/fred\/wp-content\/uploads\/2020\/08\/DSC_9515-451x300.jpg 451w, https:\/\/www.marsaly.fr\/fred\/wp-content\/uploads\/2020\/08\/DSC_9515.jpg 1024w\" sizes=\"(max-width: 300px) 100vw, 300px\" \/><\/a>\n\t\t\t<\/dt>\n\t\t\t\t<dd class='wp-caption-text gallery-caption' id='gallery-1-7461'>\n\t\t\t\t\u00e0 bord du F-GBVP, Antoine surveille la nav vers Chavenay\n\t\t\t\t<\/dd><\/dl><dl class='gallery-item'>\n\t\t\t<dt class='gallery-icon landscape'>\n\t\t\t\t<a href='https:\/\/www.marsaly.fr\/fred\/dsc_9513\/'><img width=\"300\" height=\"200\" src=\"https:\/\/www.marsaly.fr\/fred\/wp-content\/uploads\/2020\/08\/DSC_9513-300x200.jpg\" class=\"attachment-medium size-medium\" alt=\"\" decoding=\"async\" loading=\"lazy\" aria-describedby=\"gallery-1-7460\" srcset=\"https:\/\/www.marsaly.fr\/fred\/wp-content\/uploads\/2020\/08\/DSC_9513-300x200.jpg 300w, https:\/\/www.marsaly.fr\/fred\/wp-content\/uploads\/2020\/08\/DSC_9513-768x511.jpg 768w, https:\/\/www.marsaly.fr\/fred\/wp-content\/uploads\/2020\/08\/DSC_9513-451x300.jpg 451w, https:\/\/www.marsaly.fr\/fred\/wp-content\/uploads\/2020\/08\/DSC_9513.jpg 1024w\" sizes=\"(max-width: 300px) 100vw, 300px\" \/><\/a>\n\t\t\t<\/dt>\n\t\t\t\t<dd class='wp-caption-text gallery-caption' id='gallery-1-7460'>\n\t\t\t\tA bord du F-GBVP, la nuit approche\n\t\t\t\t<\/dd><\/dl><dl class='gallery-item'>\n\t\t\t<dt class='gallery-icon landscape'>\n\t\t\t\t<a href='https:\/\/www.marsaly.fr\/fred\/dsc_1615\/'><img width=\"300\" height=\"147\" src=\"https:\/\/www.marsaly.fr\/fred\/wp-content\/uploads\/2020\/08\/DSC_1615-300x147.jpg\" class=\"attachment-medium size-medium\" alt=\"\" decoding=\"async\" loading=\"lazy\" aria-describedby=\"gallery-1-7443\" srcset=\"https:\/\/www.marsaly.fr\/fred\/wp-content\/uploads\/2020\/08\/DSC_1615-300x147.jpg 300w, https:\/\/www.marsaly.fr\/fred\/wp-content\/uploads\/2020\/08\/DSC_1615-768x377.jpg 768w, https:\/\/www.marsaly.fr\/fred\/wp-content\/uploads\/2020\/08\/DSC_1615-500x245.jpg 500w, https:\/\/www.marsaly.fr\/fred\/wp-content\/uploads\/2020\/08\/DSC_1615.jpg 1024w\" sizes=\"(max-width: 300px) 100vw, 300px\" \/><\/a>\n\t\t\t<\/dt>\n\t\t\t\t<dd class='wp-caption-text gallery-caption' id='gallery-1-7443'>\n\t\t\t\tLe DR-400 F-GBIA \u00e0 Saint Cyr\n\t\t\t\t<\/dd><\/dl><br style=\"clear: both\" \/><dl class='gallery-item'>\n\t\t\t<dt class='gallery-icon landscape'>\n\t\t\t\t<a href='https:\/\/www.marsaly.fr\/fred\/dsc_2853\/'><img width=\"300\" height=\"199\" src=\"https:\/\/www.marsaly.fr\/fred\/wp-content\/uploads\/2020\/08\/DSC_2853-300x199.jpg\" class=\"attachment-medium size-medium\" alt=\"\" decoding=\"async\" loading=\"lazy\" aria-describedby=\"gallery-1-7444\" srcset=\"https:\/\/www.marsaly.fr\/fred\/wp-content\/uploads\/2020\/08\/DSC_2853-300x199.jpg 300w, https:\/\/www.marsaly.fr\/fred\/wp-content\/uploads\/2020\/08\/DSC_2853-768x509.jpg 768w, https:\/\/www.marsaly.fr\/fred\/wp-content\/uploads\/2020\/08\/DSC_2853-453x300.jpg 453w, https:\/\/www.marsaly.fr\/fred\/wp-content\/uploads\/2020\/08\/DSC_2853.jpg 1024w\" sizes=\"(max-width: 300px) 100vw, 300px\" \/><\/a>\n\t\t\t<\/dt>\n\t\t\t\t<dd class='wp-caption-text gallery-caption' id='gallery-1-7444'>\n\t\t\t\tA bord du F-GBIA au-dessus de Nogent le Rotrou (28) \n\t\t\t\t<\/dd><\/dl><dl class='gallery-item'>\n\t\t\t<dt class='gallery-icon landscape'>\n\t\t\t\t<a href='https:\/\/www.marsaly.fr\/fred\/dsc_2901\/'><img width=\"300\" height=\"199\" src=\"https:\/\/www.marsaly.fr\/fred\/wp-content\/uploads\/2020\/08\/DSC_2901-300x199.jpg\" class=\"attachment-medium size-medium\" alt=\"\" decoding=\"async\" loading=\"lazy\" aria-describedby=\"gallery-1-7445\" srcset=\"https:\/\/www.marsaly.fr\/fred\/wp-content\/uploads\/2020\/08\/DSC_2901-300x199.jpg 300w, https:\/\/www.marsaly.fr\/fred\/wp-content\/uploads\/2020\/08\/DSC_2901-768x509.jpg 768w, https:\/\/www.marsaly.fr\/fred\/wp-content\/uploads\/2020\/08\/DSC_2901-453x300.jpg 453w, https:\/\/www.marsaly.fr\/fred\/wp-content\/uploads\/2020\/08\/DSC_2901.jpg 1024w\" sizes=\"(max-width: 300px) 100vw, 300px\" \/><\/a>\n\t\t\t<\/dt>\n\t\t\t\t<dd class='wp-caption-text gallery-caption' id='gallery-1-7445'>\n\t\t\t\tFinale \u00e0 St Cyr pour le F-GBIA\n\t\t\t\t<\/dd><\/dl>\n\t\t\t<br style='clear: both' \/>\n\t\t<\/div>\n\n<p style=\"text-align: justify;\">Il a \u00e9troitement collabor\u00e9 avec un autre g\u00e9ant des petits avions, Jean Delemontez, d\u00e9c\u00e9d\u00e9 \u00e0 97 ans en 2015, le \u00ab\u00a0Del\u00a0\u00bb dans \u00ab\u00a0Jodel\u00a0\u00bb, autre saga \u00e9poustouflante des avionneurs fran\u00e7ais, et leurs noms restent aussi indissociables par les d\u00e9nominations DR de leurs \u0153uvres communes. Mais il a aussi collabor\u00e9 avec d&rsquo;autres ing\u00e9nieurs comme Chris Heinz (HR) et sans oublier que son fils, Christophe, a aussi \u0153uvr\u00e9 dans le m\u00eame domaine avec les CR ou les MCR.<\/p>\n<p style=\"text-align: justify;\">L&rsquo;histoire de ces avions a fait l&rsquo;objet de deux livres notables, \u00ab\u00a0Les avions Robin\u00a0\u00bb de Xavier Mass\u00e9, aux Nouvelles Editions Latines en 2000. (270 pages).<\/p>\n\n\t\t<style type=\"text\/css\">\n\t\t\t#gallery-2 {\n\t\t\t\tmargin: auto;\n\t\t\t}\n\t\t\t#gallery-2 .gallery-item {\n\t\t\t\tfloat: left;\n\t\t\t\tmargin-top: 10px;\n\t\t\t\ttext-align: center;\n\t\t\t\twidth: 50%;\n\t\t\t}\n\t\t\t#gallery-2 img {\n\t\t\t\tborder: 2px solid #cfcfcf;\n\t\t\t}\n\t\t\t#gallery-2 .gallery-caption {\n\t\t\t\tmargin-left: 0;\n\t\t\t}\n\t\t\t\/* see gallery_shortcode() in wp-includes\/media.php *\/\n\t\t<\/style>\n\t\t<div id='gallery-2' class='gallery galleryid-7414 gallery-columns-2 gallery-size-medium'><dl class='gallery-item'>\n\t\t\t<dt class='gallery-icon portrait'>\n\t\t\t\t<a href='https:\/\/www.marsaly.fr\/fred\/des-avions-robin\/9782723320238_1_75\/'><img width=\"199\" height=\"300\" src=\"https:\/\/www.marsaly.fr\/fred\/wp-content\/uploads\/2020\/08\/9782723320238_1_75-199x300.jpg\" class=\"attachment-medium size-medium\" alt=\"\" decoding=\"async\" loading=\"lazy\" srcset=\"https:\/\/www.marsaly.fr\/fred\/wp-content\/uploads\/2020\/08\/9782723320238_1_75-199x300.jpg 199w, https:\/\/www.marsaly.fr\/fred\/wp-content\/uploads\/2020\/08\/9782723320238_1_75.jpg 332w\" sizes=\"(max-width: 199px) 100vw, 199px\" \/><\/a>\n\t\t\t<\/dt><\/dl><dl class='gallery-item'>\n\t\t\t<dt class='gallery-icon portrait'>\n\t\t\t\t<a href='https:\/\/www.marsaly.fr\/fred\/des-avions-robin\/page_1\/'><img width=\"213\" height=\"300\" src=\"https:\/\/www.marsaly.fr\/fred\/wp-content\/uploads\/2020\/08\/page_1-213x300.jpg\" class=\"attachment-medium size-medium\" alt=\"\" decoding=\"async\" loading=\"lazy\" srcset=\"https:\/\/www.marsaly.fr\/fred\/wp-content\/uploads\/2020\/08\/page_1-213x300.jpg 213w, https:\/\/www.marsaly.fr\/fred\/wp-content\/uploads\/2020\/08\/page_1.jpg 355w\" sizes=\"(max-width: 213px) 100vw, 213px\" \/><\/a>\n\t\t\t<\/dt><\/dl><br style=\"clear: both\" \/>\n\t\t<\/div>\n\n<p style=\"text-align: justify;\">Plus complet mais d\u00e9sormais devenu un peu difficile \u00e0 trouver, bien que plus r\u00e9cent (2012), l&rsquo;ouvrage de r\u00e9f\u00e9rence demeure n\u00e9anmoins <a href=\"http:\/\/www.aerostories.org\/~aerobiblio\/article3735.html\">\u00ab\u00a0La Saga Robin\u00a0\u00bb<\/a> de Fran\u00e7ois Besse, auto\u00e9dit\u00e9 mais d\u00e9sormais \u00e9puis\u00e9. Situation finalement logique pour un travail d&rsquo;une qualit\u00e9 exceptionnelle, ce qui lui valut un coup de coeur m\u00e9rit\u00e9 de la part de <a href=\"http:\/\/www.aerostories.org\/~aerobiblio\/\">l&rsquo;A\u00e9robiblioth\u00e8que.<\/a><\/p>\n<p>Ainsi Pierre Robin s&rsquo;en est all\u00e9&#8230;<\/p>\n<p>&nbsp;<\/p>\n","protected":false},"excerpt":{"rendered":"<p>Ce 5 ao\u00fbt, nous apprenions la disparition de Pierre Robin, cr\u00e9ateur de nombreux avions l\u00e9gers qui ont fait, et qui font toujours, les beaux jours de nombreux a\u00e9roclubs et pilotes priv\u00e9s. Voici quelques un de ces avions crois\u00e9s ici ou &hellip; <a href=\"https:\/\/www.marsaly.fr\/fred\/des-avions-robin\/\">Continuer la lecture <span class=\"meta-nav\">&rarr;<\/span><\/a><\/p>\n","protected":false},"author":2,"featured_media":0,"comment_status":"open","ping_status":"open","sticky":false,"template":"","format":"standard","meta":[],"categories":[9,8,1],"tags":[],"_links":{"self":[{"href":"https:\/\/www.marsaly.fr\/fred\/wp-json\/wp\/v2\/posts\/7414"}],"collection":[{"href":"https:\/\/www.marsaly.fr\/fred\/wp-json\/wp\/v2\/posts"}],"about":[{"href":"https:\/\/www.marsaly.fr\/fred\/wp-json\/wp\/v2\/types\/post"}],"author":[{"embeddable":true,"href":"https:\/\/www.marsaly.fr\/fred\/wp-json\/wp\/v2\/users\/2"}],"replies":[{"embeddable":true,"href":"https:\/\/www.marsaly.fr\/fred\/wp-json\/wp\/v2\/comments?post=7414"}],"version-history":[{"count":11,"href":"https:\/\/www.marsaly.fr\/fred\/wp-json\/wp\/v2\/posts\/7414\/revisions"}],"predecessor-version":[{"id":7485,"href":"https:\/\/www.marsaly.fr\/fred\/wp-json\/wp\/v2\/posts\/7414\/revisions\/7485"}],"wp:attachment":[{"href":"https:\/\/www.marsaly.fr\/fred\/wp-json\/wp\/v2\/media?parent=7414"}],"wp:term":[{"taxonomy":"category","embeddable":true,"href":"https:\/\/www.marsaly.fr\/fred\/wp-json\/wp\/v2\/categories?post=7414"},{"taxonomy":"post_tag","embeddable":true,"href":"https:\/\/www.marsaly.fr\/fred\/wp-json\/wp\/v2\/tags?post=7414"}],"curies":[{"name":"wp","href":"https:\/\/api.w.org\/{rel}","templated":true}]}}