{"id":4307,"date":"2017-10-25T15:35:29","date_gmt":"2017-10-25T13:35:29","guid":{"rendered":"http:\/\/www.marsaly.fr\/fred\/?p=4307"},"modified":"2018-01-20T22:53:13","modified_gmt":"2018-01-20T21:53:13","slug":"aerial-firefighting-europe-2017","status":"publish","type":"post","link":"https:\/\/www.marsaly.fr\/fred\/aerial-firefighting-europe-2017\/","title":{"rendered":"Aerial Firefighting Europe 2017"},"content":{"rendered":"<p style=\"text-align: justify;\">La nouvelle \u00e9dition du cycle de conf\u00e9rences Aerial Firefighting Europe s&rsquo;est d\u00e9roul\u00e9e au c\u0153ur de la base du Groupement d&rsquo;Avions de la S\u00e9curit\u00e9 Civile \u00e0 N\u00eemes, profitant des <a href=\"http:\/\/www.marsaly.fr\/fred\/la-nouvelle-basc-de-nimes-a-ete-inauguree\/\">installations inaugur\u00e9es en mars dernier<\/a>. Ces nouveaux b\u00e2timents, destin\u00e9s aussi \u00e0 offrir \u00e0 la S\u00e9curit\u00e9 Civile fran\u00e7aise un rayonnement international, ont montr\u00e9-l\u00e0 tout leur int\u00e9r\u00eat.<a href=\"http:\/\/www.marsaly.fr\/fred\/wp-content\/uploads\/2017\/10\/AFF-bandeau.jpg\"><img decoding=\"async\" loading=\"lazy\" class=\"alignnone size-large wp-image-4314\" src=\"http:\/\/www.marsaly.fr\/fred\/wp-content\/uploads\/2017\/10\/AFF-bandeau-1024x149.jpg\" alt=\"\" width=\"584\" height=\"85\" srcset=\"https:\/\/www.marsaly.fr\/fred\/wp-content\/uploads\/2017\/10\/AFF-bandeau.jpg 1024w, https:\/\/www.marsaly.fr\/fred\/wp-content\/uploads\/2017\/10\/AFF-bandeau-300x44.jpg 300w, https:\/\/www.marsaly.fr\/fred\/wp-content\/uploads\/2017\/10\/AFF-bandeau-768x112.jpg 768w, https:\/\/www.marsaly.fr\/fred\/wp-content\/uploads\/2017\/10\/AFF-bandeau-500x73.jpg 500w\" sizes=\"(max-width: 584px) 100vw, 584px\" \/><\/a><\/p>\n<div id=\"attachment_4319\" style=\"width: 594px\" class=\"wp-caption alignnone\"><a href=\"http:\/\/www.marsaly.fr\/fred\/wp-content\/uploads\/2017\/10\/DSC_6065.jpg\"><img aria-describedby=\"caption-attachment-4319\" decoding=\"async\" loading=\"lazy\" class=\"wp-image-4319 size-large\" src=\"http:\/\/www.marsaly.fr\/fred\/wp-content\/uploads\/2017\/10\/DSC_6065-1024x678.jpg\" alt=\"\" width=\"584\" height=\"387\" srcset=\"https:\/\/www.marsaly.fr\/fred\/wp-content\/uploads\/2017\/10\/DSC_6065.jpg 1024w, https:\/\/www.marsaly.fr\/fred\/wp-content\/uploads\/2017\/10\/DSC_6065-300x199.jpg 300w, https:\/\/www.marsaly.fr\/fred\/wp-content\/uploads\/2017\/10\/DSC_6065-768x509.jpg 768w, https:\/\/www.marsaly.fr\/fred\/wp-content\/uploads\/2017\/10\/DSC_6065-453x300.jpg 453w\" sizes=\"(max-width: 584px) 100vw, 584px\" \/><\/a><p id=\"caption-attachment-4319\" class=\"wp-caption-text\">La nouvelle base de N\u00eemes vient d&rsquo;accueillir les conf\u00e9rences Aerial Firefighting et Search &amp; Rescue.<\/p><\/div>\n<p style=\"text-align: justify;\">Les conf\u00e9rences, nombreuses et d&rsquo;un tr\u00e8s haut int\u00e9r\u00eat, se sont tenues dans l&rsquo;amphith\u00e9\u00e2tre construit entre le b\u00e2timent de commandement et les premiers hangars. D&rsquo;une capacit\u00e9 de plus de 200 places, il s&rsquo;est av\u00e9r\u00e9 d&rsquo;une acoustique tr\u00e8s agr\u00e9able et, \u00e0 l&rsquo;instar de l&rsquo;autre b\u00e2timent, parfaitement insonoris\u00e9, les avions pouvant op\u00e9rer sur la piste toute proche sans g\u00eaner les intervenants.<\/p>\n<div id=\"attachment_4315\" style=\"width: 594px\" class=\"wp-caption alignnone\"><a href=\"http:\/\/www.marsaly.fr\/fred\/wp-content\/uploads\/2017\/10\/DSC_0285.jpg\"><img aria-describedby=\"caption-attachment-4315\" decoding=\"async\" loading=\"lazy\" class=\"wp-image-4315 size-large\" src=\"http:\/\/www.marsaly.fr\/fred\/wp-content\/uploads\/2017\/10\/DSC_0285-1024x678.jpg\" alt=\"\" width=\"584\" height=\"387\" srcset=\"https:\/\/www.marsaly.fr\/fred\/wp-content\/uploads\/2017\/10\/DSC_0285.jpg 1024w, https:\/\/www.marsaly.fr\/fred\/wp-content\/uploads\/2017\/10\/DSC_0285-300x199.jpg 300w, https:\/\/www.marsaly.fr\/fred\/wp-content\/uploads\/2017\/10\/DSC_0285-768x509.jpg 768w, https:\/\/www.marsaly.fr\/fred\/wp-content\/uploads\/2017\/10\/DSC_0285-453x300.jpg 453w\" sizes=\"(max-width: 584px) 100vw, 584px\" \/><\/a><p id=\"caption-attachment-4315\" class=\"wp-caption-text\">L\u2019amphith\u00e9\u00e2tre de la nouvelle base de N\u00eemes, un outil parfaitement adapt\u00e9 aux besoins de ce genre de manifestation.<\/p><\/div>\n<p style=\"text-align: justify;\">Dans le hangar attenant, faisant office en temps normal d&rsquo;escale pour les \u00e9quipes embarquant \u00e0 bord des deux <a href=\"http:\/\/www.marsaly.fr\/fred\/dash-8q400mr-10-ans-apres-les-polemiques-quel-bilan\/\">Q400MR<\/a> ou pour stocker le fret en attendant de le charger \u00e0 bord, de nombreuses entreprises du secteur avaient mont\u00e9 leurs stands pour pr\u00e9senter leurs produits et leurs comp\u00e9tences.<\/p>\n<p style=\"text-align: justify;\">Elles \u00e9taient nombreuses et souvent repr\u00e9sent\u00e9es par leurs patrons en personne, signe que pour elles, venir \u00e0 la rencontre des clients (et aussi des concurrents) n&rsquo;est pas pris \u00e0 la l\u00e9g\u00e8re. Neptune Aviation, <a href=\"http:\/\/www.marsaly.fr\/fred\/rj-85at-airtanker-version-conair\/\">Conair<\/a>, Air Spray, <a href=\"http:\/\/www.marsaly.fr\/fred\/la-renaissance-du-boeing-747-supertanker\/\">Global Supertanker<\/a>, <a href=\"http:\/\/www.marsaly.fr\/fred\/coulson-boeing-737-airtanker\/\">Coulson Aviation<\/a>, <a href=\"http:\/\/www.marsaly.fr\/fred\/viking-relance-le-cl-415\/\">Viking<\/a>, Airbus Group, Air Tractor Europe, BAe Systems, Babcock, DynCorp, Sabena Technics, 10 Tankers, Biogema, Standard Aero, H\u00e9li Union, Simplex, entre-autres, et de multiples op\u00e9rateurs de drones avaient chacun leur espace pour recevoir les d\u00e9l\u00e9gations et les congressistes afin de pr\u00e9senter leurs produits et services.<\/p>\n<div id=\"attachment_4316\" style=\"width: 594px\" class=\"wp-caption alignnone\"><a href=\"http:\/\/www.marsaly.fr\/fred\/wp-content\/uploads\/2017\/10\/DSC_0449.jpg\"><img aria-describedby=\"caption-attachment-4316\" decoding=\"async\" loading=\"lazy\" class=\"wp-image-4316 size-large\" src=\"http:\/\/www.marsaly.fr\/fred\/wp-content\/uploads\/2017\/10\/DSC_0449-1024x538.jpg\" alt=\"\" width=\"584\" height=\"307\" srcset=\"https:\/\/www.marsaly.fr\/fred\/wp-content\/uploads\/2017\/10\/DSC_0449.jpg 1024w, https:\/\/www.marsaly.fr\/fred\/wp-content\/uploads\/2017\/10\/DSC_0449-300x158.jpg 300w, https:\/\/www.marsaly.fr\/fred\/wp-content\/uploads\/2017\/10\/DSC_0449-768x404.jpg 768w, https:\/\/www.marsaly.fr\/fred\/wp-content\/uploads\/2017\/10\/DSC_0449-500x263.jpg 500w\" sizes=\"(max-width: 584px) 100vw, 584px\" \/><\/a><p id=\"caption-attachment-4316\" class=\"wp-caption-text\">Neptune Aviation et Air Spray tenaient stand commun avec BAe Systems pour mettre en valeur le BAe 146 et le RJ85AT en tant que tanker de l&rsquo;avenir. Conair avait son stand juste \u00e0 c\u00f4t\u00e9.<\/p><\/div>\n<p style=\"text-align: justify;\">Plus d&rsquo;une quarantaine de stands, c&rsquo;est le signe que la manifestation <a href=\"http:\/\/www.marsaly.fr\/fred\/zadar-aff2015-europe\/\">AFF<\/a> est d\u00e9sormais bien \u00e9tablie et que les entreprises concern\u00e9es ont compris qu&rsquo;elles avaient l\u00e0 un salon sp\u00e9cialis\u00e9 en petit comit\u00e9 bien plus efficace et rentable que les manifestations majeures dans lesquelles les PME du secteur sont bien souvent invisibles. Les longues pauses entre les conf\u00e9rences, indispensables pour aller \u00e0 la rencontre de ces professionnels, se sont av\u00e9r\u00e9es parfois&#8230; bien trop courtes.<\/p>\n<p style=\"text-align: justify;\">Le deuxi\u00e8me jour, une heure et demie de d\u00e9monstrations en vol \u00e9tait pr\u00e9vue avec en \u00ab\u00a0clou du spectacle\u00a0\u00bb une man\u0153uvre internationale effectu\u00e9e par un CL-415 croate, deux CL-415 italien et un CL-415 espagnol venus pour l&rsquo;occasion.<\/p>\n<div id=\"attachment_4317\" style=\"width: 594px\" class=\"wp-caption alignnone\"><a href=\"http:\/\/www.marsaly.fr\/fred\/wp-content\/uploads\/2017\/10\/DSC_4873.jpg\"><img aria-describedby=\"caption-attachment-4317\" decoding=\"async\" loading=\"lazy\" class=\"wp-image-4317 size-large\" src=\"http:\/\/www.marsaly.fr\/fred\/wp-content\/uploads\/2017\/10\/DSC_4873-1024x624.jpg\" alt=\"\" width=\"584\" height=\"356\" srcset=\"https:\/\/www.marsaly.fr\/fred\/wp-content\/uploads\/2017\/10\/DSC_4873.jpg 1024w, https:\/\/www.marsaly.fr\/fred\/wp-content\/uploads\/2017\/10\/DSC_4873-300x183.jpg 300w, https:\/\/www.marsaly.fr\/fred\/wp-content\/uploads\/2017\/10\/DSC_4873-768x468.jpg 768w, https:\/\/www.marsaly.fr\/fred\/wp-content\/uploads\/2017\/10\/DSC_4873-492x300.jpg 492w\" sizes=\"(max-width: 584px) 100vw, 584px\" \/><\/a><p id=\"caption-attachment-4317\" class=\"wp-caption-text\">Le Canadair 23 des Vigili del Fueco italiens en tr\u00e8s courte finale lors de son arriv\u00e9e \u00e0 N\u00eemes le 15 octobre.<\/p><\/div>\n<p style=\"text-align: justify;\">Ils devaient op\u00e9rer conjointement avec des avions fran\u00e7ais, malheureusement cette d\u00e9monstration a \u00e9t\u00e9 annul\u00e9e \u00e0 la derni\u00e8re minute. L&rsquo;explication, non officielle, qui a parcourue les all\u00e9es de l&rsquo;AFF, \u00e9tait qu&rsquo;en raison du nouveau drame touchant le Portugal, il aurait \u00e9t\u00e9 tr\u00e8s malvenu, voire d\u00e9plac\u00e9, de faire voler les avions pour faire le spectacle. Les avions fran\u00e7ais ont d&rsquo;ailleurs failli partir pour la p\u00e9ninsule ib\u00e9rique selon la proc\u00e9dure d&rsquo;urgence europ\u00e9enne, mais la m\u00e9t\u00e9o sur le chemin, avec notamment un fort risque de givrage, a fait que les \u00e9quipages sont finalement rest\u00e9s \u00e0 N\u00eemes apr\u00e8s une longue attente.<\/p>\n<div id=\"attachment_4318\" style=\"width: 594px\" class=\"wp-caption alignnone\"><a href=\"http:\/\/www.marsaly.fr\/fred\/wp-content\/uploads\/2017\/10\/DSC_0152.jpg\"><img aria-describedby=\"caption-attachment-4318\" decoding=\"async\" loading=\"lazy\" class=\"wp-image-4318 size-large\" src=\"http:\/\/www.marsaly.fr\/fred\/wp-content\/uploads\/2017\/10\/DSC_0152-1024x447.jpg\" alt=\"\" width=\"584\" height=\"255\" srcset=\"https:\/\/www.marsaly.fr\/fred\/wp-content\/uploads\/2017\/10\/DSC_0152.jpg 1024w, https:\/\/www.marsaly.fr\/fred\/wp-content\/uploads\/2017\/10\/DSC_0152-300x131.jpg 300w, https:\/\/www.marsaly.fr\/fred\/wp-content\/uploads\/2017\/10\/DSC_0152-768x335.jpg 768w, https:\/\/www.marsaly.fr\/fred\/wp-content\/uploads\/2017\/10\/DSC_0152-500x218.jpg 500w\" sizes=\"(max-width: 584px) 100vw, 584px\" \/><\/a><p id=\"caption-attachment-4318\" class=\"wp-caption-text\">CL-415 croates, italiens, espagnols et fran\u00e7ais \u00e9taient visibles au statique uniquement. Notez le Casa de l&rsquo;aviation portugaise en train d&rsquo;arriver sur le parking.<\/p><\/div>\n<p>N\u00e9anmoins, deux Air Tractor, un AT-802F et un FireBoss, dont un des avions utilis\u00e9s dans l&rsquo;H\u00e9rault par le SDIS 34 cet \u00e9t\u00e9, ont assur\u00e9 le show pour la partie \u00ab\u00a0ailes fixes\u00a0\u00bb.<\/p>\n<div id=\"attachment_4320\" style=\"width: 594px\" class=\"wp-caption alignnone\"><a href=\"http:\/\/www.marsaly.fr\/fred\/wp-content\/uploads\/2017\/10\/DSC_5331.jpg\"><img aria-describedby=\"caption-attachment-4320\" decoding=\"async\" loading=\"lazy\" class=\"wp-image-4320 size-large\" src=\"http:\/\/www.marsaly.fr\/fred\/wp-content\/uploads\/2017\/10\/DSC_5331-1024x709.jpg\" alt=\"\" width=\"584\" height=\"404\" srcset=\"https:\/\/www.marsaly.fr\/fred\/wp-content\/uploads\/2017\/10\/DSC_5331.jpg 1024w, https:\/\/www.marsaly.fr\/fred\/wp-content\/uploads\/2017\/10\/DSC_5331-300x208.jpg 300w, https:\/\/www.marsaly.fr\/fred\/wp-content\/uploads\/2017\/10\/DSC_5331-768x532.jpg 768w, https:\/\/www.marsaly.fr\/fred\/wp-content\/uploads\/2017\/10\/DSC_5331-433x300.jpg 433w\" sizes=\"(max-width: 584px) 100vw, 584px\" \/><\/a><p id=\"caption-attachment-4320\" class=\"wp-caption-text\">Un des trois AT-802F, ici le biplace, op\u00e9r\u00e9s en \u00e9t\u00e9 par l&rsquo;H\u00e9rault est venu effectuer deux largages de d\u00e9monstration.<\/p><\/div>\n<div id=\"attachment_4321\" style=\"width: 594px\" class=\"wp-caption alignnone\"><a href=\"http:\/\/www.marsaly.fr\/fred\/wp-content\/uploads\/2017\/10\/DSC_5570.jpg\"><img aria-describedby=\"caption-attachment-4321\" decoding=\"async\" loading=\"lazy\" class=\"wp-image-4321 size-large\" src=\"http:\/\/www.marsaly.fr\/fred\/wp-content\/uploads\/2017\/10\/DSC_5570-1024x574.jpg\" alt=\"\" width=\"584\" height=\"327\" srcset=\"https:\/\/www.marsaly.fr\/fred\/wp-content\/uploads\/2017\/10\/DSC_5570.jpg 1024w, https:\/\/www.marsaly.fr\/fred\/wp-content\/uploads\/2017\/10\/DSC_5570-300x168.jpg 300w, https:\/\/www.marsaly.fr\/fred\/wp-content\/uploads\/2017\/10\/DSC_5570-768x431.jpg 768w, https:\/\/www.marsaly.fr\/fred\/wp-content\/uploads\/2017\/10\/DSC_5570-500x280.jpg 500w\" sizes=\"(max-width: 584px) 100vw, 584px\" \/><\/a><p id=\"caption-attachment-4321\" class=\"wp-caption-text\">L&rsquo;amphibie FireBoss venu d&rsquo;Espagne au retour de sa d\u00e9monstration.<\/p><\/div>\n<p style=\"text-align: justify;\">La partie \u00ab\u00a0voilure tournante\u00a0\u00bb a donn\u00e9 lieu \u00e0 un show \u00e9tonnant d&rsquo;un superbe \u00c9cureuil de la soci\u00e9t\u00e9 Chamonix-Mont-Blanc H\u00e9licopt\u00e8res (CMBH) qui a assur\u00e9 en un laps de temps tr\u00e8s court plusieurs largages avec un \u00ab\u00a0bambi bucket\u00a0\u00bb, l&rsquo;acheminement de mat\u00e9riel et de sapeurs pompiers, faisant la d\u00e9monstration de la polyvalence des h\u00e9licos dans la lutte contre les feux.<\/p>\n<div id=\"attachment_4324\" style=\"width: 594px\" class=\"wp-caption alignnone\"><a href=\"http:\/\/www.marsaly.fr\/fred\/wp-content\/uploads\/2017\/10\/DSC_4976.jpg\"><img aria-describedby=\"caption-attachment-4324\" decoding=\"async\" loading=\"lazy\" class=\"wp-image-4324 size-large\" src=\"http:\/\/www.marsaly.fr\/fred\/wp-content\/uploads\/2017\/10\/DSC_4976-1024x678.jpg\" alt=\"\" width=\"584\" height=\"387\" srcset=\"https:\/\/www.marsaly.fr\/fred\/wp-content\/uploads\/2017\/10\/DSC_4976.jpg 1024w, https:\/\/www.marsaly.fr\/fred\/wp-content\/uploads\/2017\/10\/DSC_4976-300x199.jpg 300w, https:\/\/www.marsaly.fr\/fred\/wp-content\/uploads\/2017\/10\/DSC_4976-768x509.jpg 768w, https:\/\/www.marsaly.fr\/fred\/wp-content\/uploads\/2017\/10\/DSC_4976-453x300.jpg 453w\" sizes=\"(max-width: 584px) 100vw, 584px\" \/><\/a><p id=\"caption-attachment-4324\" class=\"wp-caption-text\">Le \u00ab\u00a0B3\u00a0\u00bb de Chamonix-Mont-Blanc H\u00e9licopt\u00e8res, porteur d&rsquo;une spectaculaire livr\u00e9e, peut assurer de multiples missions dans le cadre des op\u00e9rations feux de for\u00eat.<\/p><\/div>\n<p style=\"text-align: justify;\">Un <a href=\"http:\/\/www.marsaly.fr\/fred\/operation-levage-a-la-defense\/\">Bell d&rsquo;H\u00e9li Protection<\/a> a \u00e9galement montr\u00e9 ses capacit\u00e9s gr\u00e2ce \u00e0 son kit de largage.<\/p>\n<div id=\"attachment_4323\" style=\"width: 594px\" class=\"wp-caption alignnone\"><a href=\"http:\/\/www.marsaly.fr\/fred\/wp-content\/uploads\/2017\/10\/DSC_0407.jpg\"><img aria-describedby=\"caption-attachment-4323\" decoding=\"async\" loading=\"lazy\" class=\"wp-image-4323 size-large\" src=\"http:\/\/www.marsaly.fr\/fred\/wp-content\/uploads\/2017\/10\/DSC_0407-1024x732.jpg\" alt=\"\" width=\"584\" height=\"417\" srcset=\"https:\/\/www.marsaly.fr\/fred\/wp-content\/uploads\/2017\/10\/DSC_0407.jpg 1024w, https:\/\/www.marsaly.fr\/fred\/wp-content\/uploads\/2017\/10\/DSC_0407-300x214.jpg 300w, https:\/\/www.marsaly.fr\/fred\/wp-content\/uploads\/2017\/10\/DSC_0407-768x549.jpg 768w, https:\/\/www.marsaly.fr\/fred\/wp-content\/uploads\/2017\/10\/DSC_0407-420x300.jpg 420w\" sizes=\"(max-width: 584px) 100vw, 584px\" \/><\/a><p id=\"caption-attachment-4323\" class=\"wp-caption-text\">Bell 212 dot\u00e9 d&rsquo;un kit HBE. La pr\u00e9cision de son pilotage lui permet de pomper sa charge dans des points d&rsquo;eau d&rsquo;une surface tr\u00e8s r\u00e9duite. L&rsquo;aspect un peu terne de cette photo est li\u00e9 au contre-jour&#8230; et au sable soulev\u00e9 par le rotor !<\/p><\/div>\n<div id=\"attachment_4330\" style=\"width: 594px\" class=\"wp-caption alignnone\"><a href=\"http:\/\/www.marsaly.fr\/fred\/wp-content\/uploads\/2017\/10\/DSC_5293.jpg\"><img aria-describedby=\"caption-attachment-4330\" decoding=\"async\" loading=\"lazy\" class=\"wp-image-4330 size-large\" src=\"http:\/\/www.marsaly.fr\/fred\/wp-content\/uploads\/2017\/10\/DSC_5293-1024x678.jpg\" alt=\"\" width=\"584\" height=\"387\" srcset=\"https:\/\/www.marsaly.fr\/fred\/wp-content\/uploads\/2017\/10\/DSC_5293.jpg 1024w, https:\/\/www.marsaly.fr\/fred\/wp-content\/uploads\/2017\/10\/DSC_5293-300x199.jpg 300w, https:\/\/www.marsaly.fr\/fred\/wp-content\/uploads\/2017\/10\/DSC_5293-768x509.jpg 768w, https:\/\/www.marsaly.fr\/fred\/wp-content\/uploads\/2017\/10\/DSC_5293-453x300.jpg 453w\" sizes=\"(max-width: 584px) 100vw, 584px\" \/><\/a><p id=\"caption-attachment-4330\" class=\"wp-caption-text\">Appareil rare dans les cieux europ\u00e9ens, le Kmax a \u00e9t\u00e9 la vedette des d\u00e9mos en vol de l&rsquo;AFF. Cel\u00e0 se traduira-t-il par des contrats feux de for\u00eat ? L&rsquo;avenir le dira !<\/p><\/div>\n<div id=\"attachment_4328\" style=\"width: 209px\" class=\"wp-caption alignleft\"><a href=\"http:\/\/www.marsaly.fr\/fred\/wp-content\/uploads\/2017\/10\/Kaman2.jpg\"><img aria-describedby=\"caption-attachment-4328\" decoding=\"async\" loading=\"lazy\" class=\"wp-image-4328 size-medium\" src=\"http:\/\/www.marsaly.fr\/fred\/wp-content\/uploads\/2017\/10\/Kaman2-199x300.jpg\" alt=\"\" width=\"199\" height=\"300\" srcset=\"https:\/\/www.marsaly.fr\/fred\/wp-content\/uploads\/2017\/10\/Kaman2-199x300.jpg 199w, https:\/\/www.marsaly.fr\/fred\/wp-content\/uploads\/2017\/10\/Kaman2.jpg 530w\" sizes=\"(max-width: 199px) 100vw, 199px\" \/><\/a><p id=\"caption-attachment-4328\" class=\"wp-caption-text\">De l&rsquo;aveu du pilote, le Kmax est bien plus stable avec un bambi Bucket sous une \u00ab\u00a0long-line\u00a0\u00bb qu&rsquo;avec un kit ventral.<\/p><\/div>\n<p style=\"text-align: justify;\">Mais c&rsquo;est le Kaman Kmax de la soci\u00e9t\u00e9 suisse Rotex qui a effectivement \u00e9t\u00e9 la grande vedette de l&rsquo;AFF. Avec sa configuration in\u00e9dite de rotors entrecrois\u00e9s, son niveau sonore relativement faible et surtout sa capacit\u00e9 d&#8217;emport, largement sup\u00e9rieure \u00e0 sa masse \u00e0 vide, l&rsquo;appareil monoplace a fait sensation.<\/p>\n<p style=\"text-align: justify;\">Le Kmax, produit \u00e0 peu d&rsquo;exemplaires, une soixantaine environ, est un appareil extr\u00eamement sp\u00e9cialis\u00e9. Il a vu sa production s&rsquo;interrompre quelques ann\u00e9es. Elle a d\u00e9sormais \u00e9t\u00e9 relanc\u00e9e car cet h\u00e9licopt\u00e8re, dont une version dronis\u00e9e a \u00e9t\u00e9 utilis\u00e9e par l&rsquo;arm\u00e9e am\u00e9ricaine en Afghanistan, poss\u00e8de effectivement des capacit\u00e9s uniques pour les op\u00e9rations de travail a\u00e9rien, notamment pour le levage, mission pour laquelle il est principalement utilis\u00e9 par Rotex en milieu forestier. Il est aussi utilis\u00e9 sur feux aux USA avec un certain succ\u00e8s.<\/p>\n<p style=\"text-align: justify;\">Ces d\u00e9monstrations ont \u00e9t\u00e9 compl\u00e9t\u00e9es par celles de deux drones, l&rsquo;un de reconnaissance, l&rsquo;autre, plus \u00e9tonnant, capable de soulever une lance \u00e0 eau \u00e0 une hauteur sup\u00e9rieure \u00e0 celle d&rsquo;une grande \u00e9chelle de pompiers pour op\u00e9rer sur des immeubles grande-hauteur, par exemple, mais aussi, pourquoi pas, contre des arbres en feu.<\/p>\n<div id=\"attachment_4331\" style=\"width: 594px\" class=\"wp-caption alignnone\"><a href=\"http:\/\/www.marsaly.fr\/fred\/wp-content\/uploads\/2017\/10\/drone.jpg\"><img aria-describedby=\"caption-attachment-4331\" decoding=\"async\" loading=\"lazy\" class=\"wp-image-4331 size-large\" src=\"http:\/\/www.marsaly.fr\/fred\/wp-content\/uploads\/2017\/10\/drone-1024x553.jpg\" alt=\"\" width=\"584\" height=\"315\" srcset=\"https:\/\/www.marsaly.fr\/fred\/wp-content\/uploads\/2017\/10\/drone.jpg 1024w, https:\/\/www.marsaly.fr\/fred\/wp-content\/uploads\/2017\/10\/drone-300x162.jpg 300w, https:\/\/www.marsaly.fr\/fred\/wp-content\/uploads\/2017\/10\/drone-768x415.jpg 768w, https:\/\/www.marsaly.fr\/fred\/wp-content\/uploads\/2017\/10\/drone-500x270.jpg 500w\" sizes=\"(max-width: 584px) 100vw, 584px\" \/><\/a><p id=\"caption-attachment-4331\" class=\"wp-caption-text\">Le multirotor d&rsquo;Aerones est capable de soulever un homme. Il peut aussi lever une lance \u00e0 incendie.<\/p><\/div>\n<p style=\"text-align: justify;\">Au cours du d\u00eener de gala offert aux congressistes le premier soir, le <a href=\"http:\/\/www.marsaly.fr\/fred\/walt-darran-international-aerial-firefighting-award\/\">Walt Darran International Fire Fighting Award<\/a> a \u00e9t\u00e9 d\u00e9cern\u00e9 \u00e0 l&rsquo;ancien pilote de la S\u00e9curit\u00e9 Civile, Jacques Bonneval.<\/p>\n<p style=\"text-align: justify;\">L&rsquo;AFF a \u00e9t\u00e9 suivi de deux jours de conf\u00e9rences concernant le Search &amp; Rescue. Si le salon \u00e9tait plus modeste, ce cycle n&rsquo;en \u00e9tant qu&rsquo;\u00e0 sa troisi\u00e8me \u00e9dition mais ne demande qu&rsquo;\u00e0 se d\u00e9velopper sur le mod\u00e8le de l&rsquo;AFF, les conf\u00e9rences \u00e9taient \u00e9galement d&rsquo;un tr\u00e8s haut int\u00e9r\u00eat comme celle offerte par le Colonel Thierry Carret sur les op\u00e9rations de secours apr\u00e8s le drame de l&rsquo;A320 de la German Wing ou celle de Damien Olivier sur la privatisation du SAR britannique.<\/p>\n<p style=\"text-align: justify;\">Deux h\u00e9licopt\u00e8res \u00e9taient expos\u00e9s \u00e0 l&rsquo;occasion, un magnifique S-92 britannique et un H225 d&rsquo;H\u00e9li Union. Un Partenavia P68 \u00ab\u00a0Observer\u00a0\u00bb \u00e9tait \u00e9galement pr\u00e9sent.<\/p>\n<div id=\"attachment_4332\" style=\"width: 594px\" class=\"wp-caption alignnone\"><a href=\"http:\/\/www.marsaly.fr\/fred\/wp-content\/uploads\/2017\/10\/DSC_6162.jpg\"><img aria-describedby=\"caption-attachment-4332\" decoding=\"async\" loading=\"lazy\" class=\"wp-image-4332 size-large\" src=\"http:\/\/www.marsaly.fr\/fred\/wp-content\/uploads\/2017\/10\/DSC_6162-1024x516.jpg\" alt=\"\" width=\"584\" height=\"294\" srcset=\"https:\/\/www.marsaly.fr\/fred\/wp-content\/uploads\/2017\/10\/DSC_6162.jpg 1024w, https:\/\/www.marsaly.fr\/fred\/wp-content\/uploads\/2017\/10\/DSC_6162-300x151.jpg 300w, https:\/\/www.marsaly.fr\/fred\/wp-content\/uploads\/2017\/10\/DSC_6162-768x387.jpg 768w, https:\/\/www.marsaly.fr\/fred\/wp-content\/uploads\/2017\/10\/DSC_6162-500x252.jpg 500w\" sizes=\"(max-width: 584px) 100vw, 584px\" \/><\/a><p id=\"caption-attachment-4332\" class=\"wp-caption-text\">Le retrait de service des Sea King a entra\u00een\u00e9 la privatisation du SAR britannique et la mise en service des Sikorsky S-92A.<\/p><\/div>\n<div id=\"attachment_4333\" style=\"width: 594px\" class=\"wp-caption alignnone\"><a href=\"http:\/\/www.marsaly.fr\/fred\/wp-content\/uploads\/2017\/10\/DSC_6145.jpg\"><img aria-describedby=\"caption-attachment-4333\" decoding=\"async\" loading=\"lazy\" class=\"wp-image-4333 size-large\" src=\"http:\/\/www.marsaly.fr\/fred\/wp-content\/uploads\/2017\/10\/DSC_6145-1024x678.jpg\" alt=\"\" width=\"584\" height=\"387\" srcset=\"https:\/\/www.marsaly.fr\/fred\/wp-content\/uploads\/2017\/10\/DSC_6145.jpg 1024w, https:\/\/www.marsaly.fr\/fred\/wp-content\/uploads\/2017\/10\/DSC_6145-300x199.jpg 300w, https:\/\/www.marsaly.fr\/fred\/wp-content\/uploads\/2017\/10\/DSC_6145-768x509.jpg 768w, https:\/\/www.marsaly.fr\/fred\/wp-content\/uploads\/2017\/10\/DSC_6145-453x300.jpg 453w\" sizes=\"(max-width: 584px) 100vw, 584px\" \/><\/a><p id=\"caption-attachment-4333\" class=\"wp-caption-text\">H\u00e9li Union, exploitant majeur de voilures tournantes, a pr\u00e9sent\u00e9 un de ses H225 \u00e0 N\u00eemes.<\/p><\/div>\n<p style=\"text-align: justify;\">Aucune d\u00e9monstration en vol n&rsquo;a \u00e9t\u00e9 effectu\u00e9e mais les congressistes ont \u00e9t\u00e9 invit\u00e9s de l&rsquo;autre c\u00f4t\u00e9 de la piste \u00e0 assister au soixantenaire du Groupement H\u00e9licopt\u00e8re de la S\u00e9curit\u00e9 Civile et aux r\u00e9p\u00e9titions des d\u00e9monstrations en vol de la journ\u00e9e portes-ouvertes qui s&rsquo;est d\u00e9roul\u00e9e le lendemain.<\/p>\n<div id=\"attachment_4334\" style=\"width: 594px\" class=\"wp-caption alignnone\"><a href=\"http:\/\/www.marsaly.fr\/fred\/wp-content\/uploads\/2017\/10\/Radis-1024.jpg\"><img aria-describedby=\"caption-attachment-4334\" decoding=\"async\" loading=\"lazy\" class=\"wp-image-4334 size-large\" src=\"http:\/\/www.marsaly.fr\/fred\/wp-content\/uploads\/2017\/10\/Radis-1024-1024x642.jpg\" alt=\"\" width=\"584\" height=\"366\" srcset=\"https:\/\/www.marsaly.fr\/fred\/wp-content\/uploads\/2017\/10\/Radis-1024.jpg 1024w, https:\/\/www.marsaly.fr\/fred\/wp-content\/uploads\/2017\/10\/Radis-1024-300x188.jpg 300w, https:\/\/www.marsaly.fr\/fred\/wp-content\/uploads\/2017\/10\/Radis-1024-768x482.jpg 768w, https:\/\/www.marsaly.fr\/fred\/wp-content\/uploads\/2017\/10\/Radis-1024-479x300.jpg 479w\" sizes=\"(max-width: 584px) 100vw, 584px\" \/><\/a><p id=\"caption-attachment-4334\" class=\"wp-caption-text\">Les avions de la S\u00e9curit\u00e9 Civile, deux Tracker et deux Canadair ont r\u00e9p\u00e9t\u00e9 leur d\u00e9monstration la veille de la journ\u00e9e portes-ouvertes.<\/p><\/div>\n<p style=\"text-align: justify;\">Parce que l&rsquo;organisation d&rsquo;\u00e9v\u00e8nements de cet importance peut d\u00e9sormais se faire au plus pr\u00e8s de la piste de Garons, sans interf\u00e9rer avec l&rsquo;activit\u00e9 quotidienne des avions de la S\u00e9curit\u00e9 Civile, tout en disposant d&rsquo;un vaste espace abrit\u00e9 pour les stands et d&rsquo;un amphith\u00e9\u00e2tre bien adapt\u00e9 pour les conf\u00e9rences, Tangent Link a annonc\u00e9 que le prochain AFF Europe, en 2019, se d\u00e9roulera \u00e9galement \u00e0 N\u00eemes.<\/p>\n","protected":false},"excerpt":{"rendered":"<p>La nouvelle \u00e9dition du cycle de conf\u00e9rences Aerial Firefighting Europe s&rsquo;est d\u00e9roul\u00e9e au c\u0153ur de la base du Groupement d&rsquo;Avions de la S\u00e9curit\u00e9 Civile \u00e0 N\u00eemes, profitant des installations inaugur\u00e9es en mars dernier. Ces nouveaux b\u00e2timents, destin\u00e9s aussi \u00e0 offrir &hellip; <a href=\"https:\/\/www.marsaly.fr\/fred\/aerial-firefighting-europe-2017\/\">Continuer la lecture <span class=\"meta-nav\">&rarr;<\/span><\/a><\/p>\n","protected":false},"author":2,"featured_media":0,"comment_status":"open","ping_status":"open","sticky":false,"template":"","format":"standard","meta":[],"categories":[3],"tags":[180,66,67],"_links":{"self":[{"href":"https:\/\/www.marsaly.fr\/fred\/wp-json\/wp\/v2\/posts\/4307"}],"collection":[{"href":"https:\/\/www.marsaly.fr\/fred\/wp-json\/wp\/v2\/posts"}],"about":[{"href":"https:\/\/www.marsaly.fr\/fred\/wp-json\/wp\/v2\/types\/post"}],"author":[{"embeddable":true,"href":"https:\/\/www.marsaly.fr\/fred\/wp-json\/wp\/v2\/users\/2"}],"replies":[{"embeddable":true,"href":"https:\/\/www.marsaly.fr\/fred\/wp-json\/wp\/v2\/comments?post=4307"}],"version-history":[{"count":13,"href":"https:\/\/www.marsaly.fr\/fred\/wp-json\/wp\/v2\/posts\/4307\/revisions"}],"predecessor-version":[{"id":4344,"href":"https:\/\/www.marsaly.fr\/fred\/wp-json\/wp\/v2\/posts\/4307\/revisions\/4344"}],"wp:attachment":[{"href":"https:\/\/www.marsaly.fr\/fred\/wp-json\/wp\/v2\/media?parent=4307"}],"wp:term":[{"taxonomy":"category","embeddable":true,"href":"https:\/\/www.marsaly.fr\/fred\/wp-json\/wp\/v2\/categories?post=4307"},{"taxonomy":"post_tag","embeddable":true,"href":"https:\/\/www.marsaly.fr\/fred\/wp-json\/wp\/v2\/tags?post=4307"}],"curies":[{"name":"wp","href":"https:\/\/api.w.org\/{rel}","templated":true}]}}