{"id":372,"date":"2015-07-20T15:46:09","date_gmt":"2015-07-20T13:46:09","guid":{"rendered":"http:\/\/www.marsaly.fr\/fred\/?p=372"},"modified":"2017-11-05T19:07:59","modified_gmt":"2017-11-05T18:07:59","slug":"abcdair-de-la-chasse-embarquee-privat","status":"publish","type":"post","link":"https:\/\/www.marsaly.fr\/fred\/abcdair-de-la-chasse-embarquee-privat\/","title":{"rendered":"ABCD\u2019Air de la chasse embarqu\u00e9e, Privat"},"content":{"rendered":"<p style=\"text-align: justify;\"><em><span style=\"font-family: Verdana; font-size: small;\">Apr\u00e8s la p<\/span><a href=\"http:\/\/www.marsaly.fr\/fred\/wp-content\/uploads\/2015\/07\/arton4794.jpg\"><img decoding=\"async\" loading=\"lazy\" class=\" size-full wp-image-373 alignleft\" src=\"http:\/\/www.marsaly.fr\/fred\/wp-content\/uploads\/2015\/07\/arton4794.jpg\" alt=\"arton4794\" width=\"142\" height=\"226\" \/><\/a><span style=\"font-family: Verdana; font-size: small;\">ublication de l\u2019<a class=\"spip_in\" href=\"http:\/\/www.aerostories.org\/%7Eaerobiblio\/article4093.html\">ABCD\u2019Air de l\u2019avion de combat<\/a> en 2013, Philippe N\u00f4tre r\u00e9cidive, cette fois-ci du c\u00f4t\u00e9 de Landivisiau et du Charles de Gaulle pour l\u2019ABCD\u2019Air de la chasse embarqu<\/span><\/em><span style=\"font-family: Verdana; font-size: small;\"><em>\u00e9e. Il s\u2019est adjoint les services de St\u00e9phane le Hir, 2700 heures de vol sur SEM et Rafale pour le titre de co-auteur et de consultant privil\u00e9gi\u00e9. (&#8230;)<\/em><br \/>\n<\/span><\/p>\n<p><a href=\"http:\/\/www.aerostories.org\/~aerobiblio\/article4794.html\">La suite \u00e0 lire sur l&rsquo;A\u00e9robiblioth\u00e8que.<\/a><\/p>\n<p>&nbsp;<\/p>\n<p>&nbsp;<\/p>\n","protected":false},"excerpt":{"rendered":"<p>Apr\u00e8s la publication de l\u2019ABCD\u2019Air de l\u2019avion de combat en 2013, Philippe N\u00f4tre r\u00e9cidive, cette fois-ci du c\u00f4t\u00e9 de Landivisiau et du Charles de Gaulle pour l\u2019ABCD\u2019Air de la chasse embarqu\u00e9e. Il s\u2019est adjoint les services de St\u00e9phane le Hir, &hellip; <a href=\"https:\/\/www.marsaly.fr\/fred\/abcdair-de-la-chasse-embarquee-privat\/\">Continuer la lecture <span class=\"meta-nav\">&rarr;<\/span><\/a><\/p>\n","protected":false},"author":2,"featured_media":0,"comment_status":"open","ping_status":"open","sticky":false,"template":"","format":"standard","meta":[],"categories":[5],"tags":[],"_links":{"self":[{"href":"https:\/\/www.marsaly.fr\/fred\/wp-json\/wp\/v2\/posts\/372"}],"collection":[{"href":"https:\/\/www.marsaly.fr\/fred\/wp-json\/wp\/v2\/posts"}],"about":[{"href":"https:\/\/www.marsaly.fr\/fred\/wp-json\/wp\/v2\/types\/post"}],"author":[{"embeddable":true,"href":"https:\/\/www.marsaly.fr\/fred\/wp-json\/wp\/v2\/users\/2"}],"replies":[{"embeddable":true,"href":"https:\/\/www.marsaly.fr\/fred\/wp-json\/wp\/v2\/comments?post=372"}],"version-history":[{"count":5,"href":"https:\/\/www.marsaly.fr\/fred\/wp-json\/wp\/v2\/posts\/372\/revisions"}],"predecessor-version":[{"id":4412,"href":"https:\/\/www.marsaly.fr\/fred\/wp-json\/wp\/v2\/posts\/372\/revisions\/4412"}],"wp:attachment":[{"href":"https:\/\/www.marsaly.fr\/fred\/wp-json\/wp\/v2\/media?parent=372"}],"wp:term":[{"taxonomy":"category","embeddable":true,"href":"https:\/\/www.marsaly.fr\/fred\/wp-json\/wp\/v2\/categories?post=372"},{"taxonomy":"post_tag","embeddable":true,"href":"https:\/\/www.marsaly.fr\/fred\/wp-json\/wp\/v2\/tags?post=372"}],"curies":[{"name":"wp","href":"https:\/\/api.w.org\/{rel}","templated":true}]}}