{"id":8330,"date":"2022-09-27T09:13:25","date_gmt":"2022-09-27T07:13:25","guid":{"rendered":"http:\/\/www.marsaly.fr\/fred\/?p=8330"},"modified":"2022-09-27T09:13:34","modified_gmt":"2022-09-27T07:13:34","slug":"vannes-meucon-laerodrome-sous-loccupation","status":"publish","type":"post","link":"http:\/\/www.marsaly.fr\/fred\/vannes-meucon-laerodrome-sous-loccupation\/","title":{"rendered":"Vannes-Meucon &#8211; L&rsquo;a\u00e9rodrome sous l&rsquo;occupation"},"content":{"rendered":"<p style=\"text-align: justify;\"><span style=\"font-family: Verdana; font-size: small;\"><a href=\"http:\/\/www.marsaly.fr\/fred\/wp-content\/uploads\/2022\/09\/arton7194.jpg\"><img decoding=\"async\" loading=\"lazy\" class=\"size-full wp-image-8331 alignleft\" src=\"http:\/\/www.marsaly.fr\/fred\/wp-content\/uploads\/2022\/09\/arton7194.jpg\" alt=\"\" width=\"153\" height=\"226\" \/><\/a><em>Cr\u00e9\u00e9 pendant la Premi\u00e8re Guerre mondiale, l\u2019a\u00e9rodrome de Vannes, dans le Morbihan, est devenu, au cours de la seconde guerre mondiale, une plateforme strat\u00e9gique pour la Luftwaffe qui y basa ses bombardiers et ses chasseurs. Elle en fit un camp fortifi\u00e9, entour\u00e9 de bunkers et de casemates dont nombre existent encore aujourd\u2019hui. La jeune association Bunker Arch\u00e9o 56 s\u2019est donn\u00e9 comme vocation de recenser ces ouvrages b\u00e9tonn\u00e9s, de les identifier et, lorsque c\u2019est possible, de les pr\u00e9server ou de les restaurer puis de les ouvrir \u00e9ventuellement aux visites du public. (&#8230;)<br \/>\n<\/em><br \/>\n<a href=\"http:\/\/www.aerostories.org\/~aerobiblio\/article7194.html\">Lire la suite sur l&rsquo;A\u00e9robiblioth\u00e8que<\/a><em><br \/>\n<\/em><\/span><\/p>\n","protected":false},"excerpt":{"rendered":"<p>Cr\u00e9\u00e9 pendant la Premi\u00e8re Guerre mondiale, l\u2019a\u00e9rodrome de Vannes, dans le Morbihan, est devenu, au cours de la seconde guerre mondiale, une plateforme strat\u00e9gique pour la Luftwaffe qui y basa ses bombardiers et ses chasseurs. Elle en fit un camp &hellip; <a href=\"http:\/\/www.marsaly.fr\/fred\/vannes-meucon-laerodrome-sous-loccupation\/\">Continuer la lecture <span class=\"meta-nav\">&rarr;<\/span><\/a><\/p>\n","protected":false},"author":2,"featured_media":0,"comment_status":"open","ping_status":"open","sticky":false,"template":"","format":"standard","meta":[],"categories":[5],"tags":[],"_links":{"self":[{"href":"http:\/\/www.marsaly.fr\/fred\/wp-json\/wp\/v2\/posts\/8330"}],"collection":[{"href":"http:\/\/www.marsaly.fr\/fred\/wp-json\/wp\/v2\/posts"}],"about":[{"href":"http:\/\/www.marsaly.fr\/fred\/wp-json\/wp\/v2\/types\/post"}],"author":[{"embeddable":true,"href":"http:\/\/www.marsaly.fr\/fred\/wp-json\/wp\/v2\/users\/2"}],"replies":[{"embeddable":true,"href":"http:\/\/www.marsaly.fr\/fred\/wp-json\/wp\/v2\/comments?post=8330"}],"version-history":[{"count":1,"href":"http:\/\/www.marsaly.fr\/fred\/wp-json\/wp\/v2\/posts\/8330\/revisions"}],"predecessor-version":[{"id":8332,"href":"http:\/\/www.marsaly.fr\/fred\/wp-json\/wp\/v2\/posts\/8330\/revisions\/8332"}],"wp:attachment":[{"href":"http:\/\/www.marsaly.fr\/fred\/wp-json\/wp\/v2\/media?parent=8330"}],"wp:term":[{"taxonomy":"category","embeddable":true,"href":"http:\/\/www.marsaly.fr\/fred\/wp-json\/wp\/v2\/categories?post=8330"},{"taxonomy":"post_tag","embeddable":true,"href":"http:\/\/www.marsaly.fr\/fred\/wp-json\/wp\/v2\/tags?post=8330"}],"curies":[{"name":"wp","href":"https:\/\/api.w.org\/{rel}","templated":true}]}}