{"id":8322,"date":"2022-08-27T11:23:52","date_gmt":"2022-08-27T09:23:52","guid":{"rendered":"http:\/\/www.marsaly.fr\/fred\/?p=8322"},"modified":"2022-08-27T11:24:09","modified_gmt":"2022-08-27T09:24:09","slug":"les-heros-de-bagdad-tome-3","status":"publish","type":"post","link":"http:\/\/www.marsaly.fr\/fred\/les-heros-de-bagdad-tome-3\/","title":{"rendered":"Les h\u00e9ros de Bagdad tome 3"},"content":{"rendered":"<p class=\"spip\" style=\"text-align: justify;\"><em><span style=\"font-family: Verdana; font-size: small;\"><a href=\"http:\/\/www.marsaly.fr\/fred\/wp-content\/uploads\/2022\/08\/image_2329226_20220503_ob_d83013_couverture-tome-3.jpg\"><img decoding=\"async\" loading=\"lazy\" class=\"size-full wp-image-8323 alignleft\" src=\"http:\/\/www.marsaly.fr\/fred\/wp-content\/uploads\/2022\/08\/image_2329226_20220503_ob_d83013_couverture-tome-3.jpg\" alt=\"\" width=\"151\" height=\"226\" \/><\/a><\/span>Jean-Louis Bernard revient pour le troisi\u00e8me et, visiblement, dernier \u00e9pisode de ses r\u00e9cits consacr\u00e9s aux op\u00e9rations men\u00e9es par les pilotes irakiens \u00e0 bord d\u2019avions de chasse fran\u00e7ais. Apr\u00e8s deux tomes parus aux \u00e9ditions Altipresse, ce troisi\u00e8me volume est publi\u00e9 en auto\u00e9dition, ce qui, \u00e0 part le style de la couverture, ne change fondamentalement rien, et surtout pas \u00e0 son int\u00e9r\u00eat.<\/em><\/p>\n<p style=\"text-align: justify;\"><em>L\u2019ouvrage couvre une grande partie des op\u00e9rations de la toute fin du conflit Iran-Irak avec principalement les missions men\u00e9es par les Mirage F1 de l\u2019Escadron 79. Missions d\u2019attaque au sol, bombardement de pr\u00e9cision, les pilotes irakiens ont jou\u00e9 de sales tours \u00e0 leurs adversaires et l\u2019auteur nous r\u00e9v\u00e8le, pour la premi\u00e8re fois, comment et en d\u00e9tail. (&#8230;)<\/em><\/p>\n<p><a href=\"http:\/\/www.aerostories.org\/~aerobiblio\/article7185.html\">Lire la suite sur l&rsquo;A\u00e9robiblioth\u00e8que<\/a><\/p>\n","protected":false},"excerpt":{"rendered":"<p>Jean-Louis Bernard revient pour le troisi\u00e8me et, visiblement, dernier \u00e9pisode de ses r\u00e9cits consacr\u00e9s aux op\u00e9rations men\u00e9es par les pilotes irakiens \u00e0 bord d\u2019avions de chasse fran\u00e7ais. Apr\u00e8s deux tomes parus aux \u00e9ditions Altipresse, ce troisi\u00e8me volume est publi\u00e9 en &hellip; <a href=\"http:\/\/www.marsaly.fr\/fred\/les-heros-de-bagdad-tome-3\/\">Continuer la lecture <span class=\"meta-nav\">&rarr;<\/span><\/a><\/p>\n","protected":false},"author":2,"featured_media":0,"comment_status":"open","ping_status":"open","sticky":false,"template":"","format":"standard","meta":[],"categories":[5],"tags":[],"_links":{"self":[{"href":"http:\/\/www.marsaly.fr\/fred\/wp-json\/wp\/v2\/posts\/8322"}],"collection":[{"href":"http:\/\/www.marsaly.fr\/fred\/wp-json\/wp\/v2\/posts"}],"about":[{"href":"http:\/\/www.marsaly.fr\/fred\/wp-json\/wp\/v2\/types\/post"}],"author":[{"embeddable":true,"href":"http:\/\/www.marsaly.fr\/fred\/wp-json\/wp\/v2\/users\/2"}],"replies":[{"embeddable":true,"href":"http:\/\/www.marsaly.fr\/fred\/wp-json\/wp\/v2\/comments?post=8322"}],"version-history":[{"count":1,"href":"http:\/\/www.marsaly.fr\/fred\/wp-json\/wp\/v2\/posts\/8322\/revisions"}],"predecessor-version":[{"id":8324,"href":"http:\/\/www.marsaly.fr\/fred\/wp-json\/wp\/v2\/posts\/8322\/revisions\/8324"}],"wp:attachment":[{"href":"http:\/\/www.marsaly.fr\/fred\/wp-json\/wp\/v2\/media?parent=8322"}],"wp:term":[{"taxonomy":"category","embeddable":true,"href":"http:\/\/www.marsaly.fr\/fred\/wp-json\/wp\/v2\/categories?post=8322"},{"taxonomy":"post_tag","embeddable":true,"href":"http:\/\/www.marsaly.fr\/fred\/wp-json\/wp\/v2\/tags?post=8322"}],"curies":[{"name":"wp","href":"https:\/\/api.w.org\/{rel}","templated":true}]}}