{"id":7878,"date":"2021-10-09T19:11:03","date_gmt":"2021-10-09T17:11:03","guid":{"rendered":"http:\/\/www.marsaly.fr\/fred\/?p=7878"},"modified":"2021-10-09T19:12:30","modified_gmt":"2021-10-09T17:12:30","slug":"le-musee-flieger-flab-a-dubendorf","status":"publish","type":"post","link":"http:\/\/www.marsaly.fr\/fred\/le-musee-flieger-flab-a-dubendorf\/","title":{"rendered":"Le mus\u00e9e Flieger Flab \u00e0 D\u00fcbendorf"},"content":{"rendered":"<p style=\"text-align: justify;\">Apr\u00e8s avoir travers\u00e9 le lac de Constance et une grosse cinquantaine de km Suisses depuis les quais de Romanshorn, on aborde tranquillement les faubourgs de Zurich. A moins de 10 km de l&rsquo;a\u00e9roport de Kloten, l&rsquo;aviation militaire Suisse dispose de la base de D\u00fcbendorf, accueillant Super Puma et Turbo Porter. Si l&rsquo;utilisation civile de la plateforme est des plus r\u00e9duite, plusieurs start-up a\u00e9ronautiques sont \u00e0 l\u2019\u0153uvre. C&rsquo;est l\u00e0, par exemple, que le Solar Impulse a \u00e9t\u00e9 construit.<\/p>\n<p>La plateforme est aussi utilis\u00e9e par l&rsquo;Universit\u00e9 de Zurich pour des campagnes de vol z\u00e9ro G avec l&rsquo;Airbus de Novespace normalement bas\u00e9 \u00e0 Bordeaux. Par chance, il \u00e9tait en visite en Suisse lors de notre passage !<\/p>\n<div id=\"attachment_7984\" style=\"width: 1034px\" class=\"wp-caption alignnone\"><a href=\"http:\/\/www.marsaly.fr\/fred\/wp-content\/uploads\/2021\/10\/DSC_8385.jpg\"><img aria-describedby=\"caption-attachment-7984\" decoding=\"async\" loading=\"lazy\" class=\"wp-image-7984 size-full\" src=\"http:\/\/www.marsaly.fr\/fred\/wp-content\/uploads\/2021\/10\/DSC_8385.jpg\" alt=\"\" width=\"1024\" height=\"564\" srcset=\"http:\/\/www.marsaly.fr\/fred\/wp-content\/uploads\/2021\/10\/DSC_8385.jpg 1024w, http:\/\/www.marsaly.fr\/fred\/wp-content\/uploads\/2021\/10\/DSC_8385-300x165.jpg 300w, http:\/\/www.marsaly.fr\/fred\/wp-content\/uploads\/2021\/10\/DSC_8385-768x423.jpg 768w, http:\/\/www.marsaly.fr\/fred\/wp-content\/uploads\/2021\/10\/DSC_8385-500x275.jpg 500w\" sizes=\"(max-width: 1024px) 100vw, 1024px\" \/><\/a><p id=\"caption-attachment-7984\" class=\"wp-caption-text\">L&rsquo;A310 Air Zero G \u00e0 D\u00fcbendorf en septembre 2021<\/p><\/div>\n<p style=\"text-align: justify;\">Le mus\u00e9e est adjacent aux installation de la compagnie Ju-Air dont l&rsquo;activit\u00e9 a\u00e9rienne est interrompue depuis le drame du <a href=\"https:\/\/www.aerobuzz.fr\/breves-aviation-generale\/crash-dun-ju-52-de-la-compagnie-suisse-ju-air\/\">HB-HOT tomb\u00e9 avec ses passagers lors d&rsquo;un vol en montagne<\/a>.<\/p>\n<div id=\"attachment_7987\" style=\"width: 248px\" class=\"wp-caption alignleft\"><a href=\"http:\/\/www.marsaly.fr\/fred\/wp-content\/uploads\/2021\/10\/IMG_20210916_125108.jpg\"><img aria-describedby=\"caption-attachment-7987\" decoding=\"async\" loading=\"lazy\" class=\"wp-image-7987 size-medium\" src=\"http:\/\/www.marsaly.fr\/fred\/wp-content\/uploads\/2021\/10\/IMG_20210916_125108-238x300.jpg\" alt=\"\" width=\"238\" height=\"300\" srcset=\"http:\/\/www.marsaly.fr\/fred\/wp-content\/uploads\/2021\/10\/IMG_20210916_125108-238x300.jpg 238w, http:\/\/www.marsaly.fr\/fred\/wp-content\/uploads\/2021\/10\/IMG_20210916_125108.jpg 681w\" sizes=\"(max-width: 238px) 100vw, 238px\" \/><\/a><p id=\"caption-attachment-7987\" class=\"wp-caption-text\">Le 4 ao\u00fbt 2018, le Junkers 52 HB-HOT tombait dans les Alpes, ce monument a \u00e9t\u00e9 dress\u00e9 \u00e0 en souvenir des victimes.<\/p><\/div>\n<p style=\"text-align: justify;\">Un \u00e9mouvant et discret monument se trouve entre les deux hangars, dans un petit enclos masqu\u00e9 par les arbres. La st\u00e8le porte des noms des victimes de la catastrophe.<\/p>\n<p style=\"text-align: justify;\">Il est toujours question d&rsquo;une reprise des vols des Junkers, <a href=\"https:\/\/www.aerobuzz.fr\/breves-aviation-generale\/les-junkers-52-de-ju-air-revoleront-en-2021\/\">mais quand ?<\/a><\/p>\n<p style=\"text-align: justify;\">Le mus\u00e9e de l&rsquo;aviation de Dubendorf est tenu et g\u00e9r\u00e9 par des b\u00e9n\u00e9voles, c&rsquo;est ce qui explique ses horaires d&rsquo;ouverture. Chose \u00e9tonnante, le restaurant qui se situe dans le premier hall n&rsquo;ouvre qu&rsquo;\u00e0 13h30, un peu compliqu\u00e9 pour y organiser un repas d&rsquo;affaires par exemple.<\/p>\n<p>&nbsp;<\/p>\n<div id=\"attachment_7983\" style=\"width: 1034px\" class=\"wp-caption alignnone\"><a href=\"http:\/\/www.marsaly.fr\/fred\/wp-content\/uploads\/2021\/10\/IMG_20210916_124502.jpg\"><img aria-describedby=\"caption-attachment-7983\" decoding=\"async\" loading=\"lazy\" class=\"wp-image-7983 size-full\" src=\"http:\/\/www.marsaly.fr\/fred\/wp-content\/uploads\/2021\/10\/IMG_20210916_124502.jpg\" alt=\"\" width=\"1024\" height=\"550\" srcset=\"http:\/\/www.marsaly.fr\/fred\/wp-content\/uploads\/2021\/10\/IMG_20210916_124502.jpg 1024w, http:\/\/www.marsaly.fr\/fred\/wp-content\/uploads\/2021\/10\/IMG_20210916_124502-300x161.jpg 300w, http:\/\/www.marsaly.fr\/fred\/wp-content\/uploads\/2021\/10\/IMG_20210916_124502-768x413.jpg 768w, http:\/\/www.marsaly.fr\/fred\/wp-content\/uploads\/2021\/10\/IMG_20210916_124502-500x269.jpg 500w\" sizes=\"(max-width: 1024px) 100vw, 1024px\" \/><\/a><p id=\"caption-attachment-7983\" class=\"wp-caption-text\">L&rsquo;entr\u00e9e du mus\u00e9e o\u00f9 le public est accueilli par un \u00ab\u00a0Tiger\u00a0\u00bb de la Patrouille Suisse.<\/p><\/div>\n<p style=\"text-align: justify;\">Mais \u00e0 l&rsquo;heure dite, lorsque les portes s&rsquo;ouvrent, on y d\u00e9couvre un endroit \u00e0 l&rsquo;ambiance tout \u00e0 fait particuli\u00e8re et surtout une collection a\u00e9ronautique d&rsquo;une richesse extraordinaire.<\/p>\n<div id=\"attachment_7995\" style=\"width: 1034px\" class=\"wp-caption alignnone\"><a href=\"http:\/\/www.marsaly.fr\/fred\/wp-content\/uploads\/2021\/10\/mustang.jpg\"><img aria-describedby=\"caption-attachment-7995\" decoding=\"async\" loading=\"lazy\" class=\"wp-image-7995 size-full\" src=\"http:\/\/www.marsaly.fr\/fred\/wp-content\/uploads\/2021\/10\/mustang.jpg\" alt=\"\" width=\"1024\" height=\"726\" srcset=\"http:\/\/www.marsaly.fr\/fred\/wp-content\/uploads\/2021\/10\/mustang.jpg 1024w, http:\/\/www.marsaly.fr\/fred\/wp-content\/uploads\/2021\/10\/mustang-300x213.jpg 300w, http:\/\/www.marsaly.fr\/fred\/wp-content\/uploads\/2021\/10\/mustang-768x545.jpg 768w, http:\/\/www.marsaly.fr\/fred\/wp-content\/uploads\/2021\/10\/mustang-423x300.jpg 423w\" sizes=\"(max-width: 1024px) 100vw, 1024px\" \/><\/a><p id=\"caption-attachment-7995\" class=\"wp-caption-text\">Premier avion expos\u00e9, un P-51D lourdement arm\u00e9. Derri\u00e8re lui le restaurant aux horaires d&rsquo;ouverture particuliers.<\/p><\/div>\n<p style=\"text-align: justify;\">Le mus\u00e9e comporte plusieurs hall, les deux principaux \u00e9tant deux grands hangars d&rsquo;a\u00e9rodrome parfaitement am\u00e9nag\u00e9s. Dans le premier, celui o\u00f9 se trouve le restaurant et la petite boutique, sont expos\u00e9s les avions les plus anciens, des pionniers aux chasseurs de la seconde guerre mondiale.<\/p>\n<div id=\"attachment_7996\" style=\"width: 1034px\" class=\"wp-caption alignnone\"><a href=\"http:\/\/www.marsaly.fr\/fred\/wp-content\/uploads\/2021\/10\/DSC_8395.jpg\"><img aria-describedby=\"caption-attachment-7996\" decoding=\"async\" loading=\"lazy\" class=\"wp-image-7996 size-full\" src=\"http:\/\/www.marsaly.fr\/fred\/wp-content\/uploads\/2021\/10\/DSC_8395.jpg\" alt=\"\" width=\"1024\" height=\"632\" srcset=\"http:\/\/www.marsaly.fr\/fred\/wp-content\/uploads\/2021\/10\/DSC_8395.jpg 1024w, http:\/\/www.marsaly.fr\/fred\/wp-content\/uploads\/2021\/10\/DSC_8395-300x185.jpg 300w, http:\/\/www.marsaly.fr\/fred\/wp-content\/uploads\/2021\/10\/DSC_8395-768x474.jpg 768w, http:\/\/www.marsaly.fr\/fred\/wp-content\/uploads\/2021\/10\/DSC_8395-486x300.jpg 486w\" sizes=\"(max-width: 1024px) 100vw, 1024px\" \/><\/a><p id=\"caption-attachment-7996\" class=\"wp-caption-text\">Un D-3801, version locale du MS 406<\/p><\/div>\n<div id=\"attachment_7997\" style=\"width: 1034px\" class=\"wp-caption alignnone\"><a href=\"http:\/\/www.marsaly.fr\/fred\/wp-content\/uploads\/2021\/10\/DSC_8396.jpg\"><img aria-describedby=\"caption-attachment-7997\" decoding=\"async\" loading=\"lazy\" class=\"wp-image-7997 size-full\" src=\"http:\/\/www.marsaly.fr\/fred\/wp-content\/uploads\/2021\/10\/DSC_8396.jpg\" alt=\"\" width=\"1024\" height=\"620\" srcset=\"http:\/\/www.marsaly.fr\/fred\/wp-content\/uploads\/2021\/10\/DSC_8396.jpg 1024w, http:\/\/www.marsaly.fr\/fred\/wp-content\/uploads\/2021\/10\/DSC_8396-300x182.jpg 300w, http:\/\/www.marsaly.fr\/fred\/wp-content\/uploads\/2021\/10\/DSC_8396-768x465.jpg 768w, http:\/\/www.marsaly.fr\/fred\/wp-content\/uploads\/2021\/10\/DSC_8396-495x300.jpg 495w\" sizes=\"(max-width: 1024px) 100vw, 1024px\" \/><\/a><p id=\"caption-attachment-7997\" class=\"wp-caption-text\">Un EKW C-3603 c\u00f4toie un Bf109E, deux avions de combat repr\u00e9sentatifs de l&rsquo;\u00e9poque de la 2e GM&#8230;. et bien au-del\u00e0 pour le premier.<\/p><\/div>\n<p style=\"text-align: justify;\">Le public \u00e9volue le long des avions l\u00e9g\u00e8rement sur\u00e9lev\u00e9s, pos\u00e9s sur une plateforme, parfois recouverte de plaques PSP d&rsquo;\u00e9poque du plus bel effet. Les avions ne sont pas si nombreux, mais on y compte quelques pi\u00e8ces d&rsquo;une raret\u00e9 exceptionnelle comme le Hanriot HD.1 ou le Nieuport 28 et quelques productions locales peu connues.<\/p>\n\n\t\t<style type=\"text\/css\">\n\t\t\t#gallery-1 {\n\t\t\t\tmargin: auto;\n\t\t\t}\n\t\t\t#gallery-1 .gallery-item {\n\t\t\t\tfloat: left;\n\t\t\t\tmargin-top: 10px;\n\t\t\t\ttext-align: center;\n\t\t\t\twidth: 50%;\n\t\t\t}\n\t\t\t#gallery-1 img {\n\t\t\t\tborder: 2px solid #cfcfcf;\n\t\t\t}\n\t\t\t#gallery-1 .gallery-caption {\n\t\t\t\tmargin-left: 0;\n\t\t\t}\n\t\t\t\/* see gallery_shortcode() in wp-includes\/media.php *\/\n\t\t<\/style>\n\t\t<div id='gallery-1' class='gallery galleryid-7878 gallery-columns-2 gallery-size-medium'><dl class='gallery-item'>\n\t\t\t<dt class='gallery-icon landscape'>\n\t\t\t\t<a href='http:\/\/www.marsaly.fr\/fred\/le-musee-flieger-flab-a-dubendorf\/dsc_8537\/'><img width=\"300\" height=\"168\" src=\"http:\/\/www.marsaly.fr\/fred\/wp-content\/uploads\/2021\/10\/DSC_8537-300x168.jpg\" class=\"attachment-medium size-medium\" alt=\"\" decoding=\"async\" loading=\"lazy\" aria-describedby=\"gallery-1-8003\" srcset=\"http:\/\/www.marsaly.fr\/fred\/wp-content\/uploads\/2021\/10\/DSC_8537-300x168.jpg 300w, http:\/\/www.marsaly.fr\/fred\/wp-content\/uploads\/2021\/10\/DSC_8537-768x429.jpg 768w, http:\/\/www.marsaly.fr\/fred\/wp-content\/uploads\/2021\/10\/DSC_8537-500x279.jpg 500w, http:\/\/www.marsaly.fr\/fred\/wp-content\/uploads\/2021\/10\/DSC_8537.jpg 1024w\" sizes=\"(max-width: 300px) 100vw, 300px\" \/><\/a>\n\t\t\t<\/dt>\n\t\t\t\t<dd class='wp-caption-text gallery-caption' id='gallery-1-8003'>\n\t\t\t\tUn tr\u00e8s rare Hanriot HD.1, chasseur fran\u00e7ais qui fut tr\u00e8s appr\u00e9ci\u00e9s des aviateurs italiens et belges mais auquel le SPAD fut pr\u00e9f\u00e9r\u00e9 en France.\n\t\t\t\t<\/dd><\/dl><dl class='gallery-item'>\n\t\t\t<dt class='gallery-icon landscape'>\n\t\t\t\t<a href='http:\/\/www.marsaly.fr\/fred\/le-musee-flieger-flab-a-dubendorf\/dsc_8432\/'><img width=\"300\" height=\"199\" src=\"http:\/\/www.marsaly.fr\/fred\/wp-content\/uploads\/2021\/10\/DSC_8432-300x199.jpg\" class=\"attachment-medium size-medium\" alt=\"\" decoding=\"async\" loading=\"lazy\" aria-describedby=\"gallery-1-8002\" srcset=\"http:\/\/www.marsaly.fr\/fred\/wp-content\/uploads\/2021\/10\/DSC_8432-300x199.jpg 300w, http:\/\/www.marsaly.fr\/fred\/wp-content\/uploads\/2021\/10\/DSC_8432-768x509.jpg 768w, http:\/\/www.marsaly.fr\/fred\/wp-content\/uploads\/2021\/10\/DSC_8432-453x300.jpg 453w, http:\/\/www.marsaly.fr\/fred\/wp-content\/uploads\/2021\/10\/DSC_8432.jpg 1024w\" sizes=\"(max-width: 300px) 100vw, 300px\" \/><\/a>\n\t\t\t<\/dt>\n\t\t\t\t<dd class='wp-caption-text gallery-caption' id='gallery-1-8002'>\n\t\t\t\tL&rsquo;aviation Suisse utilisa 10 de ces avions jusqu&rsquo;au d\u00e9but des ann\u00e9es 20.\n\t\t\t\t<\/dd><\/dl><br style=\"clear: both\" \/>\n\t\t<\/div>\n\n<div id=\"attachment_8004\" style=\"width: 1034px\" class=\"wp-caption alignnone\"><a href=\"http:\/\/www.marsaly.fr\/fred\/wp-content\/uploads\/2021\/10\/DSC_8426.jpg\"><img aria-describedby=\"caption-attachment-8004\" decoding=\"async\" loading=\"lazy\" class=\"wp-image-8004 size-full\" src=\"http:\/\/www.marsaly.fr\/fred\/wp-content\/uploads\/2021\/10\/DSC_8426.jpg\" alt=\"\" width=\"1024\" height=\"678\" srcset=\"http:\/\/www.marsaly.fr\/fred\/wp-content\/uploads\/2021\/10\/DSC_8426.jpg 1024w, http:\/\/www.marsaly.fr\/fred\/wp-content\/uploads\/2021\/10\/DSC_8426-300x199.jpg 300w, http:\/\/www.marsaly.fr\/fred\/wp-content\/uploads\/2021\/10\/DSC_8426-768x509.jpg 768w, http:\/\/www.marsaly.fr\/fred\/wp-content\/uploads\/2021\/10\/DSC_8426-453x300.jpg 453w\" sizes=\"(max-width: 1024px) 100vw, 1024px\" \/><\/a><p id=\"caption-attachment-8004\" class=\"wp-caption-text\">Un Nieuport 28 survole une r\u00e9plique d&rsquo;un tr\u00e8s \u00e9tonnant H\u00e4feli DH-1.<\/p><\/div>\n<div id=\"attachment_8010\" style=\"width: 1034px\" class=\"wp-caption alignnone\"><a href=\"http:\/\/www.marsaly.fr\/fred\/wp-content\/uploads\/2021\/10\/DSC_8538.jpg\"><img aria-describedby=\"caption-attachment-8010\" decoding=\"async\" loading=\"lazy\" class=\"wp-image-8010 size-full\" src=\"http:\/\/www.marsaly.fr\/fred\/wp-content\/uploads\/2021\/10\/DSC_8538.jpg\" alt=\"\" width=\"1024\" height=\"603\" srcset=\"http:\/\/www.marsaly.fr\/fred\/wp-content\/uploads\/2021\/10\/DSC_8538.jpg 1024w, http:\/\/www.marsaly.fr\/fred\/wp-content\/uploads\/2021\/10\/DSC_8538-300x177.jpg 300w, http:\/\/www.marsaly.fr\/fred\/wp-content\/uploads\/2021\/10\/DSC_8538-768x452.jpg 768w, http:\/\/www.marsaly.fr\/fred\/wp-content\/uploads\/2021\/10\/DSC_8538-500x294.jpg 500w\" sizes=\"(max-width: 1024px) 100vw, 1024px\" \/><\/a><p id=\"caption-attachment-8010\" class=\"wp-caption-text\">Le Dewoitine D.26.<\/p><\/div>\n<div id=\"attachment_8023\" style=\"width: 1034px\" class=\"wp-caption alignnone\"><a href=\"http:\/\/www.marsaly.fr\/fred\/wp-content\/uploads\/2021\/10\/DSC_8413-1.jpg\"><img aria-describedby=\"caption-attachment-8023\" decoding=\"async\" loading=\"lazy\" class=\"wp-image-8023 size-full\" src=\"http:\/\/www.marsaly.fr\/fred\/wp-content\/uploads\/2021\/10\/DSC_8413-1.jpg\" alt=\"\" width=\"1024\" height=\"678\" srcset=\"http:\/\/www.marsaly.fr\/fred\/wp-content\/uploads\/2021\/10\/DSC_8413-1.jpg 1024w, http:\/\/www.marsaly.fr\/fred\/wp-content\/uploads\/2021\/10\/DSC_8413-1-300x199.jpg 300w, http:\/\/www.marsaly.fr\/fred\/wp-content\/uploads\/2021\/10\/DSC_8413-1-768x509.jpg 768w, http:\/\/www.marsaly.fr\/fred\/wp-content\/uploads\/2021\/10\/DSC_8413-1-453x300.jpg 453w\" sizes=\"(max-width: 1024px) 100vw, 1024px\" \/><\/a><p id=\"caption-attachment-8023\" class=\"wp-caption-text\">Le Fokker C.V est pr\u00e9sent\u00e9 d\u00e9sentoil\u00e9 \u00e0 babord permettant de bien visualiser une structure assez classique pour un avion de cette \u00e9poque.<\/p><\/div>\n<p style=\"text-align: justify;\">Mais le plus \u00e9tonnant, c&rsquo;est qu&rsquo;ils sont souvent expos\u00e9s au milieu de leur mat\u00e9riel de piste. Et dans la partie centrale se trouve une exposition de mat\u00e9riel de d\u00e9fense anti-a\u00e9rienne d&rsquo;un int\u00e9r\u00eat majeur.<\/p>\n<div id=\"attachment_8028\" style=\"width: 1034px\" class=\"wp-caption alignnone\"><a href=\"http:\/\/www.marsaly.fr\/fred\/wp-content\/uploads\/2021\/10\/DCA.jpg\"><img aria-describedby=\"caption-attachment-8028\" decoding=\"async\" loading=\"lazy\" class=\"wp-image-8028 size-full\" src=\"http:\/\/www.marsaly.fr\/fred\/wp-content\/uploads\/2021\/10\/DCA.jpg\" alt=\"\" width=\"1024\" height=\"678\" srcset=\"http:\/\/www.marsaly.fr\/fred\/wp-content\/uploads\/2021\/10\/DCA.jpg 1024w, http:\/\/www.marsaly.fr\/fred\/wp-content\/uploads\/2021\/10\/DCA-300x199.jpg 300w, http:\/\/www.marsaly.fr\/fred\/wp-content\/uploads\/2021\/10\/DCA-768x509.jpg 768w, http:\/\/www.marsaly.fr\/fred\/wp-content\/uploads\/2021\/10\/DCA-453x300.jpg 453w\" sizes=\"(max-width: 1024px) 100vw, 1024px\" \/><\/a><p id=\"caption-attachment-8028\" class=\"wp-caption-text\">Exemple de mat\u00e9riel anti-a\u00e9rien expos\u00e9. L&rsquo;aviation militaire Suisse est ainsi repr\u00e9sent\u00e9e dans l&rsquo;ensemble de ses branches.<\/p><\/div>\n<div id=\"attachment_7999\" style=\"width: 1034px\" class=\"wp-caption alignnone\"><a href=\"http:\/\/www.marsaly.fr\/fred\/wp-content\/uploads\/2021\/10\/DSC_8402.jpg\"><img aria-describedby=\"caption-attachment-7999\" decoding=\"async\" loading=\"lazy\" class=\"wp-image-7999 size-full\" src=\"http:\/\/www.marsaly.fr\/fred\/wp-content\/uploads\/2021\/10\/DSC_8402.jpg\" alt=\"\" width=\"1024\" height=\"745\" srcset=\"http:\/\/www.marsaly.fr\/fred\/wp-content\/uploads\/2021\/10\/DSC_8402.jpg 1024w, http:\/\/www.marsaly.fr\/fred\/wp-content\/uploads\/2021\/10\/DSC_8402-300x218.jpg 300w, http:\/\/www.marsaly.fr\/fred\/wp-content\/uploads\/2021\/10\/DSC_8402-768x559.jpg 768w, http:\/\/www.marsaly.fr\/fred\/wp-content\/uploads\/2021\/10\/DSC_8402-412x300.jpg 412w\" sizes=\"(max-width: 1024px) 100vw, 1024px\" \/><\/a><p id=\"caption-attachment-7999\" class=\"wp-caption-text\">Un r\u00e9acteur Jumo de Messerschmitt 262 tr\u00f4ne \u00e9galement dans ce premier hall d&rsquo;exposition.<\/p><\/div>\n<p style=\"text-align: justify;\">Au-dessus, une large plateforme \u00e0 laquelle on acc\u00e8de par un escalier, permet d&rsquo;admirer les avions sous d&rsquo;autres angles et, surprise, une grande baie vitr\u00e9 offre une vue admirable sur la piste et l&rsquo;activit\u00e9 a\u00e9rienne de l&rsquo;a\u00e9rodrome. Situ\u00e9e en pleine ville, la base de D\u00fcbendorf est relativement calme, c&rsquo;est bien dommage.<\/p>\n<p style=\"text-align: justify;\">Le deuxi\u00e8me hangar, auquel on acc\u00e8de par un passage ext\u00e9rieur mais couvert, comprend les avions plus contemporains, des Vampire au Tiger en passant par les Mirage et les Hunter &#8211; ne manque, en fait, qu&rsquo;un F\/A-18 pour avoir la collection compl\u00e8te des chasseurs \u00e0 r\u00e9action de la force a\u00e9rienne helv\u00e9tique. \u00c7a viendra !<\/p>\n<div id=\"attachment_8005\" style=\"width: 1034px\" class=\"wp-caption alignnone\"><a href=\"http:\/\/www.marsaly.fr\/fred\/wp-content\/uploads\/2021\/10\/DSC_8448.jpg\"><img aria-describedby=\"caption-attachment-8005\" decoding=\"async\" loading=\"lazy\" class=\"wp-image-8005 size-full\" src=\"http:\/\/www.marsaly.fr\/fred\/wp-content\/uploads\/2021\/10\/DSC_8448.jpg\" alt=\"\" width=\"1024\" height=\"667\" srcset=\"http:\/\/www.marsaly.fr\/fred\/wp-content\/uploads\/2021\/10\/DSC_8448.jpg 1024w, http:\/\/www.marsaly.fr\/fred\/wp-content\/uploads\/2021\/10\/DSC_8448-300x195.jpg 300w, http:\/\/www.marsaly.fr\/fred\/wp-content\/uploads\/2021\/10\/DSC_8448-768x500.jpg 768w, http:\/\/www.marsaly.fr\/fred\/wp-content\/uploads\/2021\/10\/DSC_8448-461x300.jpg 461w\" sizes=\"(max-width: 1024px) 100vw, 1024px\" \/><\/a><p id=\"caption-attachment-8005\" class=\"wp-caption-text\">Le Venom fait l&rsquo;objet d&rsquo;un diorama \u00e9chelle 1 avec deux m\u00e9caniciens repr\u00e9sent\u00e9s en train d&rsquo;intervenir pour un changement de r\u00e9acteur gr\u00e2ce \u00e0 un camion-grue. Bluffant !<\/p><\/div>\n<p style=\"text-align: justify;\">Mais les chasseurs ne sont pas les seuls \u00e0 avoir l&rsquo;honneur de l&rsquo;exposition puisque les h\u00e9licos et les avions d&rsquo;entra\u00eenement sont bien pr\u00e9sents, tout comme les appareils de soutien et de missions sp\u00e9ciales comme l&rsquo;in\u00e9vitable Pilatus Porter ou le C-3605 \u00e0 turbine.<\/p>\n<div id=\"attachment_8022\" style=\"width: 1034px\" class=\"wp-caption alignnone\"><a href=\"http:\/\/www.marsaly.fr\/fred\/wp-content\/uploads\/2021\/10\/DSC_8469.jpg\"><img aria-describedby=\"caption-attachment-8022\" decoding=\"async\" loading=\"lazy\" class=\"wp-image-8022 size-full\" src=\"http:\/\/www.marsaly.fr\/fred\/wp-content\/uploads\/2021\/10\/DSC_8469.jpg\" alt=\"\" width=\"1024\" height=\"575\" srcset=\"http:\/\/www.marsaly.fr\/fred\/wp-content\/uploads\/2021\/10\/DSC_8469.jpg 1024w, http:\/\/www.marsaly.fr\/fred\/wp-content\/uploads\/2021\/10\/DSC_8469-300x168.jpg 300w, http:\/\/www.marsaly.fr\/fred\/wp-content\/uploads\/2021\/10\/DSC_8469-768x431.jpg 768w, http:\/\/www.marsaly.fr\/fred\/wp-content\/uploads\/2021\/10\/DSC_8469-500x281.jpg 500w\" sizes=\"(max-width: 1024px) 100vw, 1024px\" \/><\/a><p id=\"caption-attachment-8022\" class=\"wp-caption-text\">Alouette III et Hawker Hunter.<\/p><\/div>\n<div id=\"attachment_8019\" style=\"width: 1034px\" class=\"wp-caption alignnone\"><a href=\"http:\/\/www.marsaly.fr\/fred\/wp-content\/uploads\/2021\/10\/DSC_8484.jpg\"><img aria-describedby=\"caption-attachment-8019\" decoding=\"async\" loading=\"lazy\" class=\"wp-image-8019 size-full\" src=\"http:\/\/www.marsaly.fr\/fred\/wp-content\/uploads\/2021\/10\/DSC_8484.jpg\" alt=\"\" width=\"1024\" height=\"575\" srcset=\"http:\/\/www.marsaly.fr\/fred\/wp-content\/uploads\/2021\/10\/DSC_8484.jpg 1024w, http:\/\/www.marsaly.fr\/fred\/wp-content\/uploads\/2021\/10\/DSC_8484-300x168.jpg 300w, http:\/\/www.marsaly.fr\/fred\/wp-content\/uploads\/2021\/10\/DSC_8484-768x431.jpg 768w, http:\/\/www.marsaly.fr\/fred\/wp-content\/uploads\/2021\/10\/DSC_8484-500x281.jpg 500w\" sizes=\"(max-width: 1024px) 100vw, 1024px\" \/><\/a><p id=\"caption-attachment-8019\" class=\"wp-caption-text\">Mirage IIIRS.<\/p><\/div>\n<div id=\"attachment_8020\" style=\"width: 1034px\" class=\"wp-caption alignnone\"><a href=\"http:\/\/www.marsaly.fr\/fred\/wp-content\/uploads\/2021\/10\/IMG_20210916_150534_1.jpg\"><img aria-describedby=\"caption-attachment-8020\" decoding=\"async\" loading=\"lazy\" class=\"wp-image-8020 size-full\" src=\"http:\/\/www.marsaly.fr\/fred\/wp-content\/uploads\/2021\/10\/IMG_20210916_150534_1.jpg\" alt=\"\" width=\"1024\" height=\"768\" srcset=\"http:\/\/www.marsaly.fr\/fred\/wp-content\/uploads\/2021\/10\/IMG_20210916_150534_1.jpg 1024w, http:\/\/www.marsaly.fr\/fred\/wp-content\/uploads\/2021\/10\/IMG_20210916_150534_1-300x225.jpg 300w, http:\/\/www.marsaly.fr\/fred\/wp-content\/uploads\/2021\/10\/IMG_20210916_150534_1-768x576.jpg 768w, http:\/\/www.marsaly.fr\/fred\/wp-content\/uploads\/2021\/10\/IMG_20210916_150534_1-400x300.jpg 400w\" sizes=\"(max-width: 1024px) 100vw, 1024px\" \/><\/a><p id=\"caption-attachment-8020\" class=\"wp-caption-text\">Mirage IIIS. Il est pr\u00e9sent\u00e9 avec le nez ouvert pour montrer son radar d&rsquo;interception.<\/p><\/div>\n<div id=\"attachment_8018\" style=\"width: 1034px\" class=\"wp-caption alignnone\"><a href=\"http:\/\/www.marsaly.fr\/fred\/wp-content\/uploads\/2021\/10\/DSC_8483.jpg\"><img aria-describedby=\"caption-attachment-8018\" decoding=\"async\" loading=\"lazy\" class=\"wp-image-8018 size-full\" src=\"http:\/\/www.marsaly.fr\/fred\/wp-content\/uploads\/2021\/10\/DSC_8483.jpg\" alt=\"\" width=\"1024\" height=\"608\" srcset=\"http:\/\/www.marsaly.fr\/fred\/wp-content\/uploads\/2021\/10\/DSC_8483.jpg 1024w, http:\/\/www.marsaly.fr\/fred\/wp-content\/uploads\/2021\/10\/DSC_8483-300x178.jpg 300w, http:\/\/www.marsaly.fr\/fred\/wp-content\/uploads\/2021\/10\/DSC_8483-768x456.jpg 768w, http:\/\/www.marsaly.fr\/fred\/wp-content\/uploads\/2021\/10\/DSC_8483-500x297.jpg 500w\" sizes=\"(max-width: 1024px) 100vw, 1024px\" \/><\/a><p id=\"caption-attachment-8018\" class=\"wp-caption-text\">20 Hawk ont \u00e9t\u00e9 utilis\u00e9s par la Suisse entre 1990 et 2002 dont 18 ont \u00e9t\u00e9 revendus \u00e0 la Finlande.<\/p><\/div>\n<div id=\"attachment_8017\" style=\"width: 1034px\" class=\"wp-caption alignnone\"><a href=\"http:\/\/www.marsaly.fr\/fred\/wp-content\/uploads\/2021\/10\/DSC_8522.jpg\"><img aria-describedby=\"caption-attachment-8017\" decoding=\"async\" loading=\"lazy\" class=\"wp-image-8017 size-full\" src=\"http:\/\/www.marsaly.fr\/fred\/wp-content\/uploads\/2021\/10\/DSC_8522.jpg\" alt=\"\" width=\"1024\" height=\"551\" srcset=\"http:\/\/www.marsaly.fr\/fred\/wp-content\/uploads\/2021\/10\/DSC_8522.jpg 1024w, http:\/\/www.marsaly.fr\/fred\/wp-content\/uploads\/2021\/10\/DSC_8522-300x161.jpg 300w, http:\/\/www.marsaly.fr\/fred\/wp-content\/uploads\/2021\/10\/DSC_8522-768x413.jpg 768w, http:\/\/www.marsaly.fr\/fred\/wp-content\/uploads\/2021\/10\/DSC_8522-500x269.jpg 500w\" sizes=\"(max-width: 1024px) 100vw, 1024px\" \/><\/a><p id=\"caption-attachment-8017\" class=\"wp-caption-text\">Un EFW C-3605, version \u00e0 turbine de remorquage de cibles, datant des ann\u00e9es 70, du C-36 entr\u00e9 en service pendant la 2e GM.<\/p><\/div>\n<p style=\"text-align: justify;\">Le public \u00e9volue au milieu de ces avions sur une moquette bleue et l\u00e0 encore les appareils sont parfaitement pr\u00e9sent\u00e9s avec parfois des mannequins, du mat\u00e9riel de piste, de l&rsquo;armement et des v\u00e9hicules.<\/p>\n<div id=\"attachment_8016\" style=\"width: 255px\" class=\"wp-caption alignleft\"><a href=\"http:\/\/www.marsaly.fr\/fred\/wp-content\/uploads\/2021\/10\/DSC_8472.jpg\"><img aria-describedby=\"caption-attachment-8016\" decoding=\"async\" loading=\"lazy\" class=\"wp-image-8016 size-medium\" src=\"http:\/\/www.marsaly.fr\/fred\/wp-content\/uploads\/2021\/10\/DSC_8472-245x300.jpg\" alt=\"\" width=\"245\" height=\"300\" srcset=\"http:\/\/www.marsaly.fr\/fred\/wp-content\/uploads\/2021\/10\/DSC_8472-245x300.jpg 245w, http:\/\/www.marsaly.fr\/fred\/wp-content\/uploads\/2021\/10\/DSC_8472-768x939.jpg 768w, http:\/\/www.marsaly.fr\/fred\/wp-content\/uploads\/2021\/10\/DSC_8472.jpg 800w\" sizes=\"(max-width: 245px) 100vw, 245px\" \/><\/a><p id=\"caption-attachment-8016\" class=\"wp-caption-text\">Quelques exemples de roquettes utilis\u00e9es depuis les chasseurs-bombardiers Suisses.<\/p><\/div>\n<p style=\"text-align: justify;\">Cette fois-ci, les passerelles, en bois, fa\u00e7on chalet, encerclent le hangar et comportent aussi leur lot d&rsquo;expositions.<\/p>\n<p style=\"text-align: justify;\">Certaines vitrines se consacrent \u00e0 l&rsquo;armement avec une belle collection de mitrailleuses et canons a\u00e9ronautiques. D&rsquo;autres pr\u00e9sentent de nombreux mat\u00e9riels li\u00e9s aux radars et aux communications radios.<\/p>\n<p style=\"text-align: justify;\">Quelques maquettes et dioramas compl\u00e8tent un ensemble de pi\u00e8ces vari\u00e9es et qui semblent avoir \u00e9t\u00e9 conserv\u00e9es avec beaucoup de soin.<\/p>\n<p>&nbsp;<\/p>\n<div id=\"attachment_8006\" style=\"width: 1034px\" class=\"wp-caption alignnone\"><a href=\"http:\/\/www.marsaly.fr\/fred\/wp-content\/uploads\/2021\/10\/DSC_8449.jpg\"><img aria-describedby=\"caption-attachment-8006\" decoding=\"async\" loading=\"lazy\" class=\"wp-image-8006 size-full\" src=\"http:\/\/www.marsaly.fr\/fred\/wp-content\/uploads\/2021\/10\/DSC_8449.jpg\" alt=\"\" width=\"1024\" height=\"732\" srcset=\"http:\/\/www.marsaly.fr\/fred\/wp-content\/uploads\/2021\/10\/DSC_8449.jpg 1024w, http:\/\/www.marsaly.fr\/fred\/wp-content\/uploads\/2021\/10\/DSC_8449-300x214.jpg 300w, http:\/\/www.marsaly.fr\/fred\/wp-content\/uploads\/2021\/10\/DSC_8449-768x549.jpg 768w, http:\/\/www.marsaly.fr\/fred\/wp-content\/uploads\/2021\/10\/DSC_8449-420x300.jpg 420w\" sizes=\"(max-width: 1024px) 100vw, 1024px\" \/><\/a><p id=\"caption-attachment-8006\" class=\"wp-caption-text\">Postes de travail pour des radaristes d&rsquo;interception.<\/p><\/div>\n<p>Mais deux pi\u00e8ces marquent particuli\u00e8rement, les deux prototypes nationaux, le\u00a0 le FFA N20 Arbal\u00e8te et le FFA P-16 qui accueillent les visiteurs d\u00e8s l&rsquo;entr\u00e9e de la salle.<\/p>\n<div id=\"attachment_8024\" style=\"width: 1034px\" class=\"wp-caption alignnone\"><a href=\"http:\/\/www.marsaly.fr\/fred\/wp-content\/uploads\/2021\/10\/arbalete.jpg\"><img aria-describedby=\"caption-attachment-8024\" decoding=\"async\" loading=\"lazy\" class=\"wp-image-8024 size-full\" src=\"http:\/\/www.marsaly.fr\/fred\/wp-content\/uploads\/2021\/10\/arbalete.jpg\" alt=\"\" width=\"1024\" height=\"502\" srcset=\"http:\/\/www.marsaly.fr\/fred\/wp-content\/uploads\/2021\/10\/arbalete.jpg 1024w, http:\/\/www.marsaly.fr\/fred\/wp-content\/uploads\/2021\/10\/arbalete-300x147.jpg 300w, http:\/\/www.marsaly.fr\/fred\/wp-content\/uploads\/2021\/10\/arbalete-768x377.jpg 768w, http:\/\/www.marsaly.fr\/fred\/wp-content\/uploads\/2021\/10\/arbalete-500x245.jpg 500w\" sizes=\"(max-width: 1024px) 100vw, 1024px\" \/><\/a><p id=\"caption-attachment-8024\" class=\"wp-caption-text\">Le prototype du FFA N20-2&rsquo;Arbal\u00e8te (1951), premier jet Suisse qu&rsquo;on croirait sorti tout droit d&rsquo;une BD d&rsquo;Edgar P. Jacobs.<\/p><\/div>\n<div id=\"attachment_8007\" style=\"width: 1034px\" class=\"wp-caption alignnone\"><a href=\"http:\/\/www.marsaly.fr\/fred\/wp-content\/uploads\/2021\/10\/musee-suisse-1.jpg\"><img aria-describedby=\"caption-attachment-8007\" decoding=\"async\" loading=\"lazy\" class=\"wp-image-8007 size-full\" src=\"http:\/\/www.marsaly.fr\/fred\/wp-content\/uploads\/2021\/10\/musee-suisse-1.jpg\" alt=\"\" width=\"1024\" height=\"353\" srcset=\"http:\/\/www.marsaly.fr\/fred\/wp-content\/uploads\/2021\/10\/musee-suisse-1.jpg 1024w, http:\/\/www.marsaly.fr\/fred\/wp-content\/uploads\/2021\/10\/musee-suisse-1-300x103.jpg 300w, http:\/\/www.marsaly.fr\/fred\/wp-content\/uploads\/2021\/10\/musee-suisse-1-768x265.jpg 768w, http:\/\/www.marsaly.fr\/fred\/wp-content\/uploads\/2021\/10\/musee-suisse-1-500x172.jpg 500w\" sizes=\"(max-width: 1024px) 100vw, 1024px\" \/><\/a><p id=\"caption-attachment-8007\" class=\"wp-caption-text\">Le seul survivant des 5 P-16 construits autour de 1955 est en fait constitu\u00e9 de pi\u00e8ces de deux de ces prototypes.<\/p><\/div>\n<div id=\"attachment_8008\" style=\"width: 1034px\" class=\"wp-caption alignnone\"><a href=\"http:\/\/www.marsaly.fr\/fred\/wp-content\/uploads\/2021\/10\/DSC_8463.jpg\"><img aria-describedby=\"caption-attachment-8008\" decoding=\"async\" loading=\"lazy\" class=\"wp-image-8008 size-full\" src=\"http:\/\/www.marsaly.fr\/fred\/wp-content\/uploads\/2021\/10\/DSC_8463.jpg\" alt=\"\" width=\"1024\" height=\"648\" srcset=\"http:\/\/www.marsaly.fr\/fred\/wp-content\/uploads\/2021\/10\/DSC_8463.jpg 1024w, http:\/\/www.marsaly.fr\/fred\/wp-content\/uploads\/2021\/10\/DSC_8463-300x190.jpg 300w, http:\/\/www.marsaly.fr\/fred\/wp-content\/uploads\/2021\/10\/DSC_8463-768x486.jpg 768w, http:\/\/www.marsaly.fr\/fred\/wp-content\/uploads\/2021\/10\/DSC_8463-474x300.jpg 474w\" sizes=\"(max-width: 1024px) 100vw, 1024px\" \/><\/a><p id=\"caption-attachment-8008\" class=\"wp-caption-text\">Le P-16 aurait pu \u00eatre un chasseur-bombardier supersonique aux capacit\u00e9s STOL mais deux crash au cours du d\u00e9veloppement du projet l&rsquo;ont condamn\u00e9.<\/p><\/div>\n<div id=\"attachment_8009\" style=\"width: 1034px\" class=\"wp-caption alignnone\"><a href=\"http:\/\/www.marsaly.fr\/fred\/wp-content\/uploads\/2021\/10\/DSC_8440.jpg\"><img aria-describedby=\"caption-attachment-8009\" decoding=\"async\" loading=\"lazy\" class=\"wp-image-8009 size-full\" src=\"http:\/\/www.marsaly.fr\/fred\/wp-content\/uploads\/2021\/10\/DSC_8440.jpg\" alt=\"\" width=\"1024\" height=\"500\" srcset=\"http:\/\/www.marsaly.fr\/fred\/wp-content\/uploads\/2021\/10\/DSC_8440.jpg 1024w, http:\/\/www.marsaly.fr\/fred\/wp-content\/uploads\/2021\/10\/DSC_8440-300x146.jpg 300w, http:\/\/www.marsaly.fr\/fred\/wp-content\/uploads\/2021\/10\/DSC_8440-768x375.jpg 768w, http:\/\/www.marsaly.fr\/fred\/wp-content\/uploads\/2021\/10\/DSC_8440-500x244.jpg 500w\" sizes=\"(max-width: 1024px) 100vw, 1024px\" \/><\/a><p id=\"caption-attachment-8009\" class=\"wp-caption-text\">Le N-20-10 Aiguillon de 1952 provisoirement sorti du hangar, en compagnie d&rsquo;un Vampire et d&rsquo;un Dornier.<\/p><\/div>\n<p style=\"text-align: justify;\">Lors de notre visite une r\u00e9ception officielle se pr\u00e9parait dans le hangar ce qui explique pourquoi le N-20 Aiguillon, autre prototype historique, \u00e9tait sorti et seulement visible de loin dans les hangarettes en dehors du mus\u00e9e.<\/p>\n<p style=\"text-align: justify;\">Apr\u00e8s avoir travers\u00e9 une salle tout en longueur qui expose du mat\u00e9riel anti-a\u00e9rien plus contemporain, on acc\u00e8de \u00e0 un dernier b\u00e2timent dont une partie accueille la salle des biplaces, avec un Venom d&rsquo;entra\u00eenement, un Hunter biplace et un PC-9, ainsi qu&rsquo;une r\u00e9serve de mat\u00e9riel divers.<\/p>\n<div id=\"attachment_8015\" style=\"width: 1034px\" class=\"wp-caption alignnone\"><a href=\"http:\/\/www.marsaly.fr\/fred\/wp-content\/uploads\/2021\/10\/DSC_8519.jpg\"><img aria-describedby=\"caption-attachment-8015\" decoding=\"async\" loading=\"lazy\" class=\"wp-image-8015 size-full\" src=\"http:\/\/www.marsaly.fr\/fred\/wp-content\/uploads\/2021\/10\/DSC_8519.jpg\" alt=\"\" width=\"1024\" height=\"569\" srcset=\"http:\/\/www.marsaly.fr\/fred\/wp-content\/uploads\/2021\/10\/DSC_8519.jpg 1024w, http:\/\/www.marsaly.fr\/fred\/wp-content\/uploads\/2021\/10\/DSC_8519-300x167.jpg 300w, http:\/\/www.marsaly.fr\/fred\/wp-content\/uploads\/2021\/10\/DSC_8519-768x427.jpg 768w, http:\/\/www.marsaly.fr\/fred\/wp-content\/uploads\/2021\/10\/DSC_8519-500x278.jpg 500w\" sizes=\"(max-width: 1024px) 100vw, 1024px\" \/><\/a><p id=\"caption-attachment-8015\" class=\"wp-caption-text\">Un des 12 PC-9 utilis\u00e9s en Suisse pour l&rsquo;entra\u00eenement sp\u00e9cialis\u00e9 et le remorquage de cibles.<\/p><\/div>\n<p style=\"text-align: justify;\">La salle des moteurs n&rsquo;\u00e9tait, th\u00e9oriquement, pas ouverte le jour de notre visite, une partie ayant \u00e9t\u00e9 neutralis\u00e9e pour installer un centre de test pour le Covid. N\u00e9anmoins un des b\u00e9n\u00e9voles du mus\u00e9e nous en a ouvert la porte ce qui nous a permis de d\u00e9couvrir une collection exceptionnelle de moteurs de toutes \u00e9poques dont certains semblent \u00eatre proches de l&rsquo;op\u00e9rationnel si on en juge les r\u00e9ceptacle permettant de recueillir l&rsquo;huile qui en suinte encore ! Ce b\u00e9n\u00e9vole, ancien instituteur de son \u00e9tat, \u00e9tait aussi un ancien milicien, pilote de Venom et de Hunter, nous le remercions pour son amabilit\u00e9 et le temps qu&rsquo;il a pass\u00e9 \u00e0 r\u00e9pondre \u00e0 nos innombrables questions !<\/p>\n<div id=\"attachment_8012\" style=\"width: 1034px\" class=\"wp-caption alignnone\"><a href=\"http:\/\/www.marsaly.fr\/fred\/wp-content\/uploads\/2021\/10\/IMG_20210916_142858.jpg\"><img aria-describedby=\"caption-attachment-8012\" decoding=\"async\" loading=\"lazy\" class=\"wp-image-8012 size-full\" src=\"http:\/\/www.marsaly.fr\/fred\/wp-content\/uploads\/2021\/10\/IMG_20210916_142858.jpg\" alt=\"\" width=\"1024\" height=\"768\" srcset=\"http:\/\/www.marsaly.fr\/fred\/wp-content\/uploads\/2021\/10\/IMG_20210916_142858.jpg 1024w, http:\/\/www.marsaly.fr\/fred\/wp-content\/uploads\/2021\/10\/IMG_20210916_142858-300x225.jpg 300w, http:\/\/www.marsaly.fr\/fred\/wp-content\/uploads\/2021\/10\/IMG_20210916_142858-768x576.jpg 768w, http:\/\/www.marsaly.fr\/fred\/wp-content\/uploads\/2021\/10\/IMG_20210916_142858-400x300.jpg 400w\" sizes=\"(max-width: 1024px) 100vw, 1024px\" \/><\/a><p id=\"caption-attachment-8012\" class=\"wp-caption-text\">La salle des moteurs, d\u00e9j\u00e0 fort riche, accueille aussi un rarissime Compte AC-4, un biplace de tourisme des ann\u00e9es 30.<\/p><\/div>\n<div id=\"attachment_8011\" style=\"width: 1034px\" class=\"wp-caption alignnone\"><a href=\"http:\/\/www.marsaly.fr\/fred\/wp-content\/uploads\/2021\/10\/DSC_8500.jpg\"><img aria-describedby=\"caption-attachment-8011\" decoding=\"async\" loading=\"lazy\" class=\"wp-image-8011 size-full\" src=\"http:\/\/www.marsaly.fr\/fred\/wp-content\/uploads\/2021\/10\/DSC_8500.jpg\" alt=\"\" width=\"1024\" height=\"678\" srcset=\"http:\/\/www.marsaly.fr\/fred\/wp-content\/uploads\/2021\/10\/DSC_8500.jpg 1024w, http:\/\/www.marsaly.fr\/fred\/wp-content\/uploads\/2021\/10\/DSC_8500-300x199.jpg 300w, http:\/\/www.marsaly.fr\/fred\/wp-content\/uploads\/2021\/10\/DSC_8500-768x509.jpg 768w, http:\/\/www.marsaly.fr\/fred\/wp-content\/uploads\/2021\/10\/DSC_8500-453x300.jpg 453w\" sizes=\"(max-width: 1024px) 100vw, 1024px\" \/><\/a><p id=\"caption-attachment-8011\" class=\"wp-caption-text\">Anzani, Jumo, Pratt &amp; Whitney, Curtiss Wright et autres Rolls-Royce expos\u00e9s individuellement dans une salle d\u00e9di\u00e9e du mus\u00e9e.<\/p><\/div>\n<p style=\"text-align: justify;\">Une derni\u00e8re salle accueille les simulateurs de vol, dont un est constitu\u00e9 d&rsquo;un authentique Mirage biplace, un cockpit de Boeing 747 ou un simulateur de F\/A-18. Ces syst\u00e8mes sont anim\u00e9s par des b\u00e9n\u00e9voles d&rsquo;autres associations et constituent des prestations \u00e0 part de la simple visite du mus\u00e9e.<\/p>\n<div id=\"attachment_8013\" style=\"width: 1034px\" class=\"wp-caption alignnone\"><a href=\"http:\/\/www.marsaly.fr\/fred\/wp-content\/uploads\/2021\/10\/DSC_8511.jpg\"><img aria-describedby=\"caption-attachment-8013\" decoding=\"async\" loading=\"lazy\" class=\"wp-image-8013 size-full\" src=\"http:\/\/www.marsaly.fr\/fred\/wp-content\/uploads\/2021\/10\/DSC_8511.jpg\" alt=\"\" width=\"1024\" height=\"678\" srcset=\"http:\/\/www.marsaly.fr\/fred\/wp-content\/uploads\/2021\/10\/DSC_8511.jpg 1024w, http:\/\/www.marsaly.fr\/fred\/wp-content\/uploads\/2021\/10\/DSC_8511-300x199.jpg 300w, http:\/\/www.marsaly.fr\/fred\/wp-content\/uploads\/2021\/10\/DSC_8511-768x509.jpg 768w, http:\/\/www.marsaly.fr\/fred\/wp-content\/uploads\/2021\/10\/DSC_8511-453x300.jpg 453w\" sizes=\"(max-width: 1024px) 100vw, 1024px\" \/><\/a><p id=\"caption-attachment-8013\" class=\"wp-caption-text\">Le cockpit du simulateur de Boeing 747.<\/p><\/div>\n<p style=\"text-align: justify;\">Une derni\u00e8re salle accueille notamment un des deux derniers Junkers 52 de Ju-Air pour une exposition r\u00e9trospective temporaire sur l&rsquo;histoire de la compagnie.<\/p>\n<div id=\"attachment_8014\" style=\"width: 1034px\" class=\"wp-caption alignnone\"><a href=\"http:\/\/www.marsaly.fr\/fred\/wp-content\/uploads\/2021\/10\/DSC_8510.jpg\"><img aria-describedby=\"caption-attachment-8014\" decoding=\"async\" loading=\"lazy\" class=\"wp-image-8014 size-full\" src=\"http:\/\/www.marsaly.fr\/fred\/wp-content\/uploads\/2021\/10\/DSC_8510.jpg\" alt=\"\" width=\"1024\" height=\"407\" srcset=\"http:\/\/www.marsaly.fr\/fred\/wp-content\/uploads\/2021\/10\/DSC_8510.jpg 1024w, http:\/\/www.marsaly.fr\/fred\/wp-content\/uploads\/2021\/10\/DSC_8510-300x119.jpg 300w, http:\/\/www.marsaly.fr\/fred\/wp-content\/uploads\/2021\/10\/DSC_8510-768x305.jpg 768w, http:\/\/www.marsaly.fr\/fred\/wp-content\/uploads\/2021\/10\/DSC_8510-500x199.jpg 500w\" sizes=\"(max-width: 1024px) 100vw, 1024px\" \/><\/a><p id=\"caption-attachment-8014\" class=\"wp-caption-text\">Le HB-HOP est un des deux avions restants de Ju-Air.<\/p><\/div>\n<p style=\"text-align: justify;\">Riche, agr\u00e9able \u00e0 arpenter, le Mus\u00e9e de D\u00fcbendorf constitue une excellente surprise et peut m\u00eame justifier \u00e0 lui seul un d\u00e9tour par Zurich au cours d&rsquo;une visite de la Suisse. Le tarif est raisonnable, une quinzaine de CHF. La boutique poss\u00e8de un choix int\u00e9ressant de maquettes, die cast et autres livres sp\u00e9cialis\u00e9s &#8211; certains tr\u00e8s confidentiels &#8211; et m\u00e9rite aussi d&rsquo;\u00eatre visit\u00e9e. Nous n&rsquo;avons pas profit\u00e9 du restaurant. L&rsquo;occasion d&rsquo;y revenir ?<\/p>\n<p><a href=\"http:\/\/www.marsaly.fr\/fred\/wp-content\/uploads\/2021\/10\/fliger-flab.jpg\"><img decoding=\"async\" loading=\"lazy\" class=\"alignnone size-full wp-image-8035\" src=\"http:\/\/www.marsaly.fr\/fred\/wp-content\/uploads\/2021\/10\/fliger-flab.jpg\" alt=\"\" width=\"1024\" height=\"352\" srcset=\"http:\/\/www.marsaly.fr\/fred\/wp-content\/uploads\/2021\/10\/fliger-flab.jpg 1024w, http:\/\/www.marsaly.fr\/fred\/wp-content\/uploads\/2021\/10\/fliger-flab-300x103.jpg 300w, http:\/\/www.marsaly.fr\/fred\/wp-content\/uploads\/2021\/10\/fliger-flab-768x264.jpg 768w, http:\/\/www.marsaly.fr\/fred\/wp-content\/uploads\/2021\/10\/fliger-flab-500x172.jpg 500w\" sizes=\"(max-width: 1024px) 100vw, 1024px\" \/><\/a><\/p>\n<p><a href=\"https:\/\/www.afc-fliegermuseum.ch\/\">https:\/\/www.afc-fliegermuseum.ch\/<\/a><\/p>\n","protected":false},"excerpt":{"rendered":"<p>Apr\u00e8s avoir travers\u00e9 le lac de Constance et une grosse cinquantaine de km Suisses depuis les quais de Romanshorn, on aborde tranquillement les faubourgs de Zurich. A moins de 10 km de l&rsquo;a\u00e9roport de Kloten, l&rsquo;aviation militaire Suisse dispose de &hellip; <a href=\"http:\/\/www.marsaly.fr\/fred\/le-musee-flieger-flab-a-dubendorf\/\">Continuer la lecture <span class=\"meta-nav\">&rarr;<\/span><\/a><\/p>\n","protected":false},"author":2,"featured_media":8033,"comment_status":"open","ping_status":"open","sticky":false,"template":"","format":"standard","meta":[],"categories":[8],"tags":[],"_links":{"self":[{"href":"http:\/\/www.marsaly.fr\/fred\/wp-json\/wp\/v2\/posts\/7878"}],"collection":[{"href":"http:\/\/www.marsaly.fr\/fred\/wp-json\/wp\/v2\/posts"}],"about":[{"href":"http:\/\/www.marsaly.fr\/fred\/wp-json\/wp\/v2\/types\/post"}],"author":[{"embeddable":true,"href":"http:\/\/www.marsaly.fr\/fred\/wp-json\/wp\/v2\/users\/2"}],"replies":[{"embeddable":true,"href":"http:\/\/www.marsaly.fr\/fred\/wp-json\/wp\/v2\/comments?post=7878"}],"version-history":[{"count":19,"href":"http:\/\/www.marsaly.fr\/fred\/wp-json\/wp\/v2\/posts\/7878\/revisions"}],"predecessor-version":[{"id":8039,"href":"http:\/\/www.marsaly.fr\/fred\/wp-json\/wp\/v2\/posts\/7878\/revisions\/8039"}],"wp:featuredmedia":[{"embeddable":true,"href":"http:\/\/www.marsaly.fr\/fred\/wp-json\/wp\/v2\/media\/8033"}],"wp:attachment":[{"href":"http:\/\/www.marsaly.fr\/fred\/wp-json\/wp\/v2\/media?parent=7878"}],"wp:term":[{"taxonomy":"category","embeddable":true,"href":"http:\/\/www.marsaly.fr\/fred\/wp-json\/wp\/v2\/categories?post=7878"},{"taxonomy":"post_tag","embeddable":true,"href":"http:\/\/www.marsaly.fr\/fred\/wp-json\/wp\/v2\/tags?post=7878"}],"curies":[{"name":"wp","href":"https:\/\/api.w.org\/{rel}","templated":true}]}}