{"id":7876,"date":"2021-10-04T00:50:31","date_gmt":"2021-10-03T22:50:31","guid":{"rendered":"http:\/\/www.marsaly.fr\/fred\/?p=7876"},"modified":"2021-10-04T00:50:31","modified_gmt":"2021-10-03T22:50:31","slug":"quelques-heures-a-friedrichshafen","status":"publish","type":"post","link":"http:\/\/www.marsaly.fr\/fred\/quelques-heures-a-friedrichshafen\/","title":{"rendered":"Quelques heures \u00e0 Friedrichshafen"},"content":{"rendered":"<p style=\"text-align: justify;\">Situ\u00e9e au bord du Lac de Constance, dans le Bade-Wurtemberg, Friedrichshafen est une petite bourgade calme et paisible comme les villes d&rsquo;eau se doivent de l&rsquo;\u00eatre. C&rsquo;est pourtant un nom qui titille d&rsquo;oreille du passionn\u00e9 d&rsquo;aviation parfois sans trop savoir pourquoi, du reste.<\/p>\n<div id=\"attachment_7953\" style=\"width: 1034px\" class=\"wp-caption alignnone\"><a href=\"http:\/\/www.marsaly.fr\/fred\/wp-content\/uploads\/2021\/10\/DSC_8230.jpg\"><img aria-describedby=\"caption-attachment-7953\" decoding=\"async\" loading=\"lazy\" class=\"wp-image-7953 size-full\" src=\"http:\/\/www.marsaly.fr\/fred\/wp-content\/uploads\/2021\/10\/DSC_8230.jpg\" alt=\"\" width=\"1024\" height=\"558\" srcset=\"http:\/\/www.marsaly.fr\/fred\/wp-content\/uploads\/2021\/10\/DSC_8230.jpg 1024w, http:\/\/www.marsaly.fr\/fred\/wp-content\/uploads\/2021\/10\/DSC_8230-300x163.jpg 300w, http:\/\/www.marsaly.fr\/fred\/wp-content\/uploads\/2021\/10\/DSC_8230-768x419.jpg 768w, http:\/\/www.marsaly.fr\/fred\/wp-content\/uploads\/2021\/10\/DSC_8230-500x272.jpg 500w\" sizes=\"(max-width: 1024px) 100vw, 1024px\" \/><\/a><p id=\"caption-attachment-7953\" class=\"wp-caption-text\">La ville est d\u00e9finitivement le fief de Zeppelin, et \u00e7a fait plus d&rsquo;un si\u00e8cle que \u00e7a dure !<\/p><\/div>\n<p style=\"text-align: justify;\">Maybach et MTU, motoristes de renom, ont leur racines sur les rives du Bodensee, tout comme les avionneurs Zeppelin ou Dornier. L&rsquo;a\u00e9rodrome fut pendant presque un demi-si\u00e8cle une base de l&rsquo;Arm\u00e9e de l&rsquo;Air (BA 136) puis de l&rsquo;ALAT et la ville accueillit bien des unit\u00e9s des Forces Fran\u00e7aises en Allemagne jusqu&rsquo;au milieu des ann\u00e9es 90.<\/p>\n<div id=\"attachment_7943\" style=\"width: 1034px\" class=\"wp-caption alignnone\"><a href=\"http:\/\/www.marsaly.fr\/fred\/wp-content\/uploads\/2021\/10\/DSC_8251.jpg\"><img aria-describedby=\"caption-attachment-7943\" decoding=\"async\" loading=\"lazy\" class=\"wp-image-7943 size-full\" src=\"http:\/\/www.marsaly.fr\/fred\/wp-content\/uploads\/2021\/10\/DSC_8251.jpg\" alt=\"\" width=\"1024\" height=\"277\" srcset=\"http:\/\/www.marsaly.fr\/fred\/wp-content\/uploads\/2021\/10\/DSC_8251.jpg 1024w, http:\/\/www.marsaly.fr\/fred\/wp-content\/uploads\/2021\/10\/DSC_8251-300x81.jpg 300w, http:\/\/www.marsaly.fr\/fred\/wp-content\/uploads\/2021\/10\/DSC_8251-768x208.jpg 768w, http:\/\/www.marsaly.fr\/fred\/wp-content\/uploads\/2021\/10\/DSC_8251-500x135.jpg 500w\" sizes=\"(max-width: 1024px) 100vw, 1024px\" \/><\/a><p id=\"caption-attachment-7943\" class=\"wp-caption-text\">Le dernier vestige de la base a\u00e9rienne fran\u00e7aise, la tour de contr\u00f4le et le b\u00e2timent de la s\u00e9curit\u00e9 incendie.<\/p><\/div>\n<p style=\"text-align: justify;\">De ce pass\u00e9 a\u00e9ronautique fort, il reste plus que des traces avec, notamment, l&rsquo;organisation annuelle du salon de l&rsquo;aviation l\u00e9g\u00e8re et sportive <a href=\"https:\/\/www.aerobuzz.fr\/breves-aviation-generale\/aero-friedrichshafen-vise-un-record-en-2019\/\">AERO<\/a> qui s&rsquo;installe chaque printemps dans les immenses hall du parc d&rsquo;exposition construit en bordure de l&rsquo;a\u00e9rodrome mais dont les deux derni\u00e8res \u00e9ditions ont \u00e9t\u00e9 annul\u00e9es pour les raisons qu&rsquo;on imagine bien.<\/p>\n<div id=\"attachment_7944\" style=\"width: 1034px\" class=\"wp-caption alignnone\"><a href=\"http:\/\/www.marsaly.fr\/fred\/wp-content\/uploads\/2021\/10\/DSC_8321.jpg\"><img aria-describedby=\"caption-attachment-7944\" decoding=\"async\" loading=\"lazy\" class=\"wp-image-7944 size-full\" src=\"http:\/\/www.marsaly.fr\/fred\/wp-content\/uploads\/2021\/10\/DSC_8321.jpg\" alt=\"\" width=\"1024\" height=\"499\" srcset=\"http:\/\/www.marsaly.fr\/fred\/wp-content\/uploads\/2021\/10\/DSC_8321.jpg 1024w, http:\/\/www.marsaly.fr\/fred\/wp-content\/uploads\/2021\/10\/DSC_8321-300x146.jpg 300w, http:\/\/www.marsaly.fr\/fred\/wp-content\/uploads\/2021\/10\/DSC_8321-768x374.jpg 768w, http:\/\/www.marsaly.fr\/fred\/wp-content\/uploads\/2021\/10\/DSC_8321-500x244.jpg 500w\" sizes=\"(max-width: 1024px) 100vw, 1024px\" \/><\/a><p id=\"caption-attachment-7944\" class=\"wp-caption-text\">Un Zeppelin NT \u00e0 l&rsquo;atterrissage passe devant les hall du Messe, les immenses hall d&rsquo;exposition de la ville.<\/p><\/div>\n<p style=\"text-align: justify;\">Mais c&rsquo;est une activit\u00e9 a\u00e9ronautique peu fr\u00e9quente qui est souvent la plus visible quand on arrive en ville puisqu&rsquo;il s&rsquo;agit d&rsquo;un <a href=\"http:\/\/www.marsaly.fr\/fred\/quelques-bords-de-pistes-de-californie-2\/\">des rares endroits au monde o\u00f9 on peut voler en ballon dirigeable<\/a>. La soci\u00e9t\u00e9 Zeppelin NT a install\u00e9 ses ateliers et son a\u00e9rogare \u00e0 l&rsquo;endroit o\u00f9 les paquebots volants du comte \u00e9ponyme s&rsquo;envolaient il y a un si\u00e8cle d\u00e9j\u00e0, les traditions, \u00e7a a du bon !<\/p>\n<div id=\"attachment_7945\" style=\"width: 1034px\" class=\"wp-caption alignnone\"><a href=\"http:\/\/www.marsaly.fr\/fred\/wp-content\/uploads\/2021\/10\/IMG_20210915_122522.jpg\"><img aria-describedby=\"caption-attachment-7945\" decoding=\"async\" loading=\"lazy\" class=\"wp-image-7945 size-full\" src=\"http:\/\/www.marsaly.fr\/fred\/wp-content\/uploads\/2021\/10\/IMG_20210915_122522.jpg\" alt=\"\" width=\"1024\" height=\"740\" srcset=\"http:\/\/www.marsaly.fr\/fred\/wp-content\/uploads\/2021\/10\/IMG_20210915_122522.jpg 1024w, http:\/\/www.marsaly.fr\/fred\/wp-content\/uploads\/2021\/10\/IMG_20210915_122522-300x217.jpg 300w, http:\/\/www.marsaly.fr\/fred\/wp-content\/uploads\/2021\/10\/IMG_20210915_122522-768x555.jpg 768w, http:\/\/www.marsaly.fr\/fred\/wp-content\/uploads\/2021\/10\/IMG_20210915_122522-415x300.jpg 415w\" sizes=\"(max-width: 1024px) 100vw, 1024px\" \/><\/a><p id=\"caption-attachment-7945\" class=\"wp-caption-text\">L&rsquo;entr\u00e9e de l&rsquo;a\u00e9rogare Zeppelin qui accueille \u00e9galement une sympathique boutique de souvenirs&#8230;<\/p><\/div>\n<p style=\"text-align: justify;\">D\u00e9sormais, ce sont des Zeppelin NT qui permettent aux amateurs de survoler la r\u00e9gion pour un tarif certes \u00e9lev\u00e9 mais pas totalement d\u00e9raisonnable puisque les places commencent \u00e0 260 \u20ac pour l&rsquo;itin\u00e9raire le plus court soit 30 minutes. La mise en \u0153uvre de ces \u00e9l\u00e9gants a\u00e9rostats est un spectacle en soi. L&rsquo;envie de go\u00fbter \u00e0 une autre forme de vol peut alors germer facilement&#8230;.On vous aura pr\u00e9venu !<\/p>\n<div id=\"attachment_7946\" style=\"width: 1034px\" class=\"wp-caption alignnone\"><a href=\"http:\/\/www.marsaly.fr\/fred\/wp-content\/uploads\/2021\/10\/DSC_8249.jpg\"><img aria-describedby=\"caption-attachment-7946\" decoding=\"async\" loading=\"lazy\" class=\"wp-image-7946 size-full\" src=\"http:\/\/www.marsaly.fr\/fred\/wp-content\/uploads\/2021\/10\/DSC_8249.jpg\" alt=\"\" width=\"1024\" height=\"678\" srcset=\"http:\/\/www.marsaly.fr\/fred\/wp-content\/uploads\/2021\/10\/DSC_8249.jpg 1024w, http:\/\/www.marsaly.fr\/fred\/wp-content\/uploads\/2021\/10\/DSC_8249-300x199.jpg 300w, http:\/\/www.marsaly.fr\/fred\/wp-content\/uploads\/2021\/10\/DSC_8249-768x509.jpg 768w, http:\/\/www.marsaly.fr\/fred\/wp-content\/uploads\/2021\/10\/DSC_8249-453x300.jpg 453w\" sizes=\"(max-width: 1024px) 100vw, 1024px\" \/><\/a><p id=\"caption-attachment-7946\" class=\"wp-caption-text\">Au moins trois hommes sont n\u00e9cessaire pour l&rsquo;amarrage du dirigeable ainsi qu&rsquo;un v\u00e9hicule sp\u00e9cialis\u00e9 dot\u00e9 d&rsquo;un m\u00e2t inclinable.<\/p><\/div>\n<div id=\"attachment_7954\" style=\"width: 1034px\" class=\"wp-caption alignnone\"><a href=\"http:\/\/www.marsaly.fr\/fred\/wp-content\/uploads\/2021\/10\/IMG_20210915_125026_1.jpg\"><img aria-describedby=\"caption-attachment-7954\" decoding=\"async\" loading=\"lazy\" class=\"wp-image-7954 size-full\" src=\"http:\/\/www.marsaly.fr\/fred\/wp-content\/uploads\/2021\/10\/IMG_20210915_125026_1.jpg\" alt=\"\" width=\"1024\" height=\"808\" srcset=\"http:\/\/www.marsaly.fr\/fred\/wp-content\/uploads\/2021\/10\/IMG_20210915_125026_1.jpg 1024w, http:\/\/www.marsaly.fr\/fred\/wp-content\/uploads\/2021\/10\/IMG_20210915_125026_1-300x237.jpg 300w, http:\/\/www.marsaly.fr\/fred\/wp-content\/uploads\/2021\/10\/IMG_20210915_125026_1-768x606.jpg 768w, http:\/\/www.marsaly.fr\/fred\/wp-content\/uploads\/2021\/10\/IMG_20210915_125026_1-380x300.jpg 380w\" sizes=\"(max-width: 1024px) 100vw, 1024px\" \/><\/a><p id=\"caption-attachment-7954\" class=\"wp-caption-text\">Le grillage est m\u00eame pens\u00e9 pour permettre aux photographes d&rsquo;immortaliser le spectacle, riche id\u00e9e !<\/p><\/div>\n<p style=\"text-align: justify;\">De l&rsquo;autre c\u00f4t\u00e9 de la piste, le mus\u00e9e Dornier m\u00e9rite \u00e9galement le d\u00e9tour. Ils vous accueille avec le prototype de jet de transport \u00e0 d\u00e9collage vertical Do 31 superbement restaur\u00e9, juste sur le parvis devant l&rsquo;entr\u00e9e : le ton est donn\u00e9.<\/p>\n<div id=\"attachment_7947\" style=\"width: 1034px\" class=\"wp-caption alignnone\"><a href=\"http:\/\/www.marsaly.fr\/fred\/wp-content\/uploads\/2021\/10\/DSC_8273.jpg\"><img aria-describedby=\"caption-attachment-7947\" decoding=\"async\" loading=\"lazy\" class=\"wp-image-7947 size-full\" src=\"http:\/\/www.marsaly.fr\/fred\/wp-content\/uploads\/2021\/10\/DSC_8273.jpg\" alt=\"\" width=\"1024\" height=\"459\" srcset=\"http:\/\/www.marsaly.fr\/fred\/wp-content\/uploads\/2021\/10\/DSC_8273.jpg 1024w, http:\/\/www.marsaly.fr\/fred\/wp-content\/uploads\/2021\/10\/DSC_8273-300x134.jpg 300w, http:\/\/www.marsaly.fr\/fred\/wp-content\/uploads\/2021\/10\/DSC_8273-768x344.jpg 768w, http:\/\/www.marsaly.fr\/fred\/wp-content\/uploads\/2021\/10\/DSC_8273-500x224.jpg 500w\" sizes=\"(max-width: 1024px) 100vw, 1024px\" \/><\/a><p id=\"caption-attachment-7947\" class=\"wp-caption-text\">Le premier prototype du Do 31 pr\u00e9serv\u00e9, restaur\u00e9 et expos\u00e9 devant l&rsquo;entr\u00e9e du mus\u00e9e.<\/p><\/div>\n<p style=\"text-align: justify;\">A l&rsquo;int\u00e9rieur de nombreux documents et maquettes \u00e9clairent l&rsquo;aventure de cet avionneur \u00e0 l&rsquo;histoire particuli\u00e8re et ses productions, notamment l&rsquo;immense hydravion Do X. Une petite exposition statique ext\u00e9rieure permet d&rsquo;approcher un Breguet Atlantic de la marine Allemande, programme auquel Dornier \u00e9tait associ\u00e9, un Fiat G.91 que l&rsquo;entreprise construisit sous licence et plusieurs productions maison dont un Do 27, le Do 28 E TNT qui pr\u00e9figura le 228 et un Do 328Jet (visitable).<\/p>\n<div id=\"attachment_7948\" style=\"width: 1034px\" class=\"wp-caption alignnone\"><a href=\"http:\/\/www.marsaly.fr\/fred\/wp-content\/uploads\/2021\/10\/DSC_8290.jpg\"><img aria-describedby=\"caption-attachment-7948\" decoding=\"async\" loading=\"lazy\" class=\"wp-image-7948 size-full\" src=\"http:\/\/www.marsaly.fr\/fred\/wp-content\/uploads\/2021\/10\/DSC_8290.jpg\" alt=\"\" width=\"1024\" height=\"650\" srcset=\"http:\/\/www.marsaly.fr\/fred\/wp-content\/uploads\/2021\/10\/DSC_8290.jpg 1024w, http:\/\/www.marsaly.fr\/fred\/wp-content\/uploads\/2021\/10\/DSC_8290-300x190.jpg 300w, http:\/\/www.marsaly.fr\/fred\/wp-content\/uploads\/2021\/10\/DSC_8290-768x488.jpg 768w, http:\/\/www.marsaly.fr\/fred\/wp-content\/uploads\/2021\/10\/DSC_8290-473x300.jpg 473w\" sizes=\"(max-width: 1024px) 100vw, 1024px\" \/><\/a><p id=\"caption-attachment-7948\" class=\"wp-caption-text\">Ce Dornier 328 jet est visitable.<\/p><\/div>\n<p style=\"text-align: justify;\">Un grand hall, un peu vide, h\u00e9berge, entre-autres, le prototype de l&rsquo;Alpha Jet A et les r\u00e9pliques d&rsquo;un Dornier Merkur (autour de 1925) et celle d&rsquo;un un somptueux hydravion Dornier Wal.<\/p>\n<div id=\"attachment_7949\" style=\"width: 1034px\" class=\"wp-caption alignnone\"><a href=\"http:\/\/www.marsaly.fr\/fred\/wp-content\/uploads\/2021\/10\/DSC_8331.jpg\"><img aria-describedby=\"caption-attachment-7949\" decoding=\"async\" loading=\"lazy\" class=\"wp-image-7949 size-full\" src=\"http:\/\/www.marsaly.fr\/fred\/wp-content\/uploads\/2021\/10\/DSC_8331.jpg\" alt=\"\" width=\"1024\" height=\"575\" srcset=\"http:\/\/www.marsaly.fr\/fred\/wp-content\/uploads\/2021\/10\/DSC_8331.jpg 1024w, http:\/\/www.marsaly.fr\/fred\/wp-content\/uploads\/2021\/10\/DSC_8331-300x168.jpg 300w, http:\/\/www.marsaly.fr\/fred\/wp-content\/uploads\/2021\/10\/DSC_8331-768x431.jpg 768w, http:\/\/www.marsaly.fr\/fred\/wp-content\/uploads\/2021\/10\/DSC_8331-500x281.jpg 500w\" sizes=\"(max-width: 1024px) 100vw, 1024px\" \/><\/a><p id=\"caption-attachment-7949\" class=\"wp-caption-text\">Le premier prototype de l&rsquo;Alpha Jet A, la version d&rsquo;attaque utilis\u00e9e par la Luftwaffe.<\/p><\/div>\n<div id=\"attachment_7950\" style=\"width: 1034px\" class=\"wp-caption alignnone\"><a href=\"http:\/\/www.marsaly.fr\/fred\/wp-content\/uploads\/2021\/10\/IMG_20210915_140358_1.jpg\"><img aria-describedby=\"caption-attachment-7950\" decoding=\"async\" loading=\"lazy\" class=\"wp-image-7950 size-full\" src=\"http:\/\/www.marsaly.fr\/fred\/wp-content\/uploads\/2021\/10\/IMG_20210915_140358_1.jpg\" alt=\"\" width=\"1024\" height=\"418\" srcset=\"http:\/\/www.marsaly.fr\/fred\/wp-content\/uploads\/2021\/10\/IMG_20210915_140358_1.jpg 1024w, http:\/\/www.marsaly.fr\/fred\/wp-content\/uploads\/2021\/10\/IMG_20210915_140358_1-300x122.jpg 300w, http:\/\/www.marsaly.fr\/fred\/wp-content\/uploads\/2021\/10\/IMG_20210915_140358_1-768x314.jpg 768w, http:\/\/www.marsaly.fr\/fred\/wp-content\/uploads\/2021\/10\/IMG_20210915_140358_1-500x204.jpg 500w\" sizes=\"(max-width: 1024px) 100vw, 1024px\" \/><\/a><p id=\"caption-attachment-7950\" class=\"wp-caption-text\">Une r\u00e9plique taille r\u00e9elle d&rsquo;un des deux Dornier Wal utilis\u00e9s pour l&rsquo;exp\u00e9dition de Roald Amundsen au p\u00f4le nord en 1925.<\/p><\/div>\n<p style=\"text-align: justify;\">Une petite esplanade avec acc\u00e8s sur la piste accueille le Dornier 24T arr\u00eat\u00e9 de vol (temporairement ?) apr\u00e8s un <a href=\"https:\/\/www.youtube.com\/watch?v=3pWoecl1M8s\">accident \u00e0 l\u2019amerrissage<\/a> en 2015 et plusieurs autres machines dont un Do 28 ainsi qu&rsquo;un tr\u00e8s int\u00e9ressant Do 228 d&rsquo;exploration polaire.<\/p>\n<div id=\"attachment_7951\" style=\"width: 1034px\" class=\"wp-caption alignnone\"><a href=\"http:\/\/www.marsaly.fr\/fred\/wp-content\/uploads\/2021\/10\/DSC_8354.jpg\"><img aria-describedby=\"caption-attachment-7951\" decoding=\"async\" loading=\"lazy\" class=\"wp-image-7951 size-full\" src=\"http:\/\/www.marsaly.fr\/fred\/wp-content\/uploads\/2021\/10\/DSC_8354.jpg\" alt=\"\" width=\"1024\" height=\"610\" srcset=\"http:\/\/www.marsaly.fr\/fred\/wp-content\/uploads\/2021\/10\/DSC_8354.jpg 1024w, http:\/\/www.marsaly.fr\/fred\/wp-content\/uploads\/2021\/10\/DSC_8354-300x179.jpg 300w, http:\/\/www.marsaly.fr\/fred\/wp-content\/uploads\/2021\/10\/DSC_8354-768x458.jpg 768w, http:\/\/www.marsaly.fr\/fred\/wp-content\/uploads\/2021\/10\/DSC_8354-500x298.jpg 500w\" sizes=\"(max-width: 1024px) 100vw, 1024px\" \/><\/a><p id=\"caption-attachment-7951\" class=\"wp-caption-text\">Le Dornier 24T semble avoir \u00e9t\u00e9 r\u00e9par\u00e9 apr\u00e8s son accident. Revolera-t-il un jour ?<\/p><\/div>\n<div id=\"attachment_7952\" style=\"width: 1034px\" class=\"wp-caption alignnone\"><a href=\"http:\/\/www.marsaly.fr\/fred\/wp-content\/uploads\/2021\/10\/DSC_8349.jpg\"><img aria-describedby=\"caption-attachment-7952\" decoding=\"async\" loading=\"lazy\" class=\"wp-image-7952 size-full\" src=\"http:\/\/www.marsaly.fr\/fred\/wp-content\/uploads\/2021\/10\/DSC_8349.jpg\" alt=\"\" width=\"1024\" height=\"617\" srcset=\"http:\/\/www.marsaly.fr\/fred\/wp-content\/uploads\/2021\/10\/DSC_8349.jpg 1024w, http:\/\/www.marsaly.fr\/fred\/wp-content\/uploads\/2021\/10\/DSC_8349-300x181.jpg 300w, http:\/\/www.marsaly.fr\/fred\/wp-content\/uploads\/2021\/10\/DSC_8349-768x463.jpg 768w, http:\/\/www.marsaly.fr\/fred\/wp-content\/uploads\/2021\/10\/DSC_8349-498x300.jpg 498w\" sizes=\"(max-width: 1024px) 100vw, 1024px\" \/><\/a><p id=\"caption-attachment-7952\" class=\"wp-caption-text\">Un des Dornier modifi\u00e9s pour l&rsquo;exploration polaire et utilis\u00e9s par l&rsquo;institut Alfred Wegener d\u00e9sormais pr\u00e9serv\u00e9.<\/p><\/div>\n<p style=\"text-align: justify;\">En ville, sur le port, se trouve le mus\u00e9e consacr\u00e9 \u00e0 l&rsquo;aventure Zeppelin.<\/p>\n<div id=\"attachment_7959\" style=\"width: 1034px\" class=\"wp-caption alignnone\"><a href=\"http:\/\/www.marsaly.fr\/fred\/wp-content\/uploads\/2021\/10\/IMG_20210916_092303_1.jpg\"><img aria-describedby=\"caption-attachment-7959\" decoding=\"async\" loading=\"lazy\" class=\"wp-image-7959 size-full\" src=\"http:\/\/www.marsaly.fr\/fred\/wp-content\/uploads\/2021\/10\/IMG_20210916_092303_1.jpg\" alt=\"\" width=\"1024\" height=\"600\" srcset=\"http:\/\/www.marsaly.fr\/fred\/wp-content\/uploads\/2021\/10\/IMG_20210916_092303_1.jpg 1024w, http:\/\/www.marsaly.fr\/fred\/wp-content\/uploads\/2021\/10\/IMG_20210916_092303_1-300x176.jpg 300w, http:\/\/www.marsaly.fr\/fred\/wp-content\/uploads\/2021\/10\/IMG_20210916_092303_1-768x450.jpg 768w, http:\/\/www.marsaly.fr\/fred\/wp-content\/uploads\/2021\/10\/IMG_20210916_092303_1-500x293.jpg 500w\" sizes=\"(max-width: 1024px) 100vw, 1024px\" \/><\/a><p id=\"caption-attachment-7959\" class=\"wp-caption-text\">Le mus\u00e9e tel qu&rsquo;il appara\u00eet depuis le ferry appareillant pour la Suisse.<\/p><\/div>\n<div id=\"attachment_7955\" style=\"width: 1034px\" class=\"wp-caption alignnone\"><a href=\"http:\/\/www.marsaly.fr\/fred\/wp-content\/uploads\/2021\/10\/IMG_20210915_152444.jpg\"><img aria-describedby=\"caption-attachment-7955\" decoding=\"async\" loading=\"lazy\" class=\"wp-image-7955 size-full\" src=\"http:\/\/www.marsaly.fr\/fred\/wp-content\/uploads\/2021\/10\/IMG_20210915_152444.jpg\" alt=\"\" width=\"1024\" height=\"768\" srcset=\"http:\/\/www.marsaly.fr\/fred\/wp-content\/uploads\/2021\/10\/IMG_20210915_152444.jpg 1024w, http:\/\/www.marsaly.fr\/fred\/wp-content\/uploads\/2021\/10\/IMG_20210915_152444-300x225.jpg 300w, http:\/\/www.marsaly.fr\/fred\/wp-content\/uploads\/2021\/10\/IMG_20210915_152444-768x576.jpg 768w, http:\/\/www.marsaly.fr\/fred\/wp-content\/uploads\/2021\/10\/IMG_20210915_152444-400x300.jpg 400w\" sizes=\"(max-width: 1024px) 100vw, 1024px\" \/><\/a><p id=\"caption-attachment-7955\" class=\"wp-caption-text\">Cette reconstitution du dirigeable mesure une trentaine de m\u00e8tres de long. Impressionnant !<\/p><\/div>\n<p style=\"text-align: justify;\">Il marque d&rsquo;entr\u00e9e les visiteurs avec la reconstitution \u00e0 \u00e9chelle r\u00e9elle d&rsquo;une tranche du LZ 129 \u00ab\u00a0Hindenburg\u00a0\u00bb qui mesurait quelques 245 m\u00e8tres de long pour un volume de 200\u00a0000 m\u00b3 et qui effectua 63 travers\u00e9es de l&rsquo;Atlantique avant d&rsquo;exploser \u00e0 son arriv\u00e9e \u00e0 Lakehurst le 6 mai 1937.<\/p>\n<p style=\"text-align: justify;\">Outre sa structure interne, cette reconstitution comporte aussi une salle \u00e0 manger avec ses imposantes coursives vitr\u00e9es permettant aux passagers de profiter de fa\u00e7on spectaculaire des paysages survol\u00e9s.<\/p>\n<div id=\"attachment_7956\" style=\"width: 1034px\" class=\"wp-caption alignnone\"><a href=\"http:\/\/www.marsaly.fr\/fred\/wp-content\/uploads\/2021\/10\/IMG_20210915_153915_1.jpg\"><img aria-describedby=\"caption-attachment-7956\" decoding=\"async\" loading=\"lazy\" class=\"wp-image-7956 size-full\" src=\"http:\/\/www.marsaly.fr\/fred\/wp-content\/uploads\/2021\/10\/IMG_20210915_153915_1.jpg\" alt=\"\" width=\"1024\" height=\"768\" srcset=\"http:\/\/www.marsaly.fr\/fred\/wp-content\/uploads\/2021\/10\/IMG_20210915_153915_1.jpg 1024w, http:\/\/www.marsaly.fr\/fred\/wp-content\/uploads\/2021\/10\/IMG_20210915_153915_1-300x225.jpg 300w, http:\/\/www.marsaly.fr\/fred\/wp-content\/uploads\/2021\/10\/IMG_20210915_153915_1-768x576.jpg 768w, http:\/\/www.marsaly.fr\/fred\/wp-content\/uploads\/2021\/10\/IMG_20210915_153915_1-400x300.jpg 400w\" sizes=\"(max-width: 1024px) 100vw, 1024px\" \/><\/a><p id=\"caption-attachment-7956\" class=\"wp-caption-text\">La structure interne de l&rsquo;enveloppe a \u00e9t\u00e9 \u00e9galement reconstitu\u00e9e et montre les techniques utilis\u00e9es \u00e0 l&rsquo;\u00e9poque.<\/p><\/div>\n<div id=\"attachment_7957\" style=\"width: 1034px\" class=\"wp-caption alignnone\"><a href=\"http:\/\/www.marsaly.fr\/fred\/wp-content\/uploads\/2021\/10\/IMG_20210915_152815.jpg\"><img aria-describedby=\"caption-attachment-7957\" decoding=\"async\" loading=\"lazy\" class=\"wp-image-7957 size-full\" src=\"http:\/\/www.marsaly.fr\/fred\/wp-content\/uploads\/2021\/10\/IMG_20210915_152815.jpg\" alt=\"\" width=\"1024\" height=\"714\" srcset=\"http:\/\/www.marsaly.fr\/fred\/wp-content\/uploads\/2021\/10\/IMG_20210915_152815.jpg 1024w, http:\/\/www.marsaly.fr\/fred\/wp-content\/uploads\/2021\/10\/IMG_20210915_152815-300x209.jpg 300w, http:\/\/www.marsaly.fr\/fred\/wp-content\/uploads\/2021\/10\/IMG_20210915_152815-768x536.jpg 768w, http:\/\/www.marsaly.fr\/fred\/wp-content\/uploads\/2021\/10\/IMG_20210915_152815-430x300.jpg 430w\" sizes=\"(max-width: 1024px) 100vw, 1024px\" \/><\/a><p id=\"caption-attachment-7957\" class=\"wp-caption-text\">La salle \u00e0 manger du dirigeable transatlantique, une certaine id\u00e9e du confort moderne des ann\u00e9es 30.<\/p><\/div>\n<div id=\"attachment_7958\" style=\"width: 839px\" class=\"wp-caption alignnone\"><a href=\"http:\/\/www.marsaly.fr\/fred\/wp-content\/uploads\/2021\/10\/IMG_20210915_153209.jpg\"><img aria-describedby=\"caption-attachment-7958\" decoding=\"async\" loading=\"lazy\" class=\"wp-image-7958 size-full\" src=\"http:\/\/www.marsaly.fr\/fred\/wp-content\/uploads\/2021\/10\/IMG_20210915_153209.jpg\" alt=\"\" width=\"829\" height=\"1024\" srcset=\"http:\/\/www.marsaly.fr\/fred\/wp-content\/uploads\/2021\/10\/IMG_20210915_153209.jpg 829w, http:\/\/www.marsaly.fr\/fred\/wp-content\/uploads\/2021\/10\/IMG_20210915_153209-243x300.jpg 243w, http:\/\/www.marsaly.fr\/fred\/wp-content\/uploads\/2021\/10\/IMG_20210915_153209-768x949.jpg 768w\" sizes=\"(max-width: 829px) 100vw, 829px\" \/><\/a><p id=\"caption-attachment-7958\" class=\"wp-caption-text\">Les cabines de l\u2019Hindenburg semblent des plus spartiates.<\/p><\/div>\n<p style=\"text-align: justify;\">Une cabine pour deux personnes est accessible et montre \u00e0 quel point la notion de voyage luxueux a \u00e9volu\u00e9 au fil des d\u00e9cennies au cours du XXe si\u00e8cle !<\/p>\n<div id=\"attachment_7960\" style=\"width: 1034px\" class=\"wp-caption alignnone\"><a href=\"http:\/\/www.marsaly.fr\/fred\/wp-content\/uploads\/2021\/10\/IMG_20210915_153548.jpg\"><img aria-describedby=\"caption-attachment-7960\" decoding=\"async\" loading=\"lazy\" class=\"wp-image-7960 size-full\" src=\"http:\/\/www.marsaly.fr\/fred\/wp-content\/uploads\/2021\/10\/IMG_20210915_153548.jpg\" alt=\"\" width=\"1024\" height=\"646\" srcset=\"http:\/\/www.marsaly.fr\/fred\/wp-content\/uploads\/2021\/10\/IMG_20210915_153548.jpg 1024w, http:\/\/www.marsaly.fr\/fred\/wp-content\/uploads\/2021\/10\/IMG_20210915_153548-300x189.jpg 300w, http:\/\/www.marsaly.fr\/fred\/wp-content\/uploads\/2021\/10\/IMG_20210915_153548-768x485.jpg 768w, http:\/\/www.marsaly.fr\/fred\/wp-content\/uploads\/2021\/10\/IMG_20210915_153548-476x300.jpg 476w\" sizes=\"(max-width: 1024px) 100vw, 1024px\" \/><\/a><p id=\"caption-attachment-7960\" class=\"wp-caption-text\">Une des nacelles moteur du LZ 127 \u00ab\u00a0Graf Zeppelin\u00a0\u00bb, une relique des plus rares.<\/p><\/div>\n<p style=\"text-align: justify;\">D&rsquo;immenses vitrines exposent reliques d&rsquo;\u00e9poques, documents, portraits et permettent de se faire une id\u00e9e pr\u00e9cise du foisonnement d&rsquo;id\u00e9es de cette \u00e9poque, le r\u00f4le des grands hommes de l&rsquo;entreprise, le Baron Zeppelin mais aussi Hugo Eckener, concepteur de dirigeables, pilote mais aussi homme politique \u00e0 l&rsquo;histoire passionnante.<\/p>\n<p style=\"text-align: justify;\">A l&rsquo;occasion d&rsquo;un passage dans la r\u00e9gion, qui n&rsquo;est pas si \u00e9loign\u00e9e de l&rsquo;Alsace, l&rsquo;a\u00e9rodrome de Friedrichshafen et ces deux mus\u00e9es m\u00e9ritent bien qu&rsquo;on leur consacre quelques heures&#8230; et en bonus, un tour en Zeppelin ?!<\/p>\n","protected":false},"excerpt":{"rendered":"<p>Situ\u00e9e au bord du Lac de Constance, dans le Bade-Wurtemberg, Friedrichshafen est une petite bourgade calme et paisible comme les villes d&rsquo;eau se doivent de l&rsquo;\u00eatre. C&rsquo;est pourtant un nom qui titille d&rsquo;oreille du passionn\u00e9 d&rsquo;aviation parfois sans trop savoir &hellip; <a href=\"http:\/\/www.marsaly.fr\/fred\/quelques-heures-a-friedrichshafen\/\">Continuer la lecture <span class=\"meta-nav\">&rarr;<\/span><\/a><\/p>\n","protected":false},"author":2,"featured_media":7963,"comment_status":"open","ping_status":"open","sticky":false,"template":"","format":"standard","meta":[],"categories":[8],"tags":[],"_links":{"self":[{"href":"http:\/\/www.marsaly.fr\/fred\/wp-json\/wp\/v2\/posts\/7876"}],"collection":[{"href":"http:\/\/www.marsaly.fr\/fred\/wp-json\/wp\/v2\/posts"}],"about":[{"href":"http:\/\/www.marsaly.fr\/fred\/wp-json\/wp\/v2\/types\/post"}],"author":[{"embeddable":true,"href":"http:\/\/www.marsaly.fr\/fred\/wp-json\/wp\/v2\/users\/2"}],"replies":[{"embeddable":true,"href":"http:\/\/www.marsaly.fr\/fred\/wp-json\/wp\/v2\/comments?post=7876"}],"version-history":[{"count":13,"href":"http:\/\/www.marsaly.fr\/fred\/wp-json\/wp\/v2\/posts\/7876\/revisions"}],"predecessor-version":[{"id":7978,"href":"http:\/\/www.marsaly.fr\/fred\/wp-json\/wp\/v2\/posts\/7876\/revisions\/7978"}],"wp:featuredmedia":[{"embeddable":true,"href":"http:\/\/www.marsaly.fr\/fred\/wp-json\/wp\/v2\/media\/7963"}],"wp:attachment":[{"href":"http:\/\/www.marsaly.fr\/fred\/wp-json\/wp\/v2\/media?parent=7876"}],"wp:term":[{"taxonomy":"category","embeddable":true,"href":"http:\/\/www.marsaly.fr\/fred\/wp-json\/wp\/v2\/categories?post=7876"},{"taxonomy":"post_tag","embeddable":true,"href":"http:\/\/www.marsaly.fr\/fred\/wp-json\/wp\/v2\/tags?post=7876"}],"curies":[{"name":"wp","href":"https:\/\/api.w.org\/{rel}","templated":true}]}}