{"id":7874,"date":"2021-10-01T14:09:06","date_gmt":"2021-10-01T12:09:06","guid":{"rendered":"http:\/\/www.marsaly.fr\/fred\/?p=7874"},"modified":"2021-10-02T16:32:10","modified_gmt":"2021-10-02T14:32:10","slug":"paris-villaroche-air-legend-2021","status":"publish","type":"post","link":"http:\/\/www.marsaly.fr\/fred\/paris-villaroche-air-legend-2021\/","title":{"rendered":"Paris-Villaroche Air Legend 2021"},"content":{"rendered":"<p style=\"text-align: justify;\">Juste deux semaines apr\u00e8s le rendez-vous de la <a href=\"http:\/\/www.marsaly.fr\/fred\/ferte-alais-le-temps-des-helices-2021\/\">Fert\u00e9-Alais<\/a>, \u00e0 quelques km de l\u00e0, s&rsquo;est d\u00e9roul\u00e9 la troisi\u00e8me \u00e9dition du <a href=\"http:\/\/www.marsaly.fr\/fred\/paris-villaroche-air-legend-2019\/\">Air Legend<\/a> sur l&rsquo;a\u00e9rodrome de Melun-Villaroche. Conform\u00e9ment aux habitudes des organisateurs, le plateau annonc\u00e9 \u00e9tait bien pr\u00e9sent. Et ce fut donc une nouvelle r\u00e9ussite.<\/p>\n<p style=\"text-align: justify;\"><a href=\"http:\/\/www.marsaly.fr\/fred\/wp-content\/uploads\/2021\/09\/melun-air-legend-2021.png\"><img decoding=\"async\" loading=\"lazy\" class=\"alignleft wp-image-7885 size-medium\" src=\"http:\/\/www.marsaly.fr\/fred\/wp-content\/uploads\/2021\/09\/melun-air-legend-2021-215x300.png\" alt=\"\" width=\"215\" height=\"300\" srcset=\"http:\/\/www.marsaly.fr\/fred\/wp-content\/uploads\/2021\/09\/melun-air-legend-2021-215x300.png 215w, http:\/\/www.marsaly.fr\/fred\/wp-content\/uploads\/2021\/09\/melun-air-legend-2021.png 572w\" sizes=\"(max-width: 215px) 100vw, 215px\" \/><\/a>Comme les pr\u00e9c\u00e9dentes \u00e9ditions, le spectacle a\u00e9rien \u00e0 proprement parler ne commen\u00e7ait qu&rsquo;en d\u00e9but d&rsquo;apr\u00e8s-midi, pour laisser le temps aux spectateurs de faire le tour des avions en exposition statique, des nombreux stands ou, pour certains, de profiter de bapt\u00eames de l&rsquo;air en h\u00e9lico ou en avions de collection (Stearman, Travel Air ou m\u00eame T-28).<\/p>\n<p style=\"text-align: justify;\">Les stands \u00e9taient assez nombreux et ce fut une occasion de revoir les amis du <a href=\"http:\/\/www.aerostories.org\/~aerobiblio\/rubrique27.html\">Trait-d&rsquo;Union<\/a>, les <a href=\"http:\/\/www.aerostories.org\/~aerobiblio\/article6785.html\">\u00e9ditions EM37<\/a> ou le groupe Larivi\u00e8re. N\u00e9anmoins l&rsquo;absence de librairies sp\u00e9cialis\u00e9es, notamment une certaine enseigne britannique, fut durement ressentie par certains.<\/p>\n<p style=\"text-align: justify;\">M\u00eame la m\u00e9t\u00e9o s&rsquo;est mise au diapason. Un peu couverte le samedi, plus d\u00e9gag\u00e9e et plus lumineuse le dimanche, il n&rsquo;en fallait gu\u00e8re plus pour contenter tout le monde. Il ne faudra pas oublier que d&rsquo;importantes averses la veille du meeting ont d\u00e9tremp\u00e9 les champs o\u00f9 il \u00e9tait pr\u00e9vu de garer les v\u00e9hicules des spectateurs, entra\u00eenant quelques modifications des acc\u00e8s &#8211; et quelques bouchons &#8211; le samedi matin.<\/p>\n<div id=\"attachment_7887\" style=\"width: 1034px\" class=\"wp-caption alignnone\"><a href=\"http:\/\/www.marsaly.fr\/fred\/wp-content\/uploads\/2021\/09\/Cap-Saget.jpg\"><img aria-describedby=\"caption-attachment-7887\" decoding=\"async\" loading=\"lazy\" class=\"wp-image-7887 size-full\" src=\"http:\/\/www.marsaly.fr\/fred\/wp-content\/uploads\/2021\/09\/Cap-Saget.jpg\" alt=\"\" width=\"1024\" height=\"446\" srcset=\"http:\/\/www.marsaly.fr\/fred\/wp-content\/uploads\/2021\/09\/Cap-Saget.jpg 1024w, http:\/\/www.marsaly.fr\/fred\/wp-content\/uploads\/2021\/09\/Cap-Saget-300x131.jpg 300w, http:\/\/www.marsaly.fr\/fred\/wp-content\/uploads\/2021\/09\/Cap-Saget-768x335.jpg 768w, http:\/\/www.marsaly.fr\/fred\/wp-content\/uploads\/2021\/09\/Cap-Saget-500x218.jpg 500w\" sizes=\"(max-width: 1024px) 100vw, 1024px\" \/><\/a><p id=\"caption-attachment-7887\" class=\"wp-caption-text\">Instructeur voltige, Jean-Marie Saget fut aussi un grand utilisateur du Cap 10.<\/p><\/div>\n<p style=\"text-align: justify;\">Les premiers avions \u00e0 s&rsquo;envoler pour le meeting, en tout d\u00e9but d&rsquo;apr\u00e8s-midi, furent une escadrille d&rsquo;avions Mudry. Il fallait rendre hommage \u00e0 un grand pilote d&rsquo;essais,<a href=\"http:\/\/www.aerostories.org\/~aerobiblio\/article5099.html\"> Jean-Marie Saget<\/a>, disparu le 20 mars 2020 \u00e0 91 ans qui fut une grande figure de Dassault et qui fr\u00e9quenta donc le \u00ab\u00a0Villaroche\u00a0\u00bb de la grande \u00e9poque.<\/p>\n<p style=\"text-align: justify;\">Ce furent ensuite les repr\u00e9sentants des forces a\u00e9riennes fran\u00e7aises qui occup\u00e8rent le ciel ; deux Rafale de la Flottille 17F firent un passage en patrouille avec deux F4U Corsair avant d&rsquo;effectuer une dynamique d\u00e9monstration en vol.<\/p>\n<div id=\"attachment_7888\" style=\"width: 1034px\" class=\"wp-caption alignnone\"><a href=\"http:\/\/www.marsaly.fr\/fred\/wp-content\/uploads\/2021\/09\/box-Mareine.jpg\"><img aria-describedby=\"caption-attachment-7888\" decoding=\"async\" loading=\"lazy\" class=\"wp-image-7888 size-full\" src=\"http:\/\/www.marsaly.fr\/fred\/wp-content\/uploads\/2021\/09\/box-Mareine.jpg\" alt=\"\" width=\"1024\" height=\"446\" srcset=\"http:\/\/www.marsaly.fr\/fred\/wp-content\/uploads\/2021\/09\/box-Mareine.jpg 1024w, http:\/\/www.marsaly.fr\/fred\/wp-content\/uploads\/2021\/09\/box-Mareine-300x131.jpg 300w, http:\/\/www.marsaly.fr\/fred\/wp-content\/uploads\/2021\/09\/box-Mareine-768x335.jpg 768w, http:\/\/www.marsaly.fr\/fred\/wp-content\/uploads\/2021\/09\/box-Mareine-500x218.jpg 500w\" sizes=\"(max-width: 1024px) 100vw, 1024px\" \/><\/a><p id=\"caption-attachment-7888\" class=\"wp-caption-text\">Impressionnant box Rafale et Corsair en formation tr\u00e8s serr\u00e9e. Une belle entr\u00e9e en mati\u00e8re.<\/p><\/div>\n<div id=\"attachment_7889\" style=\"width: 1034px\" class=\"wp-caption alignnone\"><a href=\"http:\/\/www.marsaly.fr\/fred\/wp-content\/uploads\/2021\/09\/croisement-Rafale.jpg\"><img aria-describedby=\"caption-attachment-7889\" decoding=\"async\" loading=\"lazy\" class=\"wp-image-7889 size-full\" src=\"http:\/\/www.marsaly.fr\/fred\/wp-content\/uploads\/2021\/09\/croisement-Rafale.jpg\" alt=\"\" width=\"1024\" height=\"462\" srcset=\"http:\/\/www.marsaly.fr\/fred\/wp-content\/uploads\/2021\/09\/croisement-Rafale.jpg 1024w, http:\/\/www.marsaly.fr\/fred\/wp-content\/uploads\/2021\/09\/croisement-Rafale-300x135.jpg 300w, http:\/\/www.marsaly.fr\/fred\/wp-content\/uploads\/2021\/09\/croisement-Rafale-768x347.jpg 768w, http:\/\/www.marsaly.fr\/fred\/wp-content\/uploads\/2021\/09\/croisement-Rafale-500x226.jpg 500w\" sizes=\"(max-width: 1024px) 100vw, 1024px\" \/><\/a><p id=\"caption-attachment-7889\" class=\"wp-caption-text\">Croisement de Rafale<\/p><\/div>\n<p>Il furent suivis par quelques passages de l&rsquo;Atlantique n\u00b018. Ce fut ensuite le tour de la tr\u00e8s belle d\u00e9monstration de l&rsquo;A400M d&rsquo;occuper le ciel.<\/p>\n<div id=\"attachment_7895\" style=\"width: 1034px\" class=\"wp-caption alignnone\"><a href=\"http:\/\/www.marsaly.fr\/fred\/wp-content\/uploads\/2021\/09\/A400M-Touraine.jpg\"><img aria-describedby=\"caption-attachment-7895\" decoding=\"async\" loading=\"lazy\" class=\"wp-image-7895 size-full\" src=\"http:\/\/www.marsaly.fr\/fred\/wp-content\/uploads\/2021\/09\/A400M-Touraine.jpg\" alt=\"\" width=\"1024\" height=\"486\" srcset=\"http:\/\/www.marsaly.fr\/fred\/wp-content\/uploads\/2021\/09\/A400M-Touraine.jpg 1024w, http:\/\/www.marsaly.fr\/fred\/wp-content\/uploads\/2021\/09\/A400M-Touraine-300x142.jpg 300w, http:\/\/www.marsaly.fr\/fred\/wp-content\/uploads\/2021\/09\/A400M-Touraine-768x365.jpg 768w, http:\/\/www.marsaly.fr\/fred\/wp-content\/uploads\/2021\/09\/A400M-Touraine-500x237.jpg 500w\" sizes=\"(max-width: 1024px) 100vw, 1024px\" \/><\/a><p id=\"caption-attachment-7895\" class=\"wp-caption-text\">Pour sa d\u00e9mo, le Tactical A400M Display team avait un avion aux couleurs du \u00ab\u00a0Touraine\u00a0\u00bb.<\/p><\/div>\n<p style=\"text-align: justify;\">L&rsquo;arm\u00e9e de l&rsquo;Air \u00e9tait repr\u00e9sent\u00e9e par le duo des Gusto, deux Mirage 2000 de l&rsquo;Escadron de Chasse 2\/5 \u00ab\u00a0\u00eele de France\u00a0\u00bb de la base d&rsquo;Orange. Revoir des \u00ab\u00a02000 bleus\u00a0\u00bb fendre le ciel fut un moment d\u00e9licieux, rappelant aux plus jeunes qu&rsquo;avant le Rafale, la chasse fran\u00e7aise disposait d\u00e9j\u00e0 d&rsquo;un chasseur des plus spectaculaires et d\u00e9monstratifs. Superbe !<\/p>\n\n\t\t<style type=\"text\/css\">\n\t\t\t#gallery-1 {\n\t\t\t\tmargin: auto;\n\t\t\t}\n\t\t\t#gallery-1 .gallery-item {\n\t\t\t\tfloat: left;\n\t\t\t\tmargin-top: 10px;\n\t\t\t\ttext-align: center;\n\t\t\t\twidth: 33%;\n\t\t\t}\n\t\t\t#gallery-1 img {\n\t\t\t\tborder: 2px solid #cfcfcf;\n\t\t\t}\n\t\t\t#gallery-1 .gallery-caption {\n\t\t\t\tmargin-left: 0;\n\t\t\t}\n\t\t\t\/* see gallery_shortcode() in wp-includes\/media.php *\/\n\t\t<\/style>\n\t\t<div id='gallery-1' class='gallery galleryid-7874 gallery-columns-3 gallery-size-medium'><dl class='gallery-item'>\n\t\t\t<dt class='gallery-icon landscape'>\n\t\t\t\t<a href='http:\/\/www.marsaly.fr\/fred\/paris-villaroche-air-legend-2021\/mirage-2000\/'><img width=\"300\" height=\"169\" src=\"http:\/\/www.marsaly.fr\/fred\/wp-content\/uploads\/2021\/09\/Mirage-2000-300x169.jpg\" class=\"attachment-medium size-medium\" alt=\"\" decoding=\"async\" loading=\"lazy\" aria-describedby=\"gallery-1-7890\" srcset=\"http:\/\/www.marsaly.fr\/fred\/wp-content\/uploads\/2021\/09\/Mirage-2000-300x169.jpg 300w, http:\/\/www.marsaly.fr\/fred\/wp-content\/uploads\/2021\/09\/Mirage-2000-768x432.jpg 768w, http:\/\/www.marsaly.fr\/fred\/wp-content\/uploads\/2021\/09\/Mirage-2000-500x281.jpg 500w, http:\/\/www.marsaly.fr\/fred\/wp-content\/uploads\/2021\/09\/Mirage-2000.jpg 1024w\" sizes=\"(max-width: 300px) 100vw, 300px\" \/><\/a>\n\t\t\t<\/dt>\n\t\t\t\t<dd class='wp-caption-text gallery-caption' id='gallery-1-7890'>\n\t\t\t\tPrise d&rsquo;incidence. Notez la condensation qui commence \u00e0 se former sur l&rsquo;extrados. \n\t\t\t\t<\/dd><\/dl><dl class='gallery-item'>\n\t\t\t<dt class='gallery-icon landscape'>\n\t\t\t\t<a href='http:\/\/www.marsaly.fr\/fred\/paris-villaroche-air-legend-2021\/do-2000\/'><img width=\"300\" height=\"197\" src=\"http:\/\/www.marsaly.fr\/fred\/wp-content\/uploads\/2021\/09\/do-2000-300x197.jpg\" class=\"attachment-medium size-medium\" alt=\"\" decoding=\"async\" loading=\"lazy\" aria-describedby=\"gallery-1-7892\" srcset=\"http:\/\/www.marsaly.fr\/fred\/wp-content\/uploads\/2021\/09\/do-2000-300x197.jpg 300w, http:\/\/www.marsaly.fr\/fred\/wp-content\/uploads\/2021\/09\/do-2000-768x505.jpg 768w, http:\/\/www.marsaly.fr\/fred\/wp-content\/uploads\/2021\/09\/do-2000-456x300.jpg 456w, http:\/\/www.marsaly.fr\/fred\/wp-content\/uploads\/2021\/09\/do-2000.jpg 1024w\" sizes=\"(max-width: 300px) 100vw, 300px\" \/><\/a>\n\t\t\t<\/dt>\n\t\t\t\t<dd class='wp-caption-text gallery-caption' id='gallery-1-7892'>\n\t\t\t\tLa d\u00e9mo comprenait aussi des manoeuvres op\u00e9rationnelles\n\t\t\t\t<\/dd><\/dl><dl class='gallery-item'>\n\t\t\t<dt class='gallery-icon landscape'>\n\t\t\t\t<a href='http:\/\/www.marsaly.fr\/fred\/paris-villaroche-air-legend-2021\/2000c\/'><img width=\"300\" height=\"133\" src=\"http:\/\/www.marsaly.fr\/fred\/wp-content\/uploads\/2021\/09\/2000c-300x133.jpg\" class=\"attachment-medium size-medium\" alt=\"\" decoding=\"async\" loading=\"lazy\" aria-describedby=\"gallery-1-7893\" srcset=\"http:\/\/www.marsaly.fr\/fred\/wp-content\/uploads\/2021\/09\/2000c-300x133.jpg 300w, http:\/\/www.marsaly.fr\/fred\/wp-content\/uploads\/2021\/09\/2000c-768x340.jpg 768w, http:\/\/www.marsaly.fr\/fred\/wp-content\/uploads\/2021\/09\/2000c-500x221.jpg 500w, http:\/\/www.marsaly.fr\/fred\/wp-content\/uploads\/2021\/09\/2000c.jpg 1024w\" sizes=\"(max-width: 300px) 100vw, 300px\" \/><\/a>\n\t\t\t<\/dt>\n\t\t\t\t<dd class='wp-caption-text gallery-caption' id='gallery-1-7893'>\n\t\t\t\tUn peu de calme lors du passage lent tout sorti. Les deux aviateurs ont marqu\u00e9 la foule pour l&rsquo;entr\u00e9e en mati\u00e8re.\n\t\t\t\t<\/dd><\/dl><br style=\"clear: both\" \/>\n\t\t<\/div>\n\n<p style=\"text-align: justify;\">Le Rafale Solo display, sur un avion \u00ab\u00a0banalis\u00e9\u00a0\u00bb fit parler la poudre ! Dans l&rsquo;ensemble, si les d\u00e9monstrations des \u00ab\u00a0Ambassadeurs\u00a0\u00bb \u00e9taient superbes, les commentaires qui les accompagnaient, les m\u00eames qu&rsquo;\u00e0 la Fert\u00e9, \u00e9taient toujours aussi inint\u00e9ressants \u00e0 l&rsquo;exception de l&rsquo;EVAA qui a confi\u00e9 cette t\u00e2che essentielle \u00e0 un de ses pilotes pour un r\u00e9sultat bien plus instructif et agr\u00e9able \u00e0 \u00e9couter.<\/p>\n<div id=\"attachment_7899\" style=\"width: 817px\" class=\"wp-caption alignnone\"><a href=\"http:\/\/www.marsaly.fr\/fred\/wp-content\/uploads\/2021\/09\/Commentaire-1.jpg\"><img aria-describedby=\"caption-attachment-7899\" decoding=\"async\" loading=\"lazy\" class=\"wp-image-7899 size-full\" src=\"http:\/\/www.marsaly.fr\/fred\/wp-content\/uploads\/2021\/09\/Commentaire-1.jpg\" alt=\"\" width=\"807\" height=\"785\" srcset=\"http:\/\/www.marsaly.fr\/fred\/wp-content\/uploads\/2021\/09\/Commentaire-1.jpg 807w, http:\/\/www.marsaly.fr\/fred\/wp-content\/uploads\/2021\/09\/Commentaire-1-300x292.jpg 300w, http:\/\/www.marsaly.fr\/fred\/wp-content\/uploads\/2021\/09\/Commentaire-1-768x747.jpg 768w, http:\/\/www.marsaly.fr\/fred\/wp-content\/uploads\/2021\/09\/Commentaire-1-308x300.jpg 308w\" sizes=\"(max-width: 807px) 100vw, 807px\" \/><\/a><p id=\"caption-attachment-7899\" class=\"wp-caption-text\">Faites r\u00e9diger un texte par un expert en communication obnubil\u00e9 par les \u00ab\u00a0\u00e9l\u00e9ments de langage.\u00a0\u00bb Lisez-le in extenso sans vous approprier le texte. La recette d&rsquo;un commentaire g\u00eanant.<\/p><\/div>\n<p style=\"text-align: justify;\">En attendant la Patrouille de France en conclusion du spectacle, ce sont donc bien les avions anciens qui ont fait le show \u00e0 Melun. Et ils \u00e9taient nombreux.<\/p>\n<p style=\"text-align: justify;\">Il y avait donc les petits, comme ce Stinson, une machine pas si fr\u00e9quente et finalement assez peu connue.<\/p>\n<div id=\"attachment_7905\" style=\"width: 1034px\" class=\"wp-caption alignnone\"><a href=\"http:\/\/www.marsaly.fr\/fred\/wp-content\/uploads\/2021\/09\/Stinson.jpg\"><img aria-describedby=\"caption-attachment-7905\" decoding=\"async\" loading=\"lazy\" class=\"wp-image-7905 size-full\" src=\"http:\/\/www.marsaly.fr\/fred\/wp-content\/uploads\/2021\/09\/Stinson.jpg\" alt=\"\" width=\"1024\" height=\"572\" srcset=\"http:\/\/www.marsaly.fr\/fred\/wp-content\/uploads\/2021\/09\/Stinson.jpg 1024w, http:\/\/www.marsaly.fr\/fred\/wp-content\/uploads\/2021\/09\/Stinson-300x168.jpg 300w, http:\/\/www.marsaly.fr\/fred\/wp-content\/uploads\/2021\/09\/Stinson-768x429.jpg 768w, http:\/\/www.marsaly.fr\/fred\/wp-content\/uploads\/2021\/09\/Stinson-500x279.jpg 500w\" sizes=\"(max-width: 1024px) 100vw, 1024px\" \/><\/a><p id=\"caption-attachment-7905\" class=\"wp-caption-text\">Un Stinson L-5 aux couleurs d&rsquo;un appareil d&rsquo;observation de la 2e Guerre Mondiale.<\/p><\/div>\n<p style=\"text-align: justify;\">Il y en avait d&rsquo;autres, un peu plus gros, \u00e0 la th\u00e9matique \u00ab\u00a0chrome\u00a0\u00bb tr\u00e8s marqu\u00e9e comme ces Beech 18 Suisses en formation avec un DC-3, une d\u00e9monstration douce, superbe et extr\u00eamement agr\u00e9able \u00e0&#8230; \u00e9couter !<\/p>\n<div id=\"attachment_7908\" style=\"width: 1034px\" class=\"wp-caption alignnone\"><a href=\"http:\/\/www.marsaly.fr\/fred\/wp-content\/uploads\/2021\/09\/DC3-B18.jpg\"><img aria-describedby=\"caption-attachment-7908\" decoding=\"async\" loading=\"lazy\" class=\"wp-image-7908 size-full\" src=\"http:\/\/www.marsaly.fr\/fred\/wp-content\/uploads\/2021\/09\/DC3-B18.jpg\" alt=\"\" width=\"1024\" height=\"557\" srcset=\"http:\/\/www.marsaly.fr\/fred\/wp-content\/uploads\/2021\/09\/DC3-B18.jpg 1024w, http:\/\/www.marsaly.fr\/fred\/wp-content\/uploads\/2021\/09\/DC3-B18-300x163.jpg 300w, http:\/\/www.marsaly.fr\/fred\/wp-content\/uploads\/2021\/09\/DC3-B18-768x418.jpg 768w, http:\/\/www.marsaly.fr\/fred\/wp-content\/uploads\/2021\/09\/DC3-B18-500x272.jpg 500w\" sizes=\"(max-width: 1024px) 100vw, 1024px\" \/><\/a><p id=\"caption-attachment-7908\" class=\"wp-caption-text\">Quand la silhouette d&rsquo;un Beech 18 s&rsquo;inscrit parfaitement sur celle d&rsquo;un DC-3 !<\/p><\/div>\n<p style=\"text-align: justify;\">Du chrome, il y en avait aussi avec le splendide Spartan Executive, exemplaire unique en Europe. Si l&rsquo;avion est peu connu, il a \u00e9t\u00e9 construit \u00e0 tr\u00e8s peu d&rsquo;exemplaires juste avant la guerre, il reste un exemple exceptionnel de ces avions des ann\u00e9es folles auxquels il faut savoir s&rsquo;int\u00e9resser. Et bon sang qu&rsquo;il est beau !!!<\/p>\n<div id=\"attachment_7906\" style=\"width: 1034px\" class=\"wp-caption alignnone\"><a href=\"http:\/\/www.marsaly.fr\/fred\/wp-content\/uploads\/2021\/09\/Spartan.jpg\"><img aria-describedby=\"caption-attachment-7906\" decoding=\"async\" loading=\"lazy\" class=\"wp-image-7906 size-full\" src=\"http:\/\/www.marsaly.fr\/fred\/wp-content\/uploads\/2021\/09\/Spartan.jpg\" alt=\"\" width=\"1024\" height=\"482\" srcset=\"http:\/\/www.marsaly.fr\/fred\/wp-content\/uploads\/2021\/09\/Spartan.jpg 1024w, http:\/\/www.marsaly.fr\/fred\/wp-content\/uploads\/2021\/09\/Spartan-300x141.jpg 300w, http:\/\/www.marsaly.fr\/fred\/wp-content\/uploads\/2021\/09\/Spartan-768x362.jpg 768w, http:\/\/www.marsaly.fr\/fred\/wp-content\/uploads\/2021\/09\/Spartan-500x235.jpg 500w\" sizes=\"(max-width: 1024px) 100vw, 1024px\" \/><\/a><p id=\"caption-attachment-7906\" class=\"wp-caption-text\">Rac\u00e9, rapide, raffin\u00e9 et rutilant, le Spartan est un avion raffin\u00e9, m\u00e9connu mais terriblement attirant !<\/p><\/div>\n<div id=\"attachment_7907\" style=\"width: 1034px\" class=\"wp-caption alignnone\"><a href=\"http:\/\/www.marsaly.fr\/fred\/wp-content\/uploads\/2021\/09\/DSC_7867.jpg\"><img aria-describedby=\"caption-attachment-7907\" decoding=\"async\" loading=\"lazy\" class=\"wp-image-7907 size-full\" src=\"http:\/\/www.marsaly.fr\/fred\/wp-content\/uploads\/2021\/09\/DSC_7867.jpg\" alt=\"\" width=\"1024\" height=\"479\" srcset=\"http:\/\/www.marsaly.fr\/fred\/wp-content\/uploads\/2021\/09\/DSC_7867.jpg 1024w, http:\/\/www.marsaly.fr\/fred\/wp-content\/uploads\/2021\/09\/DSC_7867-300x140.jpg 300w, http:\/\/www.marsaly.fr\/fred\/wp-content\/uploads\/2021\/09\/DSC_7867-768x359.jpg 768w, http:\/\/www.marsaly.fr\/fred\/wp-content\/uploads\/2021\/09\/DSC_7867-500x234.jpg 500w\" sizes=\"(max-width: 1024px) 100vw, 1024px\" \/><\/a><p id=\"caption-attachment-7907\" class=\"wp-caption-text\">Avec seulement 35 exemplaires construits, l&rsquo;Executive est aussi un avion fort rare. Et donc pr\u00e9cieux !<\/p><\/div>\n<p style=\"text-align: justify;\">Et cette th\u00e9matique \u00ab\u00a0chrome\u00a0\u00bb nous permet aussi d&rsquo;ouvrir la page des warbirds de la seconde guerre mondiale avec la pr\u00e9sence du tr\u00e8s rare, et tr\u00e8s tr\u00e8s brillant, B-25 de la collection Red Bull.<\/p>\n<div id=\"attachment_7909\" style=\"width: 1034px\" class=\"wp-caption alignnone\"><a href=\"http:\/\/www.marsaly.fr\/fred\/wp-content\/uploads\/2021\/09\/B25-alu.jpg\"><img aria-describedby=\"caption-attachment-7909\" decoding=\"async\" loading=\"lazy\" class=\"wp-image-7909 size-full\" src=\"http:\/\/www.marsaly.fr\/fred\/wp-content\/uploads\/2021\/09\/B25-alu.jpg\" alt=\"\" width=\"1024\" height=\"424\" srcset=\"http:\/\/www.marsaly.fr\/fred\/wp-content\/uploads\/2021\/09\/B25-alu.jpg 1024w, http:\/\/www.marsaly.fr\/fred\/wp-content\/uploads\/2021\/09\/B25-alu-300x124.jpg 300w, http:\/\/www.marsaly.fr\/fred\/wp-content\/uploads\/2021\/09\/B25-alu-768x318.jpg 768w, http:\/\/www.marsaly.fr\/fred\/wp-content\/uploads\/2021\/09\/B25-alu-500x207.jpg 500w\" sizes=\"(max-width: 1024px) 100vw, 1024px\" \/><\/a><p id=\"caption-attachment-7909\" class=\"wp-caption-text\">Si les couleurs ne sont pas franchement authentique, cet avion n&rsquo;en est pas moins superbe.<\/p><\/div>\n<div id=\"attachment_7915\" style=\"width: 1034px\" class=\"wp-caption alignnone\"><a href=\"http:\/\/www.marsaly.fr\/fred\/wp-content\/uploads\/2021\/09\/DSC_7747.jpg\"><img aria-describedby=\"caption-attachment-7915\" decoding=\"async\" loading=\"lazy\" class=\"wp-image-7915 size-full\" src=\"http:\/\/www.marsaly.fr\/fred\/wp-content\/uploads\/2021\/09\/DSC_7747.jpg\" alt=\"\" width=\"1024\" height=\"678\" srcset=\"http:\/\/www.marsaly.fr\/fred\/wp-content\/uploads\/2021\/09\/DSC_7747.jpg 1024w, http:\/\/www.marsaly.fr\/fred\/wp-content\/uploads\/2021\/09\/DSC_7747-300x199.jpg 300w, http:\/\/www.marsaly.fr\/fred\/wp-content\/uploads\/2021\/09\/DSC_7747-768x509.jpg 768w, http:\/\/www.marsaly.fr\/fred\/wp-content\/uploads\/2021\/09\/DSC_7747-453x300.jpg 453w\" sizes=\"(max-width: 1024px) 100vw, 1024px\" \/><\/a><p id=\"caption-attachment-7915\" class=\"wp-caption-text\">On se croirait dans un film de Michael Bay, non ?<\/p><\/div>\n<div id=\"attachment_7910\" style=\"width: 1034px\" class=\"wp-caption alignnone\"><a href=\"http:\/\/www.marsaly.fr\/fred\/wp-content\/uploads\/2021\/09\/B25-black.jpg\"><img aria-describedby=\"caption-attachment-7910\" decoding=\"async\" loading=\"lazy\" class=\"wp-image-7910 size-full\" src=\"http:\/\/www.marsaly.fr\/fred\/wp-content\/uploads\/2021\/09\/B25-black.jpg\" alt=\"\" width=\"1024\" height=\"511\" srcset=\"http:\/\/www.marsaly.fr\/fred\/wp-content\/uploads\/2021\/09\/B25-black.jpg 1024w, http:\/\/www.marsaly.fr\/fred\/wp-content\/uploads\/2021\/09\/B25-black-300x150.jpg 300w, http:\/\/www.marsaly.fr\/fred\/wp-content\/uploads\/2021\/09\/B25-black-768x383.jpg 768w, http:\/\/www.marsaly.fr\/fred\/wp-content\/uploads\/2021\/09\/B25-black-500x250.jpg 500w\" sizes=\"(max-width: 1024px) 100vw, 1024px\" \/><\/a><p id=\"caption-attachment-7910\" class=\"wp-caption-text\">Passant devant la fum\u00e9e des effets pyrotechniques, le B-25 se d\u00e9tache avec des reflets surprenants.<\/p><\/div>\n<p style=\"text-align: justify;\">Le samedi a \u00e9t\u00e9 marqu\u00e9 par la spectaculaire sortie de piste du<a href=\"http:\/\/www.ajbs.fr\/avion\/beech-18s\/\"> Beech 18 F-AZEJ<\/a>. Cet incident, qui n&rsquo;a caus\u00e9 que des blessures tr\u00e8s l\u00e9g\u00e8res \u00e0 l&rsquo;\u00e9quipage, a sans doute condamn\u00e9 cet avion, dont la remise en vol pourrait \u00eatre trop couteuse pour son propri\u00e9taire. C&rsquo;est un \u00e9v\u00e8nement assez triste qui a permis de confirmer que le Beech 18 reste d\u00e9licat au d\u00e9collage et que les distances de s\u00e9curit\u00e9 entre les spectateurs et la piste dans les meeting ne sont pas inutiles&#8230;<\/p>\n<div id=\"attachment_7912\" style=\"width: 1034px\" class=\"wp-caption alignnone\"><a href=\"http:\/\/www.marsaly.fr\/fred\/wp-content\/uploads\/2021\/09\/Beech-18-1.jpg\"><img aria-describedby=\"caption-attachment-7912\" decoding=\"async\" loading=\"lazy\" class=\"wp-image-7912 size-full\" src=\"http:\/\/www.marsaly.fr\/fred\/wp-content\/uploads\/2021\/09\/Beech-18-1.jpg\" alt=\"\" width=\"1024\" height=\"507\" srcset=\"http:\/\/www.marsaly.fr\/fred\/wp-content\/uploads\/2021\/09\/Beech-18-1.jpg 1024w, http:\/\/www.marsaly.fr\/fred\/wp-content\/uploads\/2021\/09\/Beech-18-1-300x149.jpg 300w, http:\/\/www.marsaly.fr\/fred\/wp-content\/uploads\/2021\/09\/Beech-18-1-768x380.jpg 768w, http:\/\/www.marsaly.fr\/fred\/wp-content\/uploads\/2021\/09\/Beech-18-1-500x248.jpg 500w\" sizes=\"(max-width: 1024px) 100vw, 1024px\" \/><\/a><p id=\"caption-attachment-7912\" class=\"wp-caption-text\">Le Beech 18 gisait piteusement dans le champs o\u00f9 il a termin\u00e9 sa trajectoire, et peut-\u00eatre aussi sa carri\u00e8re. Triste.<\/p><\/div>\n<p style=\"text-align: justify;\">Le \u00ab\u00a0j&rsquo;aime pas \u00e7a, j&rsquo;aime pas \u00e7a\u00a0\u00bb de Bernard Chabbert, alors au micro, a un peu inqui\u00e9t\u00e9 tout le monde mais il a pu tr\u00e8s vite rassurer le public. Un grand commentateur peut aussi \u00eatre jug\u00e9 sur sa ma\u00eetrise des moment difficiles, et c&rsquo;est une incroyable le\u00e7on de sang froid qu&rsquo;il nous a offert !<\/p>\n<p style=\"text-align: justify;\">L&rsquo;incident a donc interrompu le spectacle quelques minutes, privant les spectateurs du samedi du tableau \u00ab\u00a0Tora Tora Tora\u00a0\u00bb o\u00f9 les T-6 rejouent \u00ab\u00a0pour rire\u00a0\u00bb l&rsquo;attaque de la base de Pearl Harbor. La d\u00e9monstration se fit n\u00e9anmoins sans encombre le dimanche mais sans le bimoteur qui se trouvait encore dans le champs o\u00f9 il avait termin\u00e9 sa trajectoire.<\/p>\n<p>D&rsquo;autres belles plumes pacifiques ont \u00e9t\u00e9 pr\u00e9sent\u00e9e en vol dont le DC-3 aux couleurs d&rsquo;Air France et le Catalina venu d&rsquo;Angleterre.<\/p>\n<div id=\"attachment_7913\" style=\"width: 1034px\" class=\"wp-caption alignnone\"><a href=\"http:\/\/www.marsaly.fr\/fred\/wp-content\/uploads\/2021\/09\/DC-3.jpg\"><img aria-describedby=\"caption-attachment-7913\" decoding=\"async\" loading=\"lazy\" class=\"wp-image-7913 size-full\" src=\"http:\/\/www.marsaly.fr\/fred\/wp-content\/uploads\/2021\/09\/DC-3.jpg\" alt=\"\" width=\"1024\" height=\"570\" srcset=\"http:\/\/www.marsaly.fr\/fred\/wp-content\/uploads\/2021\/09\/DC-3.jpg 1024w, http:\/\/www.marsaly.fr\/fred\/wp-content\/uploads\/2021\/09\/DC-3-300x167.jpg 300w, http:\/\/www.marsaly.fr\/fred\/wp-content\/uploads\/2021\/09\/DC-3-768x428.jpg 768w, http:\/\/www.marsaly.fr\/fred\/wp-content\/uploads\/2021\/09\/DC-3-500x278.jpg 500w\" sizes=\"(max-width: 1024px) 100vw, 1024px\" \/><\/a><p id=\"caption-attachment-7913\" class=\"wp-caption-text\">Peut-on rester indiff\u00e9rent \u00e0 ces lignes exceptionnelles ?<\/p><\/div>\n<div id=\"attachment_7914\" style=\"width: 1034px\" class=\"wp-caption alignnone\"><a href=\"http:\/\/www.marsaly.fr\/fred\/wp-content\/uploads\/2021\/09\/Catalina-T6.jpg\"><img aria-describedby=\"caption-attachment-7914\" decoding=\"async\" loading=\"lazy\" class=\"wp-image-7914 size-full\" src=\"http:\/\/www.marsaly.fr\/fred\/wp-content\/uploads\/2021\/09\/Catalina-T6.jpg\" alt=\"\" width=\"1024\" height=\"626\" srcset=\"http:\/\/www.marsaly.fr\/fred\/wp-content\/uploads\/2021\/09\/Catalina-T6.jpg 1024w, http:\/\/www.marsaly.fr\/fred\/wp-content\/uploads\/2021\/09\/Catalina-T6-300x183.jpg 300w, http:\/\/www.marsaly.fr\/fred\/wp-content\/uploads\/2021\/09\/Catalina-T6-768x470.jpg 768w, http:\/\/www.marsaly.fr\/fred\/wp-content\/uploads\/2021\/09\/Catalina-T6-491x300.jpg 491w\" sizes=\"(max-width: 1024px) 100vw, 1024px\" \/><\/a><p id=\"caption-attachment-7914\" class=\"wp-caption-text\">Le Catalina effectue sa d\u00e9mo pendant que les T-6 se pr\u00e9parent au \u00ab\u00a0Tora Tora Tora\u00a0\u00bb<\/p><\/div>\n<p style=\"text-align: justify;\">Ce fut ensuite le temps des chasseurs&#8230; et conform\u00e9ment aux promesses des organisateurs, ils \u00e9taient&#8230; nombreux !<\/p>\n<div id=\"attachment_7916\" style=\"width: 1034px\" class=\"wp-caption alignnone\"><a href=\"http:\/\/www.marsaly.fr\/fred\/wp-content\/uploads\/2021\/09\/boomerang.jpg\"><img aria-describedby=\"caption-attachment-7916\" decoding=\"async\" loading=\"lazy\" class=\"wp-image-7916 size-full\" src=\"http:\/\/www.marsaly.fr\/fred\/wp-content\/uploads\/2021\/09\/boomerang.jpg\" alt=\"\" width=\"1024\" height=\"543\" srcset=\"http:\/\/www.marsaly.fr\/fred\/wp-content\/uploads\/2021\/09\/boomerang.jpg 1024w, http:\/\/www.marsaly.fr\/fred\/wp-content\/uploads\/2021\/09\/boomerang-300x159.jpg 300w, http:\/\/www.marsaly.fr\/fred\/wp-content\/uploads\/2021\/09\/boomerang-768x407.jpg 768w, http:\/\/www.marsaly.fr\/fred\/wp-content\/uploads\/2021\/09\/boomerang-500x265.jpg 500w\" sizes=\"(max-width: 1024px) 100vw, 1024px\" \/><\/a><p id=\"caption-attachment-7916\" class=\"wp-caption-text\">Le CAC Boomerang ne peut cacher sa filiation avec la famille des T-6<\/p><\/div>\n<p style=\"text-align: justify;\">Trois F4U Corsair \u00e9taient pr\u00e9sents, le FG-1 de The Fighter Collection, Celui de Red Bull et le F4U-5 des Casques de Cuir. Autant dire que la foule \u00e9tait d\u00e9j\u00e0 conquise !<\/p>\n<div id=\"attachment_7917\" style=\"width: 1034px\" class=\"wp-caption alignnone\"><a href=\"http:\/\/www.marsaly.fr\/fred\/wp-content\/uploads\/2021\/09\/double-Corsair.jpg\"><img aria-describedby=\"caption-attachment-7917\" decoding=\"async\" loading=\"lazy\" class=\"wp-image-7917 size-full\" src=\"http:\/\/www.marsaly.fr\/fred\/wp-content\/uploads\/2021\/09\/double-Corsair.jpg\" alt=\"\" width=\"1024\" height=\"706\" srcset=\"http:\/\/www.marsaly.fr\/fred\/wp-content\/uploads\/2021\/09\/double-Corsair.jpg 1024w, http:\/\/www.marsaly.fr\/fred\/wp-content\/uploads\/2021\/09\/double-Corsair-300x207.jpg 300w, http:\/\/www.marsaly.fr\/fred\/wp-content\/uploads\/2021\/09\/double-Corsair-768x530.jpg 768w, http:\/\/www.marsaly.fr\/fred\/wp-content\/uploads\/2021\/09\/double-Corsair-435x300.jpg 435w\" sizes=\"(max-width: 1024px) 100vw, 1024px\" \/><\/a><p id=\"caption-attachment-7917\" class=\"wp-caption-text\">Duo de Corsair&#8230; on entend presque le g\u00e9n\u00e9rique d&rsquo;une c\u00e9l\u00e8bre s\u00e9rie t\u00e9l\u00e9 !<\/p><\/div>\n\n\t\t<style type=\"text\/css\">\n\t\t\t#gallery-2 {\n\t\t\t\tmargin: auto;\n\t\t\t}\n\t\t\t#gallery-2 .gallery-item {\n\t\t\t\tfloat: left;\n\t\t\t\tmargin-top: 10px;\n\t\t\t\ttext-align: center;\n\t\t\t\twidth: 50%;\n\t\t\t}\n\t\t\t#gallery-2 img {\n\t\t\t\tborder: 2px solid #cfcfcf;\n\t\t\t}\n\t\t\t#gallery-2 .gallery-caption {\n\t\t\t\tmargin-left: 0;\n\t\t\t}\n\t\t\t\/* see gallery_shortcode() in wp-includes\/media.php *\/\n\t\t<\/style>\n\t\t<div id='gallery-2' class='gallery galleryid-7874 gallery-columns-2 gallery-size-medium'><dl class='gallery-item'>\n\t\t\t<dt class='gallery-icon landscape'>\n\t\t\t\t<a href='http:\/\/www.marsaly.fr\/fred\/paris-villaroche-air-legend-2021\/corsair-5\/'><img width=\"300\" height=\"156\" src=\"http:\/\/www.marsaly.fr\/fred\/wp-content\/uploads\/2021\/09\/Corsair-5-300x156.jpg\" class=\"attachment-medium size-medium\" alt=\"\" decoding=\"async\" loading=\"lazy\" aria-describedby=\"gallery-2-7918\" srcset=\"http:\/\/www.marsaly.fr\/fred\/wp-content\/uploads\/2021\/09\/Corsair-5-300x156.jpg 300w, http:\/\/www.marsaly.fr\/fred\/wp-content\/uploads\/2021\/09\/Corsair-5-768x398.jpg 768w, http:\/\/www.marsaly.fr\/fred\/wp-content\/uploads\/2021\/09\/Corsair-5-500x259.jpg 500w, http:\/\/www.marsaly.fr\/fred\/wp-content\/uploads\/2021\/09\/Corsair-5.jpg 1024w\" sizes=\"(max-width: 300px) 100vw, 300px\" \/><\/a>\n\t\t\t<\/dt>\n\t\t\t\t<dd class='wp-caption-text gallery-caption' id='gallery-2-7918'>\n\t\t\t\tLe F4U-5 bas\u00e9 \u00e0 la Fert\u00e9-Alais\n\t\t\t\t<\/dd><\/dl><dl class='gallery-item'>\n\t\t\t<dt class='gallery-icon landscape'>\n\t\t\t\t<a href='http:\/\/www.marsaly.fr\/fred\/paris-villaroche-air-legend-2021\/corsair-rb\/'><img width=\"300\" height=\"146\" src=\"http:\/\/www.marsaly.fr\/fred\/wp-content\/uploads\/2021\/09\/Corsair-RB-300x146.jpg\" class=\"attachment-medium size-medium\" alt=\"\" decoding=\"async\" loading=\"lazy\" aria-describedby=\"gallery-2-7919\" srcset=\"http:\/\/www.marsaly.fr\/fred\/wp-content\/uploads\/2021\/09\/Corsair-RB-300x146.jpg 300w, http:\/\/www.marsaly.fr\/fred\/wp-content\/uploads\/2021\/09\/Corsair-RB-768x373.jpg 768w, http:\/\/www.marsaly.fr\/fred\/wp-content\/uploads\/2021\/09\/Corsair-RB-500x243.jpg 500w, http:\/\/www.marsaly.fr\/fred\/wp-content\/uploads\/2021\/09\/Corsair-RB.jpg 1024w\" sizes=\"(max-width: 300px) 100vw, 300px\" \/><\/a>\n\t\t\t<\/dt>\n\t\t\t\t<dd class='wp-caption-text gallery-caption' id='gallery-2-7919'>\n\t\t\t\tNon, ce Corsair n&rsquo;est pas plus petit, c&rsquo;est son pilote qui est vraiment grand. \n\t\t\t\t<\/dd><\/dl><br style=\"clear: both\" \/>\n\t\t<\/div>\n\n<p>Les chasseurs US \u00e9taient aussi repr\u00e9sent\u00e9s par le P-40 dont il se murmure qu&rsquo;il pourrait \u00eatre vendu bient\u00f4t et donc quitter la France.<\/p>\n<p><a href=\"http:\/\/www.marsaly.fr\/fred\/wp-content\/uploads\/2021\/09\/P40-b.jpg\"><img decoding=\"async\" loading=\"lazy\" class=\"alignnone size-full wp-image-7920\" src=\"http:\/\/www.marsaly.fr\/fred\/wp-content\/uploads\/2021\/09\/P40-b.jpg\" alt=\"\" width=\"1024\" height=\"622\" srcset=\"http:\/\/www.marsaly.fr\/fred\/wp-content\/uploads\/2021\/09\/P40-b.jpg 1024w, http:\/\/www.marsaly.fr\/fred\/wp-content\/uploads\/2021\/09\/P40-b-300x182.jpg 300w, http:\/\/www.marsaly.fr\/fred\/wp-content\/uploads\/2021\/09\/P40-b-768x467.jpg 768w, http:\/\/www.marsaly.fr\/fred\/wp-content\/uploads\/2021\/09\/P40-b-494x300.jpg 494w\" sizes=\"(max-width: 1024px) 100vw, 1024px\" \/><\/a><\/p>\n<p style=\"text-align: justify;\"><a href=\"http:\/\/www.marsaly.fr\/fred\/wp-content\/uploads\/2021\/09\/P40.jpg\"><img decoding=\"async\" loading=\"lazy\" class=\"alignnone size-full wp-image-7921\" src=\"http:\/\/www.marsaly.fr\/fred\/wp-content\/uploads\/2021\/09\/P40.jpg\" alt=\"\" width=\"1024\" height=\"424\" srcset=\"http:\/\/www.marsaly.fr\/fred\/wp-content\/uploads\/2021\/09\/P40.jpg 1024w, http:\/\/www.marsaly.fr\/fred\/wp-content\/uploads\/2021\/09\/P40-300x124.jpg 300w, http:\/\/www.marsaly.fr\/fred\/wp-content\/uploads\/2021\/09\/P40-768x318.jpg 768w, http:\/\/www.marsaly.fr\/fred\/wp-content\/uploads\/2021\/09\/P40-500x207.jpg 500w\" sizes=\"(max-width: 1024px) 100vw, 1024px\" \/><\/a><br \/>\nLes britanniques d&rsquo;Ultimate Fighters ont pr\u00e9sent\u00e9 leur d\u00e9monstration \u00e0 quatre avions, du tr\u00e8s beau pilotage, certes, mais il est dommage que les avions ne soient pas mieux pr\u00e9sent\u00e9s individuellement ensuite, en particulier le P-47, un avion rarement vu en meeting a\u00e9rien en France.<\/p>\n<div id=\"attachment_7923\" style=\"width: 1034px\" class=\"wp-caption alignnone\"><a href=\"http:\/\/www.marsaly.fr\/fred\/wp-content\/uploads\/2021\/09\/mustang.jpg\"><img aria-describedby=\"caption-attachment-7923\" decoding=\"async\" loading=\"lazy\" class=\"wp-image-7923 size-full\" src=\"http:\/\/www.marsaly.fr\/fred\/wp-content\/uploads\/2021\/09\/mustang.jpg\" alt=\"\" width=\"1024\" height=\"467\" srcset=\"http:\/\/www.marsaly.fr\/fred\/wp-content\/uploads\/2021\/09\/mustang.jpg 1024w, http:\/\/www.marsaly.fr\/fred\/wp-content\/uploads\/2021\/09\/mustang-300x137.jpg 300w, http:\/\/www.marsaly.fr\/fred\/wp-content\/uploads\/2021\/09\/mustang-768x350.jpg 768w, http:\/\/www.marsaly.fr\/fred\/wp-content\/uploads\/2021\/09\/mustang-500x228.jpg 500w\" sizes=\"(max-width: 1024px) 100vw, 1024px\" \/><\/a><p id=\"caption-attachment-7923\" class=\"wp-caption-text\">Le Mustang des Ultimate Fighters<\/p><\/div>\n<div id=\"attachment_7924\" style=\"width: 1034px\" class=\"wp-caption alignnone\"><a href=\"http:\/\/www.marsaly.fr\/fred\/wp-content\/uploads\/2021\/09\/P-47.jpg\"><img aria-describedby=\"caption-attachment-7924\" decoding=\"async\" loading=\"lazy\" class=\"wp-image-7924 size-full\" src=\"http:\/\/www.marsaly.fr\/fred\/wp-content\/uploads\/2021\/09\/P-47.jpg\" alt=\"\" width=\"1024\" height=\"513\" srcset=\"http:\/\/www.marsaly.fr\/fred\/wp-content\/uploads\/2021\/09\/P-47.jpg 1024w, http:\/\/www.marsaly.fr\/fred\/wp-content\/uploads\/2021\/09\/P-47-300x150.jpg 300w, http:\/\/www.marsaly.fr\/fred\/wp-content\/uploads\/2021\/09\/P-47-768x385.jpg 768w, http:\/\/www.marsaly.fr\/fred\/wp-content\/uploads\/2021\/09\/P-47-500x250.jpg 500w\" sizes=\"(max-width: 1024px) 100vw, 1024px\" \/><\/a><p id=\"caption-attachment-7924\" class=\"wp-caption-text\">Un tr\u00e8s rare P-47 Thunderbolt, seul repr\u00e9sentant de son esp\u00e8ce en \u00e9tat de vol en Europe.<\/p><\/div>\n<div id=\"attachment_7922\" style=\"width: 1034px\" class=\"wp-caption alignnone\"><a href=\"http:\/\/www.marsaly.fr\/fred\/wp-content\/uploads\/2021\/09\/ultimate-2.jpg\"><img aria-describedby=\"caption-attachment-7922\" decoding=\"async\" loading=\"lazy\" class=\"wp-image-7922 size-full\" src=\"http:\/\/www.marsaly.fr\/fred\/wp-content\/uploads\/2021\/09\/ultimate-2.jpg\" alt=\"\" width=\"1024\" height=\"466\" srcset=\"http:\/\/www.marsaly.fr\/fred\/wp-content\/uploads\/2021\/09\/ultimate-2.jpg 1024w, http:\/\/www.marsaly.fr\/fred\/wp-content\/uploads\/2021\/09\/ultimate-2-300x137.jpg 300w, http:\/\/www.marsaly.fr\/fred\/wp-content\/uploads\/2021\/09\/ultimate-2-768x350.jpg 768w, http:\/\/www.marsaly.fr\/fred\/wp-content\/uploads\/2021\/09\/ultimate-2-500x228.jpg 500w\" sizes=\"(max-width: 1024px) 100vw, 1024px\" \/><\/a><p id=\"caption-attachment-7922\" class=\"wp-caption-text\">D\u00e9monstration de voltige en formation serr\u00e9e pour quatre warbirds.<\/p><\/div>\n<div id=\"attachment_7925\" style=\"width: 1034px\" class=\"wp-caption alignnone\"><a href=\"http:\/\/www.marsaly.fr\/fred\/wp-content\/uploads\/2021\/09\/ultimate-1.jpg\"><img aria-describedby=\"caption-attachment-7925\" decoding=\"async\" loading=\"lazy\" class=\"wp-image-7925 size-full\" src=\"http:\/\/www.marsaly.fr\/fred\/wp-content\/uploads\/2021\/09\/ultimate-1.jpg\" alt=\"\" width=\"1024\" height=\"483\" srcset=\"http:\/\/www.marsaly.fr\/fred\/wp-content\/uploads\/2021\/09\/ultimate-1.jpg 1024w, http:\/\/www.marsaly.fr\/fred\/wp-content\/uploads\/2021\/09\/ultimate-1-300x142.jpg 300w, http:\/\/www.marsaly.fr\/fred\/wp-content\/uploads\/2021\/09\/ultimate-1-768x362.jpg 768w, http:\/\/www.marsaly.fr\/fred\/wp-content\/uploads\/2021\/09\/ultimate-1-500x236.jpg 500w\" sizes=\"(max-width: 1024px) 100vw, 1024px\" \/><\/a><p id=\"caption-attachment-7925\" class=\"wp-caption-text\">Les fr\u00e8res ennemis, le Spitfire et le Messerschmitt 109 (en fait, ici un Buchon, une version espagnole)<\/p><\/div>\n<p style=\"text-align: justify;\">Deux autres Spit \u00e9taient aussi pr\u00e9sent dont celui de Christophe Jacquard, enfin r\u00e9par\u00e9 apr\u00e8s son \u00ab\u00a0soleil\u00a0\u00bb de 2017 et dont le retour sur le circuit des meetings a\u00e9riens est c\u00e9l\u00e9br\u00e9 dignement.<\/p>\n<p><a href=\"http:\/\/www.marsaly.fr\/fred\/wp-content\/uploads\/2021\/09\/duo-spit.jpg\"><img decoding=\"async\" loading=\"lazy\" class=\"alignnone size-full wp-image-7926\" src=\"http:\/\/www.marsaly.fr\/fred\/wp-content\/uploads\/2021\/09\/duo-spit.jpg\" alt=\"\" width=\"1024\" height=\"445\" srcset=\"http:\/\/www.marsaly.fr\/fred\/wp-content\/uploads\/2021\/09\/duo-spit.jpg 1024w, http:\/\/www.marsaly.fr\/fred\/wp-content\/uploads\/2021\/09\/duo-spit-300x130.jpg 300w, http:\/\/www.marsaly.fr\/fred\/wp-content\/uploads\/2021\/09\/duo-spit-768x334.jpg 768w, http:\/\/www.marsaly.fr\/fred\/wp-content\/uploads\/2021\/09\/duo-spit-500x217.jpg 500w\" sizes=\"(max-width: 1024px) 100vw, 1024px\" \/><\/a><\/p>\n<div id=\"attachment_7927\" style=\"width: 1034px\" class=\"wp-caption alignnone\"><a href=\"http:\/\/www.marsaly.fr\/fred\/wp-content\/uploads\/2021\/09\/MS406.jpg\"><img aria-describedby=\"caption-attachment-7927\" decoding=\"async\" loading=\"lazy\" class=\"wp-image-7927 size-full\" src=\"http:\/\/www.marsaly.fr\/fred\/wp-content\/uploads\/2021\/09\/MS406.jpg\" alt=\"\" width=\"1024\" height=\"629\" srcset=\"http:\/\/www.marsaly.fr\/fred\/wp-content\/uploads\/2021\/09\/MS406.jpg 1024w, http:\/\/www.marsaly.fr\/fred\/wp-content\/uploads\/2021\/09\/MS406-300x184.jpg 300w, http:\/\/www.marsaly.fr\/fred\/wp-content\/uploads\/2021\/09\/MS406-768x472.jpg 768w, http:\/\/www.marsaly.fr\/fred\/wp-content\/uploads\/2021\/09\/MS406-488x300.jpg 488w\" sizes=\"(max-width: 1024px) 100vw, 1024px\" \/><\/a><p id=\"caption-attachment-7927\" class=\"wp-caption-text\">Relique pr\u00e9cieuse parmi les reliques pr\u00e9cieuses, le D-3801 permet d&rsquo;\u00e9voquer la famille des Morane-Saulnier 406 dont il est l&rsquo;ultime survivant en \u00e9tat de vol.<\/p><\/div>\n<div id=\"attachment_7928\" style=\"width: 1034px\" class=\"wp-caption alignnone\"><a href=\"http:\/\/www.marsaly.fr\/fred\/wp-content\/uploads\/2021\/09\/yak.jpg\"><img aria-describedby=\"caption-attachment-7928\" decoding=\"async\" loading=\"lazy\" class=\"wp-image-7928 size-full\" src=\"http:\/\/www.marsaly.fr\/fred\/wp-content\/uploads\/2021\/09\/yak.jpg\" alt=\"\" width=\"1024\" height=\"440\" srcset=\"http:\/\/www.marsaly.fr\/fred\/wp-content\/uploads\/2021\/09\/yak.jpg 1024w, http:\/\/www.marsaly.fr\/fred\/wp-content\/uploads\/2021\/09\/yak-300x129.jpg 300w, http:\/\/www.marsaly.fr\/fred\/wp-content\/uploads\/2021\/09\/yak-768x330.jpg 768w, http:\/\/www.marsaly.fr\/fred\/wp-content\/uploads\/2021\/09\/yak-500x215.jpg 500w\" sizes=\"(max-width: 1024px) 100vw, 1024px\" \/><\/a><p id=\"caption-attachment-7928\" class=\"wp-caption-text\">Le Front Russe, d&rsquo;importance strat\u00e9gique majeure \u00e9tait \u00e9voqu\u00e9 par le Yak-11 F-AZNN qui fut l&rsquo;avion du regrett\u00e9 Pierre Dague dont on comm\u00e9more aussi les 30 ans de la disparition.<\/p><\/div>\n<p style=\"text-align: justify;\">Le Canadair Sabre de Fred Akary a aussi \u00e9t\u00e9 une grande vedette du spectacle avec une d\u00e9monstration dynamique, bien que relativement courte.<\/p>\n<div id=\"attachment_7931\" style=\"width: 1034px\" class=\"wp-caption alignnone\"><a href=\"http:\/\/www.marsaly.fr\/fred\/wp-content\/uploads\/2021\/09\/sabre-gauche.jpg\"><img aria-describedby=\"caption-attachment-7931\" decoding=\"async\" loading=\"lazy\" class=\"wp-image-7931 size-full\" src=\"http:\/\/www.marsaly.fr\/fred\/wp-content\/uploads\/2021\/09\/sabre-gauche.jpg\" alt=\"\" width=\"1024\" height=\"534\" srcset=\"http:\/\/www.marsaly.fr\/fred\/wp-content\/uploads\/2021\/09\/sabre-gauche.jpg 1024w, http:\/\/www.marsaly.fr\/fred\/wp-content\/uploads\/2021\/09\/sabre-gauche-300x156.jpg 300w, http:\/\/www.marsaly.fr\/fred\/wp-content\/uploads\/2021\/09\/sabre-gauche-768x401.jpg 768w, http:\/\/www.marsaly.fr\/fred\/wp-content\/uploads\/2021\/09\/sabre-gauche-500x261.jpg 500w\" sizes=\"(max-width: 1024px) 100vw, 1024px\" \/><\/a><p id=\"caption-attachment-7931\" class=\"wp-caption-text\">C&rsquo;est un des avions de collection les plus impressionnants parmi ceux bas\u00e9s en France \u00e0 ce jour.<\/p><\/div>\n<div id=\"attachment_7930\" style=\"width: 1034px\" class=\"wp-caption alignnone\"><a href=\"http:\/\/www.marsaly.fr\/fred\/wp-content\/uploads\/2021\/09\/F-86.jpg\"><img aria-describedby=\"caption-attachment-7930\" decoding=\"async\" loading=\"lazy\" class=\"wp-image-7930 size-full\" src=\"http:\/\/www.marsaly.fr\/fred\/wp-content\/uploads\/2021\/09\/F-86.jpg\" alt=\"\" width=\"1024\" height=\"662\" srcset=\"http:\/\/www.marsaly.fr\/fred\/wp-content\/uploads\/2021\/09\/F-86.jpg 1024w, http:\/\/www.marsaly.fr\/fred\/wp-content\/uploads\/2021\/09\/F-86-300x194.jpg 300w, http:\/\/www.marsaly.fr\/fred\/wp-content\/uploads\/2021\/09\/F-86-768x497.jpg 768w, http:\/\/www.marsaly.fr\/fred\/wp-content\/uploads\/2021\/09\/F-86-464x300.jpg 464w\" sizes=\"(max-width: 1024px) 100vw, 1024px\" \/><\/a><p id=\"caption-attachment-7930\" class=\"wp-caption-text\">Passage \u00ab\u00a0\u00e0 l&rsquo;anglaise\u00a0\u00bb pour le Sabre, permettant ainsi de l&rsquo;immortaliser sous un meilleur angle.<\/p><\/div>\n<p style=\"text-align: justify;\">La fin du meeting c\u00e9l\u00e9brait les 75 ans la parution du \u00ab\u00a0Petit Prince\u00a0\u00bb d&rsquo;Antoine de Saint-Exup\u00e9ry. A cette occasion, la Patrouille de France, dont les Alpha Jet arborent sur leurs d\u00e9rive des dessins issus du livre, ont accueilli le P-38 Red Bull, unique en Europe \u00e9galement, et \u00e9voquant directement <a href=\"http:\/\/www.marsaly.fr\/fred\/la-disparition-de-saint-ex\/\">l&rsquo;avion sur lequel l&rsquo;\u00e9crivain a disparu<\/a>, au sein de leur formation le samedi et comme leader le dimanche.<\/p>\n<div id=\"attachment_7933\" style=\"width: 1034px\" class=\"wp-caption alignnone\"><a href=\"http:\/\/www.marsaly.fr\/fred\/wp-content\/uploads\/2021\/09\/St-Ex-1024-1.jpg\"><img aria-describedby=\"caption-attachment-7933\" decoding=\"async\" loading=\"lazy\" class=\"wp-image-7933 size-full\" src=\"http:\/\/www.marsaly.fr\/fred\/wp-content\/uploads\/2021\/09\/St-Ex-1024-1.jpg\" alt=\"\" width=\"1024\" height=\"560\" srcset=\"http:\/\/www.marsaly.fr\/fred\/wp-content\/uploads\/2021\/09\/St-Ex-1024-1.jpg 1024w, http:\/\/www.marsaly.fr\/fred\/wp-content\/uploads\/2021\/09\/St-Ex-1024-1-300x164.jpg 300w, http:\/\/www.marsaly.fr\/fred\/wp-content\/uploads\/2021\/09\/St-Ex-1024-1-768x420.jpg 768w, http:\/\/www.marsaly.fr\/fred\/wp-content\/uploads\/2021\/09\/St-Ex-1024-1-500x273.jpg 500w\" sizes=\"(max-width: 1024px) 100vw, 1024px\" \/><\/a><p id=\"caption-attachment-7933\" class=\"wp-caption-text\">La PAF comme guid\u00e9e par le fant\u00f4me de Saint-Ex. Instant magique !<\/p><\/div>\n<p>Ce passage en formation in\u00e9dite \u00e9tait absolument splendide. Le P-38 a ensuite fait sa d\u00e9monstration avant que la Patrouille de France ne cl\u00f4ture ce spectacle a\u00e9rien d&rsquo;exception.<\/p>\n<div id=\"attachment_7932\" style=\"width: 1034px\" class=\"wp-caption alignnone\"><a href=\"http:\/\/www.marsaly.fr\/fred\/wp-content\/uploads\/2021\/09\/P38.jpg\"><img aria-describedby=\"caption-attachment-7932\" decoding=\"async\" loading=\"lazy\" class=\"wp-image-7932 size-full\" src=\"http:\/\/www.marsaly.fr\/fred\/wp-content\/uploads\/2021\/09\/P38.jpg\" alt=\"\" width=\"1024\" height=\"589\" srcset=\"http:\/\/www.marsaly.fr\/fred\/wp-content\/uploads\/2021\/09\/P38.jpg 1024w, http:\/\/www.marsaly.fr\/fred\/wp-content\/uploads\/2021\/09\/P38-300x173.jpg 300w, http:\/\/www.marsaly.fr\/fred\/wp-content\/uploads\/2021\/09\/P38-768x442.jpg 768w, http:\/\/www.marsaly.fr\/fred\/wp-content\/uploads\/2021\/09\/P38-500x288.jpg 500w\" sizes=\"(max-width: 1024px) 100vw, 1024px\" \/><\/a><p id=\"caption-attachment-7932\" class=\"wp-caption-text\">Si sa d\u00e9coration n&rsquo;a rien d&rsquo;authentique, ce P-38 rutilant et non arm\u00e9 permet d&rsquo;\u00e9voquer directement le F5B 223 port\u00e9 manquant le 31 juillet 1944.<\/p><\/div>\n<p style=\"text-align: justify;\">Au final, l&rsquo;organisateur a annonc\u00e9 avoir accueilli pratiquement 60 000 spectateurs payants sur ces deux jours, preuve d&rsquo;un engouement public consid\u00e9rable, et chiffre d&rsquo;autant plus remarquable que les visiteurs \u00e9trangers, les passionn\u00e9s allemands, britanniques ou n\u00e9erlandais, n&rsquo;\u00e9taient gu\u00e8re nombreux. Un vrai record ! En trois \u00e9ditions r\u00e9ussies, les organisateurs ont d\u00e9montr\u00e9 qu&rsquo;ils avaient r\u00e9ussi leur pari !<\/p>\n","protected":false},"excerpt":{"rendered":"<p>Juste deux semaines apr\u00e8s le rendez-vous de la Fert\u00e9-Alais, \u00e0 quelques km de l\u00e0, s&rsquo;est d\u00e9roul\u00e9 la troisi\u00e8me \u00e9dition du Air Legend sur l&rsquo;a\u00e9rodrome de Melun-Villaroche. Conform\u00e9ment aux habitudes des organisateurs, le plateau annonc\u00e9 \u00e9tait bien pr\u00e9sent. Et ce fut &hellip; <a href=\"http:\/\/www.marsaly.fr\/fred\/paris-villaroche-air-legend-2021\/\">Continuer la lecture <span class=\"meta-nav\">&rarr;<\/span><\/a><\/p>\n","protected":false},"author":2,"featured_media":7935,"comment_status":"open","ping_status":"open","sticky":false,"template":"","format":"standard","meta":[],"categories":[4],"tags":[],"_links":{"self":[{"href":"http:\/\/www.marsaly.fr\/fred\/wp-json\/wp\/v2\/posts\/7874"}],"collection":[{"href":"http:\/\/www.marsaly.fr\/fred\/wp-json\/wp\/v2\/posts"}],"about":[{"href":"http:\/\/www.marsaly.fr\/fred\/wp-json\/wp\/v2\/types\/post"}],"author":[{"embeddable":true,"href":"http:\/\/www.marsaly.fr\/fred\/wp-json\/wp\/v2\/users\/2"}],"replies":[{"embeddable":true,"href":"http:\/\/www.marsaly.fr\/fred\/wp-json\/wp\/v2\/comments?post=7874"}],"version-history":[{"count":17,"href":"http:\/\/www.marsaly.fr\/fred\/wp-json\/wp\/v2\/posts\/7874\/revisions"}],"predecessor-version":[{"id":7972,"href":"http:\/\/www.marsaly.fr\/fred\/wp-json\/wp\/v2\/posts\/7874\/revisions\/7972"}],"wp:featuredmedia":[{"embeddable":true,"href":"http:\/\/www.marsaly.fr\/fred\/wp-json\/wp\/v2\/media\/7935"}],"wp:attachment":[{"href":"http:\/\/www.marsaly.fr\/fred\/wp-json\/wp\/v2\/media?parent=7874"}],"wp:term":[{"taxonomy":"category","embeddable":true,"href":"http:\/\/www.marsaly.fr\/fred\/wp-json\/wp\/v2\/categories?post=7874"},{"taxonomy":"post_tag","embeddable":true,"href":"http:\/\/www.marsaly.fr\/fred\/wp-json\/wp\/v2\/tags?post=7874"}],"curies":[{"name":"wp","href":"https:\/\/api.w.org\/{rel}","templated":true}]}}