{"id":7799,"date":"2021-08-31T01:11:46","date_gmt":"2021-08-30T23:11:46","guid":{"rendered":"http:\/\/www.marsaly.fr\/fred\/?p=7799"},"modified":"2021-09-01T00:22:09","modified_gmt":"2021-08-31T22:22:09","slug":"ferte-alais-le-temps-des-helices-2021","status":"publish","type":"post","link":"http:\/\/www.marsaly.fr\/fred\/ferte-alais-le-temps-des-helices-2021\/","title":{"rendered":"Fert\u00e9-Alais, le temps des h\u00e9lices 2021"},"content":{"rendered":"<p style=\"text-align: justify;\">Deux ans, deux mois, plusieurs reports et une annulation plus tard, enfin la foule pouvait \u00e0 nouveau arpenter la pelouse de l&rsquo;a\u00e9rodrome de Cerny pour la nouvelle \u00e9dition du Temps des H\u00e9lices. Les retrouvailles furent pleines d&rsquo;\u00e9motion et de plaisir. Bien s\u00fbr, les nuages noirs planent toujours sur la t\u00eate de ceux qui r\u00eavent d&rsquo;aviation mais apr\u00e8s ces longs mois d&rsquo;angoisse, pouvoir poser son sac au bord d&rsquo;une piste fut comme une immense et lib\u00e9ratrice respiration.<\/p>\n<p style=\"text-align: justify;\"><a href=\"http:\/\/www.marsaly.fr\/fred\/wp-content\/uploads\/2021\/08\/ferte-2021.jpg\"><img decoding=\"async\" loading=\"lazy\" class=\"alignleft wp-image-7802 size-medium\" src=\"http:\/\/www.marsaly.fr\/fred\/wp-content\/uploads\/2021\/08\/ferte-2021-212x300.jpg\" alt=\"\" width=\"212\" height=\"300\" srcset=\"http:\/\/www.marsaly.fr\/fred\/wp-content\/uploads\/2021\/08\/ferte-2021-212x300.jpg 212w, http:\/\/www.marsaly.fr\/fred\/wp-content\/uploads\/2021\/08\/ferte-2021.jpg 565w\" sizes=\"(max-width: 212px) 100vw, 212px\" \/><\/a>\u00c9tant donn\u00e9 le contexte, il ne fallait pas s&rsquo;attendre \u00e0 un \u00e9norme plateau et des avions rares. Difficile de lancer des invitations et r\u00e9server des \u00ab\u00a0warbirds\u00a0\u00bb co\u00fbteux alors que la tenue de l&rsquo;\u00e9v\u00e8nement restait suspendue \u00e0 l&rsquo;\u00e9volution de la situation sanitaire et que l&rsquo;annulation pouvait intervenir sans pr\u00e9avis \u00e0 n&rsquo;importe quel moment.<\/p>\n<p style=\"text-align: justify;\">Mais heureusement, il n&rsquo;en fut rien. Alors que le nord de la France connait un \u00e9t\u00e9 \u00e0 la m\u00e9t\u00e9o indigne, ce weekend fut relativement doux et peu pluvieux bien que couvert. Ce ne sont pas des conditions id\u00e9ales pour un meeting a\u00e9rien mais l\u00e0 encore, il serait mal venu de se plaindre.<\/p>\n<div id=\"attachment_7836\" style=\"width: 1034px\" class=\"wp-caption alignnone\"><a href=\"http:\/\/www.marsaly.fr\/fred\/wp-content\/uploads\/2021\/08\/DSC_5270.jpg\"><img aria-describedby=\"caption-attachment-7836\" decoding=\"async\" loading=\"lazy\" class=\"wp-image-7836 size-full\" src=\"http:\/\/www.marsaly.fr\/fred\/wp-content\/uploads\/2021\/08\/DSC_5270.jpg\" alt=\"\" width=\"1024\" height=\"440\" srcset=\"http:\/\/www.marsaly.fr\/fred\/wp-content\/uploads\/2021\/08\/DSC_5270.jpg 1024w, http:\/\/www.marsaly.fr\/fred\/wp-content\/uploads\/2021\/08\/DSC_5270-300x129.jpg 300w, http:\/\/www.marsaly.fr\/fred\/wp-content\/uploads\/2021\/08\/DSC_5270-768x330.jpg 768w, http:\/\/www.marsaly.fr\/fred\/wp-content\/uploads\/2021\/08\/DSC_5270-500x215.jpg 500w\" sizes=\"(max-width: 1024px) 100vw, 1024px\" \/><\/a><p id=\"caption-attachment-7836\" class=\"wp-caption-text\">Un Bleriot XI \u00e0 l&rsquo;atterrissage. Une vision rare, quasi unique, une sp\u00e9cialit\u00e9 de la Fert\u00e9 !<\/p><\/div>\n<p style=\"text-align: justify;\">Comme \u00e0 chaque \u00e9dition du meeting le \u00ab\u00a0menu\u00a0\u00bb repose sur quelques grands classiques incontournable comme le \u00ab\u00a0Tora Tora Tora\u00a0\u00bb des T-6 simulant l&rsquo;attaque japonaise contre Pearl Harbor ou les avions des pionniers de l&rsquo;aviation. Mais quelques nouveaut\u00e9s viennent toujours surprendre les habitu\u00e9s et s\u00e9duire les nouveaux arrivants.<\/p>\n<div id=\"attachment_7806\" style=\"width: 1034px\" class=\"wp-caption alignnone\"><a href=\"http:\/\/www.marsaly.fr\/fred\/wp-content\/uploads\/2021\/08\/DSC_5848.jpg\"><img aria-describedby=\"caption-attachment-7806\" decoding=\"async\" loading=\"lazy\" class=\"wp-image-7806 size-full\" src=\"http:\/\/www.marsaly.fr\/fred\/wp-content\/uploads\/2021\/08\/DSC_5848.jpg\" alt=\"\" width=\"1024\" height=\"714\" srcset=\"http:\/\/www.marsaly.fr\/fred\/wp-content\/uploads\/2021\/08\/DSC_5848.jpg 1024w, http:\/\/www.marsaly.fr\/fred\/wp-content\/uploads\/2021\/08\/DSC_5848-300x209.jpg 300w, http:\/\/www.marsaly.fr\/fred\/wp-content\/uploads\/2021\/08\/DSC_5848-768x536.jpg 768w, http:\/\/www.marsaly.fr\/fred\/wp-content\/uploads\/2021\/08\/DSC_5848-430x300.jpg 430w\" sizes=\"(max-width: 1024px) 100vw, 1024px\" \/><\/a><p id=\"caption-attachment-7806\" class=\"wp-caption-text\">Les T-6 rejouent Pearl Harbor au milieu des fus\u00e9es d&rsquo;artifice.<\/p><\/div>\n<div id=\"attachment_7832\" style=\"width: 594px\" class=\"wp-caption alignnone\"><a href=\"http:\/\/www.marsaly.fr\/fred\/wp-content\/uploads\/2021\/08\/T6-brillant.jpg\"><img aria-describedby=\"caption-attachment-7832\" decoding=\"async\" loading=\"lazy\" class=\"wp-image-7832 size-large\" src=\"http:\/\/www.marsaly.fr\/fred\/wp-content\/uploads\/2021\/08\/T6-brillant-1024x487.jpg\" alt=\"\" width=\"584\" height=\"278\" srcset=\"http:\/\/www.marsaly.fr\/fred\/wp-content\/uploads\/2021\/08\/T6-brillant-1024x487.jpg 1024w, http:\/\/www.marsaly.fr\/fred\/wp-content\/uploads\/2021\/08\/T6-brillant-300x143.jpg 300w, http:\/\/www.marsaly.fr\/fred\/wp-content\/uploads\/2021\/08\/T6-brillant-768x366.jpg 768w, http:\/\/www.marsaly.fr\/fred\/wp-content\/uploads\/2021\/08\/T6-brillant-1536x731.jpg 1536w, http:\/\/www.marsaly.fr\/fred\/wp-content\/uploads\/2021\/08\/T6-brillant-2048x975.jpg 2048w, http:\/\/www.marsaly.fr\/fred\/wp-content\/uploads\/2021\/08\/T6-brillant-500x238.jpg 500w\" sizes=\"(max-width: 584px) 100vw, 584px\" \/><\/a><p id=\"caption-attachment-7832\" class=\"wp-caption-text\">Cet T-6 \u00e9tait si rutilant qu&rsquo;il a pouss\u00e9 le capteur du Nikon \u00e0 la saturation !<\/p><\/div>\n<p style=\"text-align: justify;\">Cette ann\u00e9e, ce fut le r\u00f4le du Pterodactyl Flight, une soci\u00e9t\u00e9 de droit britannique qui produit en Tch\u00e9quie des r\u00e9pliques volantes, \u00e0 \u00e9chelle r\u00e9duite, de chasseurs de la Premi\u00e8re Guerre mondiale et qui assure la promotion de ses appareils en proposant un show parfaitement huil\u00e9 faisant intervenir ses diff\u00e9rents mod\u00e8les mais aussi des v\u00e9hicules et des effets pyrotechniques spectaculaires.<\/p>\n<div id=\"attachment_7810\" style=\"width: 1034px\" class=\"wp-caption alignnone\"><a href=\"http:\/\/www.marsaly.fr\/fred\/wp-content\/uploads\/2021\/08\/DSC_5343.jpg\"><img aria-describedby=\"caption-attachment-7810\" decoding=\"async\" loading=\"lazy\" class=\"wp-image-7810 size-full\" src=\"http:\/\/www.marsaly.fr\/fred\/wp-content\/uploads\/2021\/08\/DSC_5343.jpg\" alt=\"\" width=\"1024\" height=\"519\" srcset=\"http:\/\/www.marsaly.fr\/fred\/wp-content\/uploads\/2021\/08\/DSC_5343.jpg 1024w, http:\/\/www.marsaly.fr\/fred\/wp-content\/uploads\/2021\/08\/DSC_5343-300x152.jpg 300w, http:\/\/www.marsaly.fr\/fred\/wp-content\/uploads\/2021\/08\/DSC_5343-768x389.jpg 768w, http:\/\/www.marsaly.fr\/fred\/wp-content\/uploads\/2021\/08\/DSC_5343-500x253.jpg 500w\" sizes=\"(max-width: 1024px) 100vw, 1024px\" \/><\/a><p id=\"caption-attachment-7810\" class=\"wp-caption-text\">Une r\u00e9plique contemporaine du \u00ab\u00a0fl\u00e9au\u00a0\u00bb Fokker.<\/p><\/div>\n<p style=\"text-align: justify;\">Deux r\u00e9pliques statiques de Fokker E.III, en fait de solides structures m\u00e9talliques entoil\u00e9es, se font d&rsquo;ailleurs \u00ab\u00a0p\u00e9tarder\u00a0\u00bb \u00e0 l&rsquo;occasion. On est tr\u00e8s proche des effets sp\u00e9ciaux utilis\u00e9s au cin\u00e9ma et il faut bien dire que les objectifs sont atteints.<\/p>\n\n\t\t<style type=\"text\/css\">\n\t\t\t#gallery-1 {\n\t\t\t\tmargin: auto;\n\t\t\t}\n\t\t\t#gallery-1 .gallery-item {\n\t\t\t\tfloat: left;\n\t\t\t\tmargin-top: 10px;\n\t\t\t\ttext-align: center;\n\t\t\t\twidth: 33%;\n\t\t\t}\n\t\t\t#gallery-1 img {\n\t\t\t\tborder: 2px solid #cfcfcf;\n\t\t\t}\n\t\t\t#gallery-1 .gallery-caption {\n\t\t\t\tmargin-left: 0;\n\t\t\t}\n\t\t\t\/* see gallery_shortcode() in wp-includes\/media.php *\/\n\t\t<\/style>\n\t\t<div id='gallery-1' class='gallery galleryid-7799 gallery-columns-3 gallery-size-medium'><dl class='gallery-item'>\n\t\t\t<dt class='gallery-icon landscape'>\n\t\t\t\t<a href='http:\/\/www.marsaly.fr\/fred\/ferte-alais-le-temps-des-helices-2021\/dsc_5364\/'><img width=\"300\" height=\"170\" src=\"http:\/\/www.marsaly.fr\/fred\/wp-content\/uploads\/2021\/08\/DSC_5364-300x170.jpg\" class=\"attachment-medium size-medium\" alt=\"\" decoding=\"async\" loading=\"lazy\" aria-describedby=\"gallery-1-7809\" srcset=\"http:\/\/www.marsaly.fr\/fred\/wp-content\/uploads\/2021\/08\/DSC_5364-300x170.jpg 300w, http:\/\/www.marsaly.fr\/fred\/wp-content\/uploads\/2021\/08\/DSC_5364-768x434.jpg 768w, http:\/\/www.marsaly.fr\/fred\/wp-content\/uploads\/2021\/08\/DSC_5364-500x283.jpg 500w, http:\/\/www.marsaly.fr\/fred\/wp-content\/uploads\/2021\/08\/DSC_5364.jpg 1024w\" sizes=\"(max-width: 300px) 100vw, 300px\" \/><\/a>\n\t\t\t<\/dt>\n\t\t\t\t<dd class='wp-caption-text gallery-caption' id='gallery-1-7809'>\n\t\t\t\tP\u00e9tardage d&rsquo;un E.III\n\t\t\t\t<\/dd><\/dl><dl class='gallery-item'>\n\t\t\t<dt class='gallery-icon landscape'>\n\t\t\t\t<a href='http:\/\/www.marsaly.fr\/fred\/ferte-alais-le-temps-des-helices-2021\/dsc_5368\/'><img width=\"300\" height=\"170\" src=\"http:\/\/www.marsaly.fr\/fred\/wp-content\/uploads\/2021\/08\/DSC_5368-300x170.jpg\" class=\"attachment-medium size-medium\" alt=\"\" decoding=\"async\" loading=\"lazy\" srcset=\"http:\/\/www.marsaly.fr\/fred\/wp-content\/uploads\/2021\/08\/DSC_5368-300x170.jpg 300w, http:\/\/www.marsaly.fr\/fred\/wp-content\/uploads\/2021\/08\/DSC_5368-768x436.jpg 768w, http:\/\/www.marsaly.fr\/fred\/wp-content\/uploads\/2021\/08\/DSC_5368-500x284.jpg 500w, http:\/\/www.marsaly.fr\/fred\/wp-content\/uploads\/2021\/08\/DSC_5368.jpg 1024w\" sizes=\"(max-width: 300px) 100vw, 300px\" \/><\/a>\n\t\t\t<\/dt><\/dl><dl class='gallery-item'>\n\t\t\t<dt class='gallery-icon landscape'>\n\t\t\t\t<a href='http:\/\/www.marsaly.fr\/fred\/ferte-alais-le-temps-des-helices-2021\/dsc_5339\/'><img width=\"300\" height=\"158\" src=\"http:\/\/www.marsaly.fr\/fred\/wp-content\/uploads\/2021\/08\/DSC_5339-300x158.jpg\" class=\"attachment-medium size-medium\" alt=\"\" decoding=\"async\" loading=\"lazy\" aria-describedby=\"gallery-1-7808\" srcset=\"http:\/\/www.marsaly.fr\/fred\/wp-content\/uploads\/2021\/08\/DSC_5339-300x158.jpg 300w, http:\/\/www.marsaly.fr\/fred\/wp-content\/uploads\/2021\/08\/DSC_5339-768x404.jpg 768w, http:\/\/www.marsaly.fr\/fred\/wp-content\/uploads\/2021\/08\/DSC_5339-500x263.jpg 500w, http:\/\/www.marsaly.fr\/fred\/wp-content\/uploads\/2021\/08\/DSC_5339.jpg 1024w\" sizes=\"(max-width: 300px) 100vw, 300px\" \/><\/a>\n\t\t\t<\/dt>\n\t\t\t\t<dd class='wp-caption-text gallery-caption' id='gallery-1-7808'>\n\t\t\t\tSpectaculaire, non ? \n\t\t\t\t<\/dd><\/dl><br style=\"clear: both\" \/>\n\t\t<\/div>\n\n<p style=\"text-align: justify;\">Les tableaux se sont donc encha\u00een\u00e9s sans temps mort tout au long de l&rsquo;apr\u00e8s-midi. Parmi les grands moment figure bien s\u00fbr le d\u00e9fil\u00e9 des transporteurs, DC-3 en t\u00eate, suivi du Transall et de l&rsquo;A400M.<\/p>\n<div id=\"attachment_7814\" style=\"width: 1034px\" class=\"wp-caption alignnone\"><a href=\"http:\/\/www.marsaly.fr\/fred\/wp-content\/uploads\/2021\/08\/DSC_5521.jpg\"><img aria-describedby=\"caption-attachment-7814\" decoding=\"async\" loading=\"lazy\" class=\"wp-image-7814 size-full\" src=\"http:\/\/www.marsaly.fr\/fred\/wp-content\/uploads\/2021\/08\/DSC_5521.jpg\" alt=\"\" width=\"1024\" height=\"427\" srcset=\"http:\/\/www.marsaly.fr\/fred\/wp-content\/uploads\/2021\/08\/DSC_5521.jpg 1024w, http:\/\/www.marsaly.fr\/fred\/wp-content\/uploads\/2021\/08\/DSC_5521-300x125.jpg 300w, http:\/\/www.marsaly.fr\/fred\/wp-content\/uploads\/2021\/08\/DSC_5521-768x320.jpg 768w, http:\/\/www.marsaly.fr\/fred\/wp-content\/uploads\/2021\/08\/DSC_5521-500x208.jpg 500w\" sizes=\"(max-width: 1024px) 100vw, 1024px\" \/><\/a><p id=\"caption-attachment-7814\" class=\"wp-caption-text\">L&rsquo;\u00e9l\u00e9gance du DC-3 pour ouvrir le bal des transporteurs, pouvait-on faire meilleur choix ?!<\/p><\/div>\n<p style=\"text-align: justify;\">Le Transall, au cr\u00e9puscule de son immense carri\u00e8re, s&rsquo;est sans doute pos\u00e9 pour la derni\u00e8re fois \u00e0 Cerny. Il ne fallait pas rater ce grand moment d&rsquo;aviation.<\/p>\n<div id=\"attachment_7811\" style=\"width: 1034px\" class=\"wp-caption alignnone\"><a href=\"http:\/\/www.marsaly.fr\/fred\/wp-content\/uploads\/2021\/08\/DSC_5600.jpg\"><img aria-describedby=\"caption-attachment-7811\" decoding=\"async\" loading=\"lazy\" class=\"wp-image-7811 size-full\" src=\"http:\/\/www.marsaly.fr\/fred\/wp-content\/uploads\/2021\/08\/DSC_5600.jpg\" alt=\"\" width=\"1024\" height=\"490\" srcset=\"http:\/\/www.marsaly.fr\/fred\/wp-content\/uploads\/2021\/08\/DSC_5600.jpg 1024w, http:\/\/www.marsaly.fr\/fred\/wp-content\/uploads\/2021\/08\/DSC_5600-300x144.jpg 300w, http:\/\/www.marsaly.fr\/fred\/wp-content\/uploads\/2021\/08\/DSC_5600-768x368.jpg 768w, http:\/\/www.marsaly.fr\/fred\/wp-content\/uploads\/2021\/08\/DSC_5600-500x239.jpg 500w\" sizes=\"(max-width: 1024px) 100vw, 1024px\" \/><\/a><p id=\"caption-attachment-7811\" class=\"wp-caption-text\">Le Transall \u00e0 l&rsquo;atterrissage, les \u00ab\u00a0reverse\u00a0\u00bb balayent la piste !<\/p><\/div>\n<div id=\"attachment_7812\" style=\"width: 1034px\" class=\"wp-caption alignnone\"><a href=\"http:\/\/www.marsaly.fr\/fred\/wp-content\/uploads\/2021\/08\/Transallou.jpg\"><img aria-describedby=\"caption-attachment-7812\" decoding=\"async\" loading=\"lazy\" class=\"wp-image-7812 size-full\" src=\"http:\/\/www.marsaly.fr\/fred\/wp-content\/uploads\/2021\/08\/Transallou.jpg\" alt=\"\" width=\"1024\" height=\"518\" srcset=\"http:\/\/www.marsaly.fr\/fred\/wp-content\/uploads\/2021\/08\/Transallou.jpg 1024w, http:\/\/www.marsaly.fr\/fred\/wp-content\/uploads\/2021\/08\/Transallou-300x152.jpg 300w, http:\/\/www.marsaly.fr\/fred\/wp-content\/uploads\/2021\/08\/Transallou-768x389.jpg 768w, http:\/\/www.marsaly.fr\/fred\/wp-content\/uploads\/2021\/08\/Transallou-500x253.jpg 500w\" sizes=\"(max-width: 1024px) 100vw, 1024px\" \/><\/a><p id=\"caption-attachment-7812\" class=\"wp-caption-text\">Apr\u00e8s un rapide demi-tour en bout de piste, le voil\u00e0 qui red\u00e9colle directement !<\/p><\/div>\n<p style=\"text-align: justify;\">La d\u00e9mo de l&rsquo;A400M, un appareil peint sp\u00e9cialement pour annoncer la reformation du \u00ab\u00a0B\u00e9arn\u00a0\u00bb en tant qu&rsquo;Escadron de Transport 4\/61, est spectaculaire et dynamique, particuli\u00e8rement int\u00e9ressante donc.<\/p>\n<div id=\"attachment_7815\" style=\"width: 1034px\" class=\"wp-caption alignnone\"><a href=\"http:\/\/www.marsaly.fr\/fred\/wp-content\/uploads\/2021\/08\/DSC_5532.jpg\"><img aria-describedby=\"caption-attachment-7815\" decoding=\"async\" loading=\"lazy\" class=\"wp-image-7815 size-full\" src=\"http:\/\/www.marsaly.fr\/fred\/wp-content\/uploads\/2021\/08\/DSC_5532.jpg\" alt=\"\" width=\"1024\" height=\"409\" srcset=\"http:\/\/www.marsaly.fr\/fred\/wp-content\/uploads\/2021\/08\/DSC_5532.jpg 1024w, http:\/\/www.marsaly.fr\/fred\/wp-content\/uploads\/2021\/08\/DSC_5532-300x120.jpg 300w, http:\/\/www.marsaly.fr\/fred\/wp-content\/uploads\/2021\/08\/DSC_5532-768x307.jpg 768w, http:\/\/www.marsaly.fr\/fred\/wp-content\/uploads\/2021\/08\/DSC_5532-500x200.jpg 500w\" sizes=\"(max-width: 1024px) 100vw, 1024px\" \/><\/a><p id=\"caption-attachment-7815\" class=\"wp-caption-text\">Imposant et lourd, l&rsquo;A400M n&rsquo;en dispose pas moins d&rsquo;une agilit\u00e9 d\u00e9concertante !<\/p><\/div>\n<p style=\"text-align: justify;\">Les repr\u00e9sentants de l&rsquo;arm\u00e9e de l&rsquo;Air \u00e9taient nombreux ce weekend. C&rsquo;\u00e9tait le cas de l&rsquo;EVAA qui a propos\u00e9 une tr\u00e8s \u00e9l\u00e9gante d\u00e9monstration \u00e0 trois avions avec un simulacre de combat a\u00e9rien assez amusant et comment\u00e9 avec beaucoup de simplicit\u00e9 par un des pilotes.<\/p>\n<div id=\"attachment_7844\" style=\"width: 1034px\" class=\"wp-caption alignnone\"><a href=\"http:\/\/www.marsaly.fr\/fred\/wp-content\/uploads\/2021\/08\/EVAA.jpg\"><img aria-describedby=\"caption-attachment-7844\" decoding=\"async\" loading=\"lazy\" class=\"wp-image-7844 size-full\" src=\"http:\/\/www.marsaly.fr\/fred\/wp-content\/uploads\/2021\/08\/EVAA.jpg\" alt=\"\" width=\"1024\" height=\"713\" srcset=\"http:\/\/www.marsaly.fr\/fred\/wp-content\/uploads\/2021\/08\/EVAA.jpg 1024w, http:\/\/www.marsaly.fr\/fred\/wp-content\/uploads\/2021\/08\/EVAA-300x209.jpg 300w, http:\/\/www.marsaly.fr\/fred\/wp-content\/uploads\/2021\/08\/EVAA-768x535.jpg 768w, http:\/\/www.marsaly.fr\/fred\/wp-content\/uploads\/2021\/08\/EVAA-431x300.jpg 431w\" sizes=\"(max-width: 1024px) 100vw, 1024px\" \/><\/a><p id=\"caption-attachment-7844\" class=\"wp-caption-text\">Deux des trois Extra de l&rsquo;EVAA en vol synchronis\u00e9. Superbe !<\/p><\/div>\n<p style=\"text-align: justify;\">La Patrouille de France \u00e9tait aussi de la partie avec son spectacle complet, ruban et synchro, et de plus en plus souvent la retransmission en direct des messages radios du leader \u00ab\u00a0Cadence, cadence !\u00a0\u00bb<\/p>\n<div id=\"attachment_7843\" style=\"width: 1034px\" class=\"wp-caption alignnone\"><a href=\"http:\/\/www.marsaly.fr\/fred\/wp-content\/uploads\/2021\/08\/PAF.jpg\"><img aria-describedby=\"caption-attachment-7843\" decoding=\"async\" loading=\"lazy\" class=\"wp-image-7843 size-full\" src=\"http:\/\/www.marsaly.fr\/fred\/wp-content\/uploads\/2021\/08\/PAF.jpg\" alt=\"\" width=\"1024\" height=\"730\" srcset=\"http:\/\/www.marsaly.fr\/fred\/wp-content\/uploads\/2021\/08\/PAF.jpg 1024w, http:\/\/www.marsaly.fr\/fred\/wp-content\/uploads\/2021\/08\/PAF-300x214.jpg 300w, http:\/\/www.marsaly.fr\/fred\/wp-content\/uploads\/2021\/08\/PAF-768x548.jpg 768w, http:\/\/www.marsaly.fr\/fred\/wp-content\/uploads\/2021\/08\/PAF-421x300.jpg 421w\" sizes=\"(max-width: 1024px) 100vw, 1024px\" \/><\/a><p id=\"caption-attachment-7843\" class=\"wp-caption-text\">Les arabesques des Alpha Jet tricolores nous avaient manqu\u00e9s !<\/p><\/div>\n<p style=\"text-align: justify;\">Et puis ce fut l&rsquo;occasion de d\u00e9couvrir la nouvelle d\u00e9monstration du Rafale Solo Display, d\u00e9sormais aux mains de J\u00e9r\u00f4me \u00ab\u00a0Schuss\u00a0\u00bb Thoule. Il faut bien reconna\u00eetre que je n&rsquo;avais pas vu un Rafale se faire secouer comme \u00e7a depuis la d\u00e9monstration de \u00ab\u00a0Tao\u00a0\u00bb \u00e0 <a href=\"http:\/\/www.marsaly.fr\/fred\/meeting-aerien-du-centenaire-base-aerienne-705-tours-22\/\">Tours en 2015<\/a> ! Beaucoup de rythme et de facteur de charge \u00e0 bord d&rsquo;un Rafale \u00e0 la d\u00e9coration bien choisie et plut\u00f4t de bon go\u00fbt. C&rsquo;\u00e9tait top.<\/p>\n<div id=\"attachment_7817\" style=\"width: 1034px\" class=\"wp-caption alignnone\"><a href=\"http:\/\/www.marsaly.fr\/fred\/wp-content\/uploads\/2021\/08\/DSC_6123.jpg\"><img aria-describedby=\"caption-attachment-7817\" decoding=\"async\" loading=\"lazy\" class=\"wp-image-7817 size-full\" src=\"http:\/\/www.marsaly.fr\/fred\/wp-content\/uploads\/2021\/08\/DSC_6123.jpg\" alt=\"\" width=\"1024\" height=\"546\" srcset=\"http:\/\/www.marsaly.fr\/fred\/wp-content\/uploads\/2021\/08\/DSC_6123.jpg 1024w, http:\/\/www.marsaly.fr\/fred\/wp-content\/uploads\/2021\/08\/DSC_6123-300x160.jpg 300w, http:\/\/www.marsaly.fr\/fred\/wp-content\/uploads\/2021\/08\/DSC_6123-768x410.jpg 768w, http:\/\/www.marsaly.fr\/fred\/wp-content\/uploads\/2021\/08\/DSC_6123-500x267.jpg 500w\" sizes=\"(max-width: 1024px) 100vw, 1024px\" \/><\/a><p id=\"caption-attachment-7817\" class=\"wp-caption-text\">Le Rafale du RSD au couleurs de l&rsquo;Arm\u00e9e de l&rsquo;Air et de l&rsquo;Espace vers l&rsquo;infini et au-del\u00e0.<\/p><\/div>\n<div id=\"attachment_7816\" style=\"width: 1034px\" class=\"wp-caption alignnone\"><a href=\"http:\/\/www.marsaly.fr\/fred\/wp-content\/uploads\/2021\/08\/DSC_6124.jpg\"><img aria-describedby=\"caption-attachment-7816\" decoding=\"async\" loading=\"lazy\" class=\"wp-image-7816 size-full\" src=\"http:\/\/www.marsaly.fr\/fred\/wp-content\/uploads\/2021\/08\/DSC_6124.jpg\" alt=\"\" width=\"1024\" height=\"693\" srcset=\"http:\/\/www.marsaly.fr\/fred\/wp-content\/uploads\/2021\/08\/DSC_6124.jpg 1024w, http:\/\/www.marsaly.fr\/fred\/wp-content\/uploads\/2021\/08\/DSC_6124-300x203.jpg 300w, http:\/\/www.marsaly.fr\/fred\/wp-content\/uploads\/2021\/08\/DSC_6124-768x520.jpg 768w, http:\/\/www.marsaly.fr\/fred\/wp-content\/uploads\/2021\/08\/DSC_6124-443x300.jpg 443w\" sizes=\"(max-width: 1024px) 100vw, 1024px\" \/><\/a><p id=\"caption-attachment-7816\" class=\"wp-caption-text\">Rythm\u00e9e et spectaculaire, la d\u00e9mo 2021 du RSD m\u00e9rite le d\u00e9tour !<\/p><\/div>\n<p style=\"text-align: justify;\">La Marine \u00e9tait aussi pr\u00e9sente avec un Atlantique et un Falcon 50M, des avions peu spectaculaires \u00e0 voir voler, ce ne sont pas l\u00e0 leurs qualit\u00e9s premi\u00e8res, mais c&rsquo;est surtout l&rsquo;apparition d&rsquo;une des derni\u00e8res Alouette III de la Marine qu&rsquo;il faudra retenir.<\/p>\n<div id=\"attachment_7831\" style=\"width: 1034px\" class=\"wp-caption alignnone\"><a href=\"http:\/\/www.marsaly.fr\/fred\/wp-content\/uploads\/2021\/08\/DSC_6428.jpg\"><img aria-describedby=\"caption-attachment-7831\" decoding=\"async\" loading=\"lazy\" class=\"wp-image-7831 size-full\" src=\"http:\/\/www.marsaly.fr\/fred\/wp-content\/uploads\/2021\/08\/DSC_6428.jpg\" alt=\"\" width=\"1024\" height=\"538\" srcset=\"http:\/\/www.marsaly.fr\/fred\/wp-content\/uploads\/2021\/08\/DSC_6428.jpg 1024w, http:\/\/www.marsaly.fr\/fred\/wp-content\/uploads\/2021\/08\/DSC_6428-300x158.jpg 300w, http:\/\/www.marsaly.fr\/fred\/wp-content\/uploads\/2021\/08\/DSC_6428-768x404.jpg 768w, http:\/\/www.marsaly.fr\/fred\/wp-content\/uploads\/2021\/08\/DSC_6428-500x263.jpg 500w\" sizes=\"(max-width: 1024px) 100vw, 1024px\" \/><\/a><p id=\"caption-attachment-7831\" class=\"wp-caption-text\">Une des derni\u00e8res Alouette III op\u00e9rationnelles au sein de l&rsquo;A\u00e9ronautique Navale.<\/p><\/div>\n<p style=\"text-align: justify;\">On oubliera vite, tr\u00e8s vite, par contre, les commentateurs qui ont alors pris temporairement la rel\u00e8ve de l&rsquo;inalt\u00e9rable Bernard Chabbert. Entre les approximations techniques, les \u00e9l\u00e9ments de langage ridicules et leur manque de synchronisation, c&rsquo;\u00e9tait juste g\u00eanant.<\/p>\n<div id=\"attachment_7819\" style=\"width: 1034px\" class=\"wp-caption alignnone\"><a href=\"http:\/\/www.marsaly.fr\/fred\/wp-content\/uploads\/2021\/08\/DSC_6449.jpg\"><img aria-describedby=\"caption-attachment-7819\" decoding=\"async\" loading=\"lazy\" class=\"wp-image-7819 size-full\" src=\"http:\/\/www.marsaly.fr\/fred\/wp-content\/uploads\/2021\/08\/DSC_6449.jpg\" alt=\"\" width=\"1024\" height=\"300\" srcset=\"http:\/\/www.marsaly.fr\/fred\/wp-content\/uploads\/2021\/08\/DSC_6449.jpg 1024w, http:\/\/www.marsaly.fr\/fred\/wp-content\/uploads\/2021\/08\/DSC_6449-300x88.jpg 300w, http:\/\/www.marsaly.fr\/fred\/wp-content\/uploads\/2021\/08\/DSC_6449-768x225.jpg 768w, http:\/\/www.marsaly.fr\/fred\/wp-content\/uploads\/2021\/08\/DSC_6449-500x146.jpg 500w\" sizes=\"(max-width: 1024px) 100vw, 1024px\" \/><\/a><p id=\"caption-attachment-7819\" class=\"wp-caption-text\">L&rsquo;Atlantique, le \u00ab\u00a0couteau Suisse\u00a0\u00bb de l&rsquo;A\u00e9ronautique navale, aussi \u00e0 l&rsquo;aise au-dessus de l&rsquo;Atlantique qu&rsquo;au dessus du d\u00e9sert au Mali !<\/p><\/div>\n<div id=\"attachment_7818\" style=\"width: 1034px\" class=\"wp-caption alignnone\"><a href=\"http:\/\/www.marsaly.fr\/fred\/wp-content\/uploads\/2021\/08\/Falcon-50-hublots.jpg\"><img aria-describedby=\"caption-attachment-7818\" decoding=\"async\" loading=\"lazy\" class=\"wp-image-7818 size-full\" src=\"http:\/\/www.marsaly.fr\/fred\/wp-content\/uploads\/2021\/08\/Falcon-50-hublots.jpg\" alt=\"\" width=\"1024\" height=\"611\" srcset=\"http:\/\/www.marsaly.fr\/fred\/wp-content\/uploads\/2021\/08\/Falcon-50-hublots.jpg 1024w, http:\/\/www.marsaly.fr\/fred\/wp-content\/uploads\/2021\/08\/Falcon-50-hublots-300x179.jpg 300w, http:\/\/www.marsaly.fr\/fred\/wp-content\/uploads\/2021\/08\/Falcon-50-hublots-768x458.jpg 768w, http:\/\/www.marsaly.fr\/fred\/wp-content\/uploads\/2021\/08\/Falcon-50-hublots-500x298.jpg 500w\" sizes=\"(max-width: 1024px) 100vw, 1024px\" \/><\/a><p id=\"caption-attachment-7818\" class=\"wp-caption-text\">Les Falcon 50 sont pass\u00e9s de l&rsquo;aviation d&rsquo;affaires \u00e0 la surveillance maritime avec la m\u00eame efficacit\u00e9.<\/p><\/div>\n<p style=\"text-align: justify;\">C&rsquo;\u00e9tait un peu le m\u00eame probl\u00e8me pour la Patrouille de France o\u00f9 la lecture du tr\u00e8s long communiqu\u00e9 de presse gagnerait \u00e0 \u00eatre lu plus simplement. En tentant de mettre beaucoup d&#8217;emphase sur leurs commentaires, les deux experts en communication n&rsquo;ont fait que confirmer leur absolu besoin de prendre en urgence des cours de com\u00e9die.<\/p>\n<p style=\"text-align: justify;\">D&rsquo;une mani\u00e8re g\u00e9n\u00e9rale, entre la pr\u00e9sence des hauts-parleurs sur la ligne de vol, le volume g\u00e9n\u00e9ralement trop \u00e9lev\u00e9 d&rsquo;une musique bien trop pr\u00e9sente, il serait temps de penser \u00e0 une sonorisation diff\u00e9rente du spectacle. Et surtout qu&rsquo;elle soit plus coh\u00e9rente. Certains avions s&rsquo;appr\u00e9cient aussi par le son de leur moteur et, dans le cas du Pipistrel \u00e9lectrique, par son silence. Il aurait \u00e9t\u00e9 int\u00e9ressant de s&rsquo;y adapter.<\/p>\n<div id=\"attachment_7820\" style=\"width: 1034px\" class=\"wp-caption alignnone\"><a href=\"http:\/\/www.marsaly.fr\/fred\/wp-content\/uploads\/2021\/08\/DSC_6146.jpg\"><img aria-describedby=\"caption-attachment-7820\" decoding=\"async\" loading=\"lazy\" class=\"wp-image-7820 size-full\" src=\"http:\/\/www.marsaly.fr\/fred\/wp-content\/uploads\/2021\/08\/DSC_6146.jpg\" alt=\"\" width=\"1024\" height=\"658\" srcset=\"http:\/\/www.marsaly.fr\/fred\/wp-content\/uploads\/2021\/08\/DSC_6146.jpg 1024w, http:\/\/www.marsaly.fr\/fred\/wp-content\/uploads\/2021\/08\/DSC_6146-300x193.jpg 300w, http:\/\/www.marsaly.fr\/fred\/wp-content\/uploads\/2021\/08\/DSC_6146-768x494.jpg 768w, http:\/\/www.marsaly.fr\/fred\/wp-content\/uploads\/2021\/08\/DSC_6146-467x300.jpg 467w\" sizes=\"(max-width: 1024px) 100vw, 1024px\" \/><\/a><p id=\"caption-attachment-7820\" class=\"wp-caption-text\">Silencieux et n&rsquo;utilisant plus de carburant fossile, le Velis Electro est une des pistes pour l&rsquo;avenir de l&rsquo;aviation l\u00e9g\u00e8re.<\/p><\/div>\n<p style=\"text-align: justify;\">C\u00f4t\u00e9 Warbirds, les T-6 \u00e9taient toujours aussi nombreux, les T-28 \u00e9taient trois et si il n&rsquo;y a plus de Mustang en France, il reste quand m\u00eame un superbe P-40 et un non moins splendide Corsair. Les anglais de la Fighter Collection avaient envoy\u00e9 leur FG-1 qui vola de concert avec le F4U-5NL de la Fert\u00e9, quel bonheur !<\/p>\n<div id=\"attachment_7822\" style=\"width: 1034px\" class=\"wp-caption alignnone\"><a href=\"http:\/\/www.marsaly.fr\/fred\/wp-content\/uploads\/2021\/08\/Corsair.jpg\"><img aria-describedby=\"caption-attachment-7822\" decoding=\"async\" loading=\"lazy\" class=\"wp-image-7822 size-full\" src=\"http:\/\/www.marsaly.fr\/fred\/wp-content\/uploads\/2021\/08\/Corsair.jpg\" alt=\"\" width=\"1024\" height=\"458\" srcset=\"http:\/\/www.marsaly.fr\/fred\/wp-content\/uploads\/2021\/08\/Corsair.jpg 1024w, http:\/\/www.marsaly.fr\/fred\/wp-content\/uploads\/2021\/08\/Corsair-300x134.jpg 300w, http:\/\/www.marsaly.fr\/fred\/wp-content\/uploads\/2021\/08\/Corsair-768x344.jpg 768w, http:\/\/www.marsaly.fr\/fred\/wp-content\/uploads\/2021\/08\/Corsair-500x224.jpg 500w\" sizes=\"(max-width: 1024px) 100vw, 1024px\" \/><\/a><p id=\"caption-attachment-7822\" class=\"wp-caption-text\">Le FG-1 de The Fighter Collection, envoy\u00e9 pour pallier l&rsquo;absence d&rsquo;un Wildcat. Le grand public n&rsquo;a pas perdu au change.<\/p><\/div>\n<div id=\"attachment_7821\" style=\"width: 1034px\" class=\"wp-caption alignnone\"><a href=\"http:\/\/www.marsaly.fr\/fred\/wp-content\/uploads\/2021\/08\/DSC_6036.jpg\"><img aria-describedby=\"caption-attachment-7821\" decoding=\"async\" loading=\"lazy\" class=\"wp-image-7821 size-full\" src=\"http:\/\/www.marsaly.fr\/fred\/wp-content\/uploads\/2021\/08\/DSC_6036.jpg\" alt=\"\" width=\"1024\" height=\"651\" srcset=\"http:\/\/www.marsaly.fr\/fred\/wp-content\/uploads\/2021\/08\/DSC_6036.jpg 1024w, http:\/\/www.marsaly.fr\/fred\/wp-content\/uploads\/2021\/08\/DSC_6036-300x191.jpg 300w, http:\/\/www.marsaly.fr\/fred\/wp-content\/uploads\/2021\/08\/DSC_6036-768x488.jpg 768w, http:\/\/www.marsaly.fr\/fred\/wp-content\/uploads\/2021\/08\/DSC_6036-472x300.jpg 472w\" sizes=\"(max-width: 1024px) 100vw, 1024px\" \/><\/a><p id=\"caption-attachment-7821\" class=\"wp-caption-text\">Duo de Corsair de concert ! Juste superbe !<\/p><\/div>\n<div id=\"attachment_7823\" style=\"width: 1034px\" class=\"wp-caption alignnone\"><a href=\"http:\/\/www.marsaly.fr\/fred\/wp-content\/uploads\/2021\/08\/Skyradier.jpg\"><img aria-describedby=\"caption-attachment-7823\" decoding=\"async\" loading=\"lazy\" class=\"wp-image-7823 size-full\" src=\"http:\/\/www.marsaly.fr\/fred\/wp-content\/uploads\/2021\/08\/Skyradier.jpg\" alt=\"\" width=\"1024\" height=\"416\" srcset=\"http:\/\/www.marsaly.fr\/fred\/wp-content\/uploads\/2021\/08\/Skyradier.jpg 1024w, http:\/\/www.marsaly.fr\/fred\/wp-content\/uploads\/2021\/08\/Skyradier-300x122.jpg 300w, http:\/\/www.marsaly.fr\/fred\/wp-content\/uploads\/2021\/08\/Skyradier-768x312.jpg 768w, http:\/\/www.marsaly.fr\/fred\/wp-content\/uploads\/2021\/08\/Skyradier-500x203.jpg 500w\" sizes=\"(max-width: 1024px) 100vw, 1024px\" \/><\/a><p id=\"caption-attachment-7823\" class=\"wp-caption-text\">Aux couleurs de la Guerre du Vietnam et avec tout son armement (factice) sous les ailes, le Skyraider est vraiment impressionnant.<\/p><\/div>\n<p style=\"text-align: justify;\">Le superbe AD-4N Skyraider de Christophe Brunneli\u00e8re a enfin pr\u00e9sent\u00e9 ses nouvelles couleurs. En compagnie des T-28 et du Bronco, il a fait une d\u00e9monstration absolument superbe accompagn\u00e9e d&rsquo;effets pyrotechniques denses.<\/p>\n<div id=\"attachment_7825\" style=\"width: 1034px\" class=\"wp-caption alignnone\"><a href=\"http:\/\/www.marsaly.fr\/fred\/wp-content\/uploads\/2021\/08\/DSC_6245.jpg\"><img aria-describedby=\"caption-attachment-7825\" decoding=\"async\" loading=\"lazy\" class=\"wp-image-7825 size-full\" src=\"http:\/\/www.marsaly.fr\/fred\/wp-content\/uploads\/2021\/08\/DSC_6245.jpg\" alt=\"\" width=\"1024\" height=\"464\" srcset=\"http:\/\/www.marsaly.fr\/fred\/wp-content\/uploads\/2021\/08\/DSC_6245.jpg 1024w, http:\/\/www.marsaly.fr\/fred\/wp-content\/uploads\/2021\/08\/DSC_6245-300x136.jpg 300w, http:\/\/www.marsaly.fr\/fred\/wp-content\/uploads\/2021\/08\/DSC_6245-768x348.jpg 768w, http:\/\/www.marsaly.fr\/fred\/wp-content\/uploads\/2021\/08\/DSC_6245-500x227.jpg 500w\" sizes=\"(max-width: 1024px) 100vw, 1024px\" \/><\/a><p id=\"caption-attachment-7825\" class=\"wp-caption-text\">Deux des trois T-28 pr\u00e9sents au meeting de la Fert\u00e9.<\/p><\/div>\n<p style=\"text-align: justify;\">Et bien s\u00fbr, que dire de la joie de revoir en vol <a href=\"https:\/\/www.aerobuzz.fr\/breves-culture-aero\/le-spitfire-mk-xix-f-azjs-de-retour-pour-2020\/\">le seul Spitfire au registre fran\u00e7ais<\/a> enfin sorti de son immense chantier de restauration apr\u00e8s son accident et le Catalina qui a lui aussi connu <a href=\"https:\/\/www.aerobuzz.fr\/breves-aviation-generale\/le-catalina-miss-pickup-en-difficulte-sur-le-loch-ness\/\">quelques avanies sur le Loch Ness<\/a> en fin d&rsquo;ann\u00e9e 2020, heureusement r\u00e9solues.<\/p>\n<div id=\"attachment_7847\" style=\"width: 1034px\" class=\"wp-caption alignnone\"><a href=\"http:\/\/www.marsaly.fr\/fred\/wp-content\/uploads\/2021\/08\/spit-1.jpg\"><img aria-describedby=\"caption-attachment-7847\" decoding=\"async\" loading=\"lazy\" class=\"wp-image-7847 size-full\" src=\"http:\/\/www.marsaly.fr\/fred\/wp-content\/uploads\/2021\/08\/spit-1.jpg\" alt=\"\" width=\"1024\" height=\"476\" srcset=\"http:\/\/www.marsaly.fr\/fred\/wp-content\/uploads\/2021\/08\/spit-1.jpg 1024w, http:\/\/www.marsaly.fr\/fred\/wp-content\/uploads\/2021\/08\/spit-1-300x139.jpg 300w, http:\/\/www.marsaly.fr\/fred\/wp-content\/uploads\/2021\/08\/spit-1-768x357.jpg 768w, http:\/\/www.marsaly.fr\/fred\/wp-content\/uploads\/2021\/08\/spit-1-500x232.jpg 500w\" sizes=\"(max-width: 1024px) 100vw, 1024px\" \/><\/a><p id=\"caption-attachment-7847\" class=\"wp-caption-text\">Le Spit au d\u00e9collage, une man\u0153uvre pas si simple sur une piste en herbe comme l&rsquo;accident en juin 2017 l&rsquo;a d\u00e9montr\u00e9.<\/p><\/div>\n<div id=\"attachment_7828\" style=\"width: 1034px\" class=\"wp-caption alignnone\"><a href=\"http:\/\/www.marsaly.fr\/fred\/wp-content\/uploads\/2021\/08\/Spit.jpg\"><img aria-describedby=\"caption-attachment-7828\" decoding=\"async\" loading=\"lazy\" class=\"wp-image-7828 size-full\" src=\"http:\/\/www.marsaly.fr\/fred\/wp-content\/uploads\/2021\/08\/Spit.jpg\" alt=\"\" width=\"1024\" height=\"520\" srcset=\"http:\/\/www.marsaly.fr\/fred\/wp-content\/uploads\/2021\/08\/Spit.jpg 1024w, http:\/\/www.marsaly.fr\/fred\/wp-content\/uploads\/2021\/08\/Spit-300x152.jpg 300w, http:\/\/www.marsaly.fr\/fred\/wp-content\/uploads\/2021\/08\/Spit-768x390.jpg 768w, http:\/\/www.marsaly.fr\/fred\/wp-content\/uploads\/2021\/08\/Spit-500x254.jpg 500w\" sizes=\"(max-width: 1024px) 100vw, 1024px\" \/><\/a><p id=\"caption-attachment-7828\" class=\"wp-caption-text\">Sa Majest\u00e9 est de retour, qu&rsquo;on se le dise !<\/p><\/div>\n<div id=\"attachment_7827\" style=\"width: 1034px\" class=\"wp-caption alignnone\"><a href=\"http:\/\/www.marsaly.fr\/fred\/wp-content\/uploads\/2021\/08\/DSC_5989.jpg\"><img aria-describedby=\"caption-attachment-7827\" decoding=\"async\" loading=\"lazy\" class=\"wp-image-7827 size-full\" src=\"http:\/\/www.marsaly.fr\/fred\/wp-content\/uploads\/2021\/08\/DSC_5989.jpg\" alt=\"\" width=\"1024\" height=\"478\" srcset=\"http:\/\/www.marsaly.fr\/fred\/wp-content\/uploads\/2021\/08\/DSC_5989.jpg 1024w, http:\/\/www.marsaly.fr\/fred\/wp-content\/uploads\/2021\/08\/DSC_5989-300x140.jpg 300w, http:\/\/www.marsaly.fr\/fred\/wp-content\/uploads\/2021\/08\/DSC_5989-768x359.jpg 768w, http:\/\/www.marsaly.fr\/fred\/wp-content\/uploads\/2021\/08\/DSC_5989-500x233.jpg 500w\" sizes=\"(max-width: 1024px) 100vw, 1024px\" \/><\/a><p id=\"caption-attachment-7827\" class=\"wp-caption-text\">Une silhouette famili\u00e8re et attachante, le Catalina signait aussi son retour apr\u00e8s une intersaison pour le moins mouvement\u00e9e.<\/p><\/div>\n<p style=\"text-align: justify;\">Il y eut aussi la d\u00e9monstration spectaculaire du <a href=\"https:\/\/www.aerobuzz.fr\/aviation-generale\/le-baron-de-mika-brageot\/\">Baron de Micka Brageot<\/a> qui effectue sa toute premi\u00e8re saison. Le pilotage est fin, pr\u00e9cis. De la belle ouvrage.<\/p>\n<div id=\"attachment_7852\" style=\"width: 1034px\" class=\"wp-caption alignnone\"><a href=\"http:\/\/www.marsaly.fr\/fred\/wp-content\/uploads\/2021\/08\/DSC_6161.jpg\"><img aria-describedby=\"caption-attachment-7852\" decoding=\"async\" loading=\"lazy\" class=\"wp-image-7852 size-full\" src=\"http:\/\/www.marsaly.fr\/fred\/wp-content\/uploads\/2021\/08\/DSC_6161.jpg\" alt=\"\" width=\"1024\" height=\"386\" srcset=\"http:\/\/www.marsaly.fr\/fred\/wp-content\/uploads\/2021\/08\/DSC_6161.jpg 1024w, http:\/\/www.marsaly.fr\/fred\/wp-content\/uploads\/2021\/08\/DSC_6161-300x113.jpg 300w, http:\/\/www.marsaly.fr\/fred\/wp-content\/uploads\/2021\/08\/DSC_6161-768x290.jpg 768w, http:\/\/www.marsaly.fr\/fred\/wp-content\/uploads\/2021\/08\/DSC_6161-500x188.jpg 500w\" sizes=\"(max-width: 1024px) 100vw, 1024px\" \/><\/a><p id=\"caption-attachment-7852\" class=\"wp-caption-text\">Le Baron de \u00ab\u00a0Mika\u00a0\u00bb au d\u00e9collage, fumig\u00e8nes allum\u00e9s.<\/p><\/div>\n<div id=\"attachment_7830\" style=\"width: 1034px\" class=\"wp-caption alignnone\"><a href=\"http:\/\/www.marsaly.fr\/fred\/wp-content\/uploads\/2021\/08\/DSC_6171.jpg\"><img aria-describedby=\"caption-attachment-7830\" decoding=\"async\" loading=\"lazy\" class=\"wp-image-7830 size-full\" src=\"http:\/\/www.marsaly.fr\/fred\/wp-content\/uploads\/2021\/08\/DSC_6171.jpg\" alt=\"\" width=\"1024\" height=\"471\" srcset=\"http:\/\/www.marsaly.fr\/fred\/wp-content\/uploads\/2021\/08\/DSC_6171.jpg 1024w, http:\/\/www.marsaly.fr\/fred\/wp-content\/uploads\/2021\/08\/DSC_6171-300x138.jpg 300w, http:\/\/www.marsaly.fr\/fred\/wp-content\/uploads\/2021\/08\/DSC_6171-768x353.jpg 768w, http:\/\/www.marsaly.fr\/fred\/wp-content\/uploads\/2021\/08\/DSC_6171-500x230.jpg 500w\" sizes=\"(max-width: 1024px) 100vw, 1024px\" \/><\/a><p id=\"caption-attachment-7830\" class=\"wp-caption-text\">Rare bimoteur autoris\u00e9 \u00e0 l&rsquo;acrobatie, ce Baron est la nouvelle attraction des meetings a\u00e9riens europ\u00e9ens.<\/p><\/div>\n<p style=\"text-align: justify;\">La voltige fut aussi symbolis\u00e9e par la patrouille de l&rsquo;A\u00e9roclub de France. La v\u00e9n\u00e9rable institution de la rue Galil\u00e9e, d\u00e9sormais partenaire du meeting, a fait le show avec les plus \u00e9minents de ses membres, dont sa pr\u00e9sidente. Ils sont arriv\u00e9s dans leurs avions respectifs guid\u00e9s par les quatre Fouga de la Patrouille Tranchant et ont encha\u00een\u00e9 chacun une petite routine de voltige de bon aloi.<\/p>\n<div id=\"attachment_7835\" style=\"width: 1034px\" class=\"wp-caption alignnone\"><a href=\"http:\/\/www.marsaly.fr\/fred\/wp-content\/uploads\/2021\/08\/patrouille-ACF.jpg\"><img aria-describedby=\"caption-attachment-7835\" decoding=\"async\" loading=\"lazy\" class=\"wp-image-7835 size-full\" src=\"http:\/\/www.marsaly.fr\/fred\/wp-content\/uploads\/2021\/08\/patrouille-ACF.jpg\" alt=\"\" width=\"1024\" height=\"669\" srcset=\"http:\/\/www.marsaly.fr\/fred\/wp-content\/uploads\/2021\/08\/patrouille-ACF.jpg 1024w, http:\/\/www.marsaly.fr\/fred\/wp-content\/uploads\/2021\/08\/patrouille-ACF-300x196.jpg 300w, http:\/\/www.marsaly.fr\/fred\/wp-content\/uploads\/2021\/08\/patrouille-ACF-768x502.jpg 768w, http:\/\/www.marsaly.fr\/fred\/wp-content\/uploads\/2021\/08\/patrouille-ACF-459x300.jpg 459w\" sizes=\"(max-width: 1024px) 100vw, 1024px\" \/><\/a><p id=\"caption-attachment-7835\" class=\"wp-caption-text\">Dans l&rsquo;ordre, les Fouga lead\u00e9s par Hugues Duval, le Pitts de Bertrand Boillot, le Cap 222 d&rsquo;Eric Vazeille, l&rsquo;Extra 200 de Catherine Maunoury, le MSX d&rsquo;Aude Lemordant et le Bonanza de Nicolas Ivanoff, amusez-vous \u00e0 recenser les palmar\u00e8s de ces diff\u00e9rents pilotes&#8230;<\/p><\/div>\n<div id=\"attachment_7850\" style=\"width: 1034px\" class=\"wp-caption alignnone\"><a href=\"http:\/\/www.marsaly.fr\/fred\/wp-content\/uploads\/2021\/08\/DSC_5454.jpg\"><img aria-describedby=\"caption-attachment-7850\" decoding=\"async\" loading=\"lazy\" class=\"wp-image-7850 size-full\" src=\"http:\/\/www.marsaly.fr\/fred\/wp-content\/uploads\/2021\/08\/DSC_5454.jpg\" alt=\"\" width=\"1024\" height=\"708\" srcset=\"http:\/\/www.marsaly.fr\/fred\/wp-content\/uploads\/2021\/08\/DSC_5454.jpg 1024w, http:\/\/www.marsaly.fr\/fred\/wp-content\/uploads\/2021\/08\/DSC_5454-300x207.jpg 300w, http:\/\/www.marsaly.fr\/fred\/wp-content\/uploads\/2021\/08\/DSC_5454-768x531.jpg 768w, http:\/\/www.marsaly.fr\/fred\/wp-content\/uploads\/2021\/08\/DSC_5454-434x300.jpg 434w\" sizes=\"(max-width: 1024px) 100vw, 1024px\" \/><\/a><p id=\"caption-attachment-7850\" class=\"wp-caption-text\">L&rsquo;\u00e9l\u00e9gance du Fouga, un classique ind\u00e9modable.<\/p><\/div>\n<div id=\"attachment_7851\" style=\"width: 1034px\" class=\"wp-caption alignnone\"><a href=\"http:\/\/www.marsaly.fr\/fred\/wp-content\/uploads\/2021\/08\/bonanza.jpg\"><img aria-describedby=\"caption-attachment-7851\" decoding=\"async\" loading=\"lazy\" class=\"wp-image-7851 size-full\" src=\"http:\/\/www.marsaly.fr\/fred\/wp-content\/uploads\/2021\/08\/bonanza.jpg\" alt=\"\" width=\"1024\" height=\"483\" srcset=\"http:\/\/www.marsaly.fr\/fred\/wp-content\/uploads\/2021\/08\/bonanza.jpg 1024w, http:\/\/www.marsaly.fr\/fred\/wp-content\/uploads\/2021\/08\/bonanza-300x142.jpg 300w, http:\/\/www.marsaly.fr\/fred\/wp-content\/uploads\/2021\/08\/bonanza-768x362.jpg 768w, http:\/\/www.marsaly.fr\/fred\/wp-content\/uploads\/2021\/08\/bonanza-500x236.jpg 500w\" sizes=\"(max-width: 1024px) 100vw, 1024px\" \/><\/a><p id=\"caption-attachment-7851\" class=\"wp-caption-text\">Que l&rsquo;on ne s&rsquo;y trompe pas, ce paisible Bonanza est aussi un avion&#8230; de voltige !<\/p><\/div>\n<p style=\"text-align: justify;\">Voil\u00e0, la Fert\u00e9 2021 close. Ce ne fut pas une \u00e9dition m\u00e9morable par son plateau, donc, mais l&rsquo;histoire a retenu qu&rsquo;en d\u00e9pit des vents contraires, les organisateurs ont su, avec des moyens forc\u00e9ment limit\u00e9s par la prudence, un spectacle toujours aussi passionnant et spectaculaire. Il faut leur tirer un coup de chapeau magistral. C&rsquo;est aussi pour cela que cette \u00e9dition marque une \u00e9tape consid\u00e9rable dans l&rsquo;histoire des meetings a\u00e9riens fran\u00e7ais.<\/p>\n<p>Vivement la prochaine \u00e9dition !<\/p>\n<div id=\"attachment_7829\" style=\"width: 1034px\" class=\"wp-caption alignnone\"><a href=\"http:\/\/www.marsaly.fr\/fred\/wp-content\/uploads\/2021\/08\/DSC_6300.jpg\"><img aria-describedby=\"caption-attachment-7829\" decoding=\"async\" loading=\"lazy\" class=\"wp-image-7829 size-full\" src=\"http:\/\/www.marsaly.fr\/fred\/wp-content\/uploads\/2021\/08\/DSC_6300.jpg\" alt=\"\" width=\"1024\" height=\"528\" srcset=\"http:\/\/www.marsaly.fr\/fred\/wp-content\/uploads\/2021\/08\/DSC_6300.jpg 1024w, http:\/\/www.marsaly.fr\/fred\/wp-content\/uploads\/2021\/08\/DSC_6300-300x155.jpg 300w, http:\/\/www.marsaly.fr\/fred\/wp-content\/uploads\/2021\/08\/DSC_6300-768x396.jpg 768w, http:\/\/www.marsaly.fr\/fred\/wp-content\/uploads\/2021\/08\/DSC_6300-500x258.jpg 500w\" sizes=\"(max-width: 1024px) 100vw, 1024px\" \/><\/a><p id=\"caption-attachment-7829\" class=\"wp-caption-text\">Parmi les avions l\u00e9gers venus pour l&rsquo;occasion figurait ce tr\u00e8s sympathique Gardan Horizon.<\/p><\/div>\n","protected":false},"excerpt":{"rendered":"<p>Deux ans, deux mois, plusieurs reports et une annulation plus tard, enfin la foule pouvait \u00e0 nouveau arpenter la pelouse de l&rsquo;a\u00e9rodrome de Cerny pour la nouvelle \u00e9dition du Temps des H\u00e9lices. Les retrouvailles furent pleines d&rsquo;\u00e9motion et de plaisir. &hellip; <a href=\"http:\/\/www.marsaly.fr\/fred\/ferte-alais-le-temps-des-helices-2021\/\">Continuer la lecture <span class=\"meta-nav\">&rarr;<\/span><\/a><\/p>\n","protected":false},"author":2,"featured_media":7848,"comment_status":"open","ping_status":"open","sticky":false,"template":"","format":"standard","meta":[],"categories":[4],"tags":[],"_links":{"self":[{"href":"http:\/\/www.marsaly.fr\/fred\/wp-json\/wp\/v2\/posts\/7799"}],"collection":[{"href":"http:\/\/www.marsaly.fr\/fred\/wp-json\/wp\/v2\/posts"}],"about":[{"href":"http:\/\/www.marsaly.fr\/fred\/wp-json\/wp\/v2\/types\/post"}],"author":[{"embeddable":true,"href":"http:\/\/www.marsaly.fr\/fred\/wp-json\/wp\/v2\/users\/2"}],"replies":[{"embeddable":true,"href":"http:\/\/www.marsaly.fr\/fred\/wp-json\/wp\/v2\/comments?post=7799"}],"version-history":[{"count":17,"href":"http:\/\/www.marsaly.fr\/fred\/wp-json\/wp\/v2\/posts\/7799\/revisions"}],"predecessor-version":[{"id":7858,"href":"http:\/\/www.marsaly.fr\/fred\/wp-json\/wp\/v2\/posts\/7799\/revisions\/7858"}],"wp:featuredmedia":[{"embeddable":true,"href":"http:\/\/www.marsaly.fr\/fred\/wp-json\/wp\/v2\/media\/7848"}],"wp:attachment":[{"href":"http:\/\/www.marsaly.fr\/fred\/wp-json\/wp\/v2\/media?parent=7799"}],"wp:term":[{"taxonomy":"category","embeddable":true,"href":"http:\/\/www.marsaly.fr\/fred\/wp-json\/wp\/v2\/categories?post=7799"},{"taxonomy":"post_tag","embeddable":true,"href":"http:\/\/www.marsaly.fr\/fred\/wp-json\/wp\/v2\/tags?post=7799"}],"curies":[{"name":"wp","href":"https:\/\/api.w.org\/{rel}","templated":true}]}}