{"id":7654,"date":"2021-05-29T11:58:48","date_gmt":"2021-05-29T09:58:48","guid":{"rendered":"http:\/\/www.marsaly.fr\/fred\/?p=7654"},"modified":"2021-05-29T12:42:33","modified_gmt":"2021-05-29T10:42:33","slug":"la-fin-de-laventure-supertanker","status":"publish","type":"post","link":"http:\/\/www.marsaly.fr\/fred\/la-fin-de-laventure-supertanker\/","title":{"rendered":"La fin de l&rsquo;aventure Supertanker"},"content":{"rendered":"<p style=\"text-align: justify;\">Hier, le Boeing 747-400 N744ST a \u00e9t\u00e9 convoy\u00e9 depuis Moses Lake (WA) vers San Antonio (TX). Il s&rsquo;agit de son ultime vol gr\u00e9\u00e9 comme avion de lutte anti-incendie apr\u00e8s l&rsquo;annonce de la <a href=\"https:\/\/www.aerobuzz.fr\/breves-aviation-generale\/le-boeing-747-400-supertanker-est-a-vendre\/\">cessation des op\u00e9rations et de la liquidation de son exploitant Global Supertanker Services<\/a>.<\/p>\r\n<div id=\"attachment_4902\" style=\"width: 594px\" class=\"wp-caption alignnone\"><a href=\"http:\/\/www.marsaly.fr\/fred\/wp-content\/uploads\/2018\/03\/DSC_0162.jpg\"><img aria-describedby=\"caption-attachment-4902\" decoding=\"async\" loading=\"lazy\" class=\"wp-image-4902 size-large\" src=\"http:\/\/www.marsaly.fr\/fred\/wp-content\/uploads\/2018\/03\/DSC_0162-1024x494.jpg\" alt=\"\" width=\"584\" height=\"282\" srcset=\"http:\/\/www.marsaly.fr\/fred\/wp-content\/uploads\/2018\/03\/DSC_0162.jpg 1024w, http:\/\/www.marsaly.fr\/fred\/wp-content\/uploads\/2018\/03\/DSC_0162-300x145.jpg 300w, http:\/\/www.marsaly.fr\/fred\/wp-content\/uploads\/2018\/03\/DSC_0162-768x371.jpg 768w, http:\/\/www.marsaly.fr\/fred\/wp-content\/uploads\/2018\/03\/DSC_0162-500x241.jpg 500w\" sizes=\"(max-width: 584px) 100vw, 584px\" \/><\/a><p id=\"caption-attachment-4902\" class=\"wp-caption-text\">La carri\u00e8re du N744ST comme \u00ab\u00a0pompier du ciel\u00a0\u00bb s&rsquo;ach\u00e8ve.<\/p><\/div>\r\n<div id=\"attachment_7658\" style=\"width: 1034px\" class=\"wp-caption alignnone\"><a href=\"http:\/\/www.marsaly.fr\/fred\/wp-content\/uploads\/2021\/05\/GST-last-1024.jpg\"><img aria-describedby=\"caption-attachment-7658\" decoding=\"async\" loading=\"lazy\" class=\"wp-image-7658 size-full\" src=\"http:\/\/www.marsaly.fr\/fred\/wp-content\/uploads\/2021\/05\/GST-last-1024.jpg\" alt=\"\" width=\"1024\" height=\"733\" srcset=\"http:\/\/www.marsaly.fr\/fred\/wp-content\/uploads\/2021\/05\/GST-last-1024.jpg 1024w, http:\/\/www.marsaly.fr\/fred\/wp-content\/uploads\/2021\/05\/GST-last-1024-300x215.jpg 300w, http:\/\/www.marsaly.fr\/fred\/wp-content\/uploads\/2021\/05\/GST-last-1024-768x550.jpg 768w, http:\/\/www.marsaly.fr\/fred\/wp-content\/uploads\/2021\/05\/GST-last-1024-419x300.jpg 419w\" sizes=\"(max-width: 1024px) 100vw, 1024px\" \/><\/a><p id=\"caption-attachment-7658\" class=\"wp-caption-text\">Le dernier vol du Supertanker de GSS le 28 mai 2021. (capture : FR24)<\/p><\/div>\r\n<p style=\"text-align: justify;\">Le Boeing 747, dont le syst\u00e8me de largage venait pourtant de subir quelques am\u00e9liorations et avait effectu\u00e9 un vol d&rsquo;essais \u00e0 la fin du mois de mars autour de Moses Lake, a \u00e9t\u00e9 vendu et devrait retrouver l<a href=\"http:\/\/www.marsaly.fr\/fred\/la-renaissance-du-boeing-747-supertanker\/\">a configuration cargo qui \u00e9tait la sienne avant de devenir pompier du ciel au d\u00e9but 2016<\/a>.<\/p>\r\n<div id=\"attachment_7660\" style=\"width: 1034px\" class=\"wp-caption alignnone\"><a href=\"http:\/\/www.marsaly.fr\/fred\/wp-content\/uploads\/2021\/05\/essais-2021.jpg\"><img aria-describedby=\"caption-attachment-7660\" decoding=\"async\" loading=\"lazy\" class=\"wp-image-7660 size-full\" src=\"http:\/\/www.marsaly.fr\/fred\/wp-content\/uploads\/2021\/05\/essais-2021.jpg\" alt=\"\" width=\"1024\" height=\"735\" srcset=\"http:\/\/www.marsaly.fr\/fred\/wp-content\/uploads\/2021\/05\/essais-2021.jpg 1024w, http:\/\/www.marsaly.fr\/fred\/wp-content\/uploads\/2021\/05\/essais-2021-300x215.jpg 300w, http:\/\/www.marsaly.fr\/fred\/wp-content\/uploads\/2021\/05\/essais-2021-768x551.jpg 768w, http:\/\/www.marsaly.fr\/fred\/wp-content\/uploads\/2021\/05\/essais-2021-418x300.jpg 418w\" sizes=\"(max-width: 1024px) 100vw, 1024px\" \/><\/a><p id=\"caption-attachment-7660\" class=\"wp-caption-text\">Essais en vol et sans doute dernier largage de l&rsquo;histoire du N744ST le 24 mars 2021. (Capture : FR24)<\/p><\/div>\r\n<p style=\"text-align: justify;\">Le chantier \u00e0 venir sera donc d&rsquo;\u00f4ter la soute interne et de supprimer les \u00e9volutions que GSS avait fait subir \u00e0 son avion. Le futur exploitant de l&rsquo;appareil n&rsquo;a pas encore \u00e9t\u00e9 d\u00e9voil\u00e9.<\/p>\r\n<p style=\"text-align: justify;\">Voici qui cl\u00f4t sans doute une histoire qui a d\u00e9but\u00e9 il y a une vingtaine d&rsquo;ann\u00e9es lorsque chez Evergreen ont \u00e9t\u00e9 lanc\u00e9es les bases d&rsquo;un syst\u00e8me de largage pouvant \u00eatre install\u00e9 \u00e0 bord d&rsquo;un Jumbo Jet.<\/p>\r\n<div id=\"attachment_6792\" style=\"width: 594px\" class=\"wp-caption alignnone\"><a href=\"http:\/\/www.marsaly.fr\/fred\/wp-content\/uploads\/2019\/09\/DSC_6669.jpg\"><img aria-describedby=\"caption-attachment-6792\" decoding=\"async\" loading=\"lazy\" class=\"wp-image-6792 size-large\" src=\"http:\/\/www.marsaly.fr\/fred\/wp-content\/uploads\/2019\/09\/DSC_6669-1024x553.jpg\" alt=\"\" width=\"584\" height=\"315\" srcset=\"http:\/\/www.marsaly.fr\/fred\/wp-content\/uploads\/2019\/09\/DSC_6669.jpg 1024w, http:\/\/www.marsaly.fr\/fred\/wp-content\/uploads\/2019\/09\/DSC_6669-300x162.jpg 300w, http:\/\/www.marsaly.fr\/fred\/wp-content\/uploads\/2019\/09\/DSC_6669-768x415.jpg 768w, http:\/\/www.marsaly.fr\/fred\/wp-content\/uploads\/2019\/09\/DSC_6669-500x270.jpg 500w\" sizes=\"(max-width: 584px) 100vw, 584px\" \/><\/a><p id=\"caption-attachment-6792\" class=\"wp-caption-text\">Le deuxi\u00e8me Supertanker d&rsquo;Evergreen \u00e0<a href=\"http:\/\/www.marsaly.fr\/fred\/juillet-2009-la-visite-du-supertanker-en-france\/\"> Chateauroux<\/a> en 2009.<\/p><\/div>\r\n<p style=\"text-align: justify;\">Tout au long de son histoire, le projet Supertanker a \u00e9t\u00e9 confront\u00e9 \u00e0 des vents contraires. Les exp\u00e9rimentations d&rsquo;<a href=\"http:\/\/www.marsaly.fr\/fred\/le-boeing-747-supertanker-evergreen\/\">Evergreen avec le 747-200 puis le 747-100<\/a> n&rsquo;ont pas permis \u00e0 la compagnie de d\u00e9velopper son march\u00e9 et le \u00ab\u00a0shutdown\u00a0\u00bb de 2013 a \u00e9t\u00e9 fatal.<\/p>\r\n<p style=\"text-align: justify;\"><a href=\"http:\/\/www.marsaly.fr\/fred\/la-renaissance-du-boeing-747-supertanker\/\">La reprise en main du concept et le rachat des soutes<\/a> pour les adapter \u00e0 un vecteur plus moderne \u00e9tait porteur de grands espoirs et de la <a href=\"http:\/\/www.marsaly.fr\/fred\/le-supertanker-en-route-vers-sa-premiere-mission-operationnelle\/\">premi\u00e8re intervention en Isra\u00ebl<\/a> \u00e0 l&rsquo;hiver 2016 \u00e0 la terrible saison des feux californienne <a href=\"https:\/\/www.aerobuzz.fr\/aviation-generale\/vretro-2020-les-moyens-aeriens-a-lepreuve-des-feux\/\">2020 et ses tristes records<\/a>, le 747 a apport\u00e9 une aide qui s&rsquo;est av\u00e9r\u00e9 d\u00e9cisive \u00e0 de nombreuses reprises.<\/p>\r\n<div id=\"attachment_441\" style=\"width: 594px\" class=\"wp-caption alignnone\"><a href=\"http:\/\/www.marsaly.fr\/fred\/wp-content\/uploads\/2015\/07\/Stands.jpg\"><img aria-describedby=\"caption-attachment-441\" decoding=\"async\" loading=\"lazy\" class=\"wp-image-441 size-large\" src=\"http:\/\/www.marsaly.fr\/fred\/wp-content\/uploads\/2015\/07\/Stands-1024x601.jpg\" alt=\"\" width=\"584\" height=\"343\" srcset=\"http:\/\/www.marsaly.fr\/fred\/wp-content\/uploads\/2015\/07\/Stands.jpg 1024w, http:\/\/www.marsaly.fr\/fred\/wp-content\/uploads\/2015\/07\/Stands-300x176.jpg 300w, http:\/\/www.marsaly.fr\/fred\/wp-content\/uploads\/2015\/07\/Stands-500x293.jpg 500w\" sizes=\"(max-width: 584px) 100vw, 584px\" \/><\/a><p id=\"caption-attachment-441\" class=\"wp-caption-text\">Mars 2015, lors de l&rsquo;<a href=\"http:\/\/www.marsaly.fr\/fred\/zadar-aff2015-europe\/\">AFF de Zadar<\/a>, les congressistes d\u00e9couvrent le projet de relance du Supertanker par GSS.<\/p><\/div>\r\n<p style=\"text-align: justify;\">Est-ce que l&rsquo;histoire rebondira une fois de plus ? Rien n&rsquo;est certain. Mais il existe deux soutes de largage pour 747 qui ne demandent qu&rsquo;\u00e0 \u00eatre rachet\u00e9es et remises en service.<\/p>\r\n<div id=\"attachment_5195\" style=\"width: 594px\" class=\"wp-caption alignnone\"><a href=\"http:\/\/www.marsaly.fr\/fred\/wp-content\/uploads\/2018\/06\/soute-1024.jpg\"><img aria-describedby=\"caption-attachment-5195\" decoding=\"async\" loading=\"lazy\" class=\"wp-image-5195 size-large\" src=\"http:\/\/www.marsaly.fr\/fred\/wp-content\/uploads\/2018\/06\/soute-1024-1024x663.jpg\" alt=\"\" width=\"584\" height=\"378\" srcset=\"http:\/\/www.marsaly.fr\/fred\/wp-content\/uploads\/2018\/06\/soute-1024.jpg 1024w, http:\/\/www.marsaly.fr\/fred\/wp-content\/uploads\/2018\/06\/soute-1024-300x194.jpg 300w, http:\/\/www.marsaly.fr\/fred\/wp-content\/uploads\/2018\/06\/soute-1024-768x497.jpg 768w, http:\/\/www.marsaly.fr\/fred\/wp-content\/uploads\/2018\/06\/soute-1024-463x300.jpg 463w\" sizes=\"(max-width: 584px) 100vw, 584px\" \/><\/a><p id=\"caption-attachment-5195\" class=\"wp-caption-text\">Le complexe syst\u00e8me de largage pressuris\u00e9 con\u00e7u par Evergreen \u00e0 bord du 747-400 de GSS.<\/p><\/div>\r\n<p style=\"text-align: justify;\">Mais la cl\u00e9 est ailleurs, entre les mains de <a href=\"http:\/\/www.marsaly.fr\/fred\/feux-de-foret-les-moyens-aeriens-aux-usa\/\">l&rsquo;US Forest Service et des collectivit\u00e9s am\u00e9ricaines<\/a> qui, seules, peuvent permettre aux entreprises de travail a\u00e9rien de p\u00e9renniser leurs activit\u00e9s car c&rsquo;est ce n&rsquo;est pas vraiment sur le plan op\u00e9rationnel que le concept a p\u00e9ch\u00e9 comme le d\u00e9montrent parfaitement les DC-10 de la concurrence.<\/p>\r\n<div id=\"attachment_7149\" style=\"width: 594px\" class=\"wp-caption alignnone\"><a href=\"http:\/\/www.marsaly.fr\/fred\/wp-content\/uploads\/2019\/12\/20171103raaf8165233_071-DC-10-Lead.jpg\"><img aria-describedby=\"caption-attachment-7149\" decoding=\"async\" loading=\"lazy\" class=\"size-large wp-image-7149\" src=\"http:\/\/www.marsaly.fr\/fred\/wp-content\/uploads\/2019\/12\/20171103raaf8165233_071-DC-10-Lead-1024x444.jpg\" alt=\"\" width=\"584\" height=\"253\" srcset=\"http:\/\/www.marsaly.fr\/fred\/wp-content\/uploads\/2019\/12\/20171103raaf8165233_071-DC-10-Lead.jpg 1024w, http:\/\/www.marsaly.fr\/fred\/wp-content\/uploads\/2019\/12\/20171103raaf8165233_071-DC-10-Lead-300x130.jpg 300w, http:\/\/www.marsaly.fr\/fred\/wp-content\/uploads\/2019\/12\/20171103raaf8165233_071-DC-10-Lead-768x333.jpg 768w, http:\/\/www.marsaly.fr\/fred\/wp-content\/uploads\/2019\/12\/20171103raaf8165233_071-DC-10-Lead-500x217.jpg 500w\" sizes=\"(max-width: 584px) 100vw, 584px\" \/><\/a><p id=\"caption-attachment-7149\" class=\"wp-caption-text\">Les DC-10 restent les seuls VLAT en service. (Photo : RAAF)<\/p><\/div>\r\n<p style=\"text-align: justify;\">En raisonnant de fa\u00e7on simpliste, on pourrait penser que les co\u00fbts op\u00e9rationnels du 747 d\u00e9sormais \u00e9conomis\u00e9s (on parle d&rsquo;un budget estim\u00e9 de 50 000 $ par jour + 16 000 $ par heure de vol, il n&rsquo;y a pas eu de communication officielle du Cal Fire sur ce point) pourraient permettre \u00e0 la Californie de louer d&rsquo;autres avions ou permettre d&rsquo;acc\u00e9l\u00e9rer le programme des <a href=\"https:\/\/www.aerobuzz.fr\/breves-aviation-generale\/le-cal-fire-recoit-son-premier-c-130\/\">C-130 h\u00e9rit\u00e9s des Coast-Guard<\/a>, sauf que \u00e7a ne sera pas le cas, au moins pour la saison 2021.<\/p>\r\n<div id=\"attachment_7102\" style=\"width: 594px\" class=\"wp-caption alignnone\"><a href=\"http:\/\/www.marsaly.fr\/fred\/wp-content\/uploads\/2019\/11\/EBACxUvVUAAKnzS.jpg\"><img aria-describedby=\"caption-attachment-7102\" decoding=\"async\" loading=\"lazy\" class=\"wp-image-7102 size-large\" src=\"http:\/\/www.marsaly.fr\/fred\/wp-content\/uploads\/2019\/11\/EBACxUvVUAAKnzS-1024x514.jpg\" alt=\"\" width=\"584\" height=\"293\" srcset=\"http:\/\/www.marsaly.fr\/fred\/wp-content\/uploads\/2019\/11\/EBACxUvVUAAKnzS.jpg 1024w, http:\/\/www.marsaly.fr\/fred\/wp-content\/uploads\/2019\/11\/EBACxUvVUAAKnzS-300x151.jpg 300w, http:\/\/www.marsaly.fr\/fred\/wp-content\/uploads\/2019\/11\/EBACxUvVUAAKnzS-768x386.jpg 768w, http:\/\/www.marsaly.fr\/fred\/wp-content\/uploads\/2019\/11\/EBACxUvVUAAKnzS-500x251.jpg 500w\" sizes=\"(max-width: 584px) 100vw, 584px\" \/><\/a><p id=\"caption-attachment-7102\" class=\"wp-caption-text\">Les C-130 californiens ne sont pas encore dot\u00e9s de leurs soutes de largage, le programme tra\u00eene en longueur pour de sombres motifs administratifs visiblement. (Photo : Cal Fire)<\/p><\/div>\r\n<p style=\"text-align: justify;\">La fin du 747 marque r\u00e9ellement une perte s\u00e8che dans les moyens a\u00e9riens US.\u00a0 Et se passer d&rsquo;un outil de cette importance alors que la saison 2020 a vu se d\u00e9rouler 3 des 5 plus gros feux de l&rsquo;histoire de l\u2019\u00c9tat est simplement alarmant.<\/p>\r\n<div id=\"attachment_5193\" style=\"width: 594px\" class=\"wp-caption alignnone\"><a href=\"http:\/\/www.marsaly.fr\/fred\/wp-content\/uploads\/2018\/06\/DSC_7996.jpg\"><img aria-describedby=\"caption-attachment-5193\" decoding=\"async\" loading=\"lazy\" class=\"wp-image-5193 size-large\" src=\"http:\/\/www.marsaly.fr\/fred\/wp-content\/uploads\/2018\/06\/DSC_7996-1024x476.jpg\" alt=\"\" width=\"584\" height=\"271\" srcset=\"http:\/\/www.marsaly.fr\/fred\/wp-content\/uploads\/2018\/06\/DSC_7996.jpg 1024w, http:\/\/www.marsaly.fr\/fred\/wp-content\/uploads\/2018\/06\/DSC_7996-300x139.jpg 300w, http:\/\/www.marsaly.fr\/fred\/wp-content\/uploads\/2018\/06\/DSC_7996-768x357.jpg 768w, http:\/\/www.marsaly.fr\/fred\/wp-content\/uploads\/2018\/06\/DSC_7996-500x232.jpg 500w\" sizes=\"(max-width: 584px) 100vw, 584px\" \/><\/a><p id=\"caption-attachment-5193\" class=\"wp-caption-text\">Et en plus il \u00e9tait splendide !<\/p><\/div>\r\n","protected":false},"excerpt":{"rendered":"<p>Hier, le Boeing 747-400 N744ST a \u00e9t\u00e9 convoy\u00e9 depuis Moses Lake (WA) vers San Antonio (TX). Il s&rsquo;agit de son ultime vol gr\u00e9\u00e9 comme avion de lutte anti-incendie apr\u00e8s l&rsquo;annonce de la cessation des op\u00e9rations et de la liquidation de &hellip; <a href=\"http:\/\/www.marsaly.fr\/fred\/la-fin-de-laventure-supertanker\/\">Continuer la lecture <span class=\"meta-nav\">&rarr;<\/span><\/a><\/p>\n","protected":false},"author":2,"featured_media":5194,"comment_status":"open","ping_status":"open","sticky":false,"template":"","format":"standard","meta":[],"categories":[3],"tags":[197,59],"_links":{"self":[{"href":"http:\/\/www.marsaly.fr\/fred\/wp-json\/wp\/v2\/posts\/7654"}],"collection":[{"href":"http:\/\/www.marsaly.fr\/fred\/wp-json\/wp\/v2\/posts"}],"about":[{"href":"http:\/\/www.marsaly.fr\/fred\/wp-json\/wp\/v2\/types\/post"}],"author":[{"embeddable":true,"href":"http:\/\/www.marsaly.fr\/fred\/wp-json\/wp\/v2\/users\/2"}],"replies":[{"embeddable":true,"href":"http:\/\/www.marsaly.fr\/fred\/wp-json\/wp\/v2\/comments?post=7654"}],"version-history":[{"count":10,"href":"http:\/\/www.marsaly.fr\/fred\/wp-json\/wp\/v2\/posts\/7654\/revisions"}],"predecessor-version":[{"id":7668,"href":"http:\/\/www.marsaly.fr\/fred\/wp-json\/wp\/v2\/posts\/7654\/revisions\/7668"}],"wp:featuredmedia":[{"embeddable":true,"href":"http:\/\/www.marsaly.fr\/fred\/wp-json\/wp\/v2\/media\/5194"}],"wp:attachment":[{"href":"http:\/\/www.marsaly.fr\/fred\/wp-json\/wp\/v2\/media?parent=7654"}],"wp:term":[{"taxonomy":"category","embeddable":true,"href":"http:\/\/www.marsaly.fr\/fred\/wp-json\/wp\/v2\/categories?post=7654"},{"taxonomy":"post_tag","embeddable":true,"href":"http:\/\/www.marsaly.fr\/fred\/wp-json\/wp\/v2\/tags?post=7654"}],"curies":[{"name":"wp","href":"https:\/\/api.w.org\/{rel}","templated":true}]}}