{"id":7210,"date":"2020-02-11T12:18:12","date_gmt":"2020-02-11T11:18:12","guid":{"rendered":"http:\/\/www.marsaly.fr\/fred\/?p=7210"},"modified":"2020-02-11T18:54:01","modified_gmt":"2020-02-11T17:54:01","slug":"cfpa-newsletter-december-2019","status":"publish","type":"post","link":"http:\/\/www.marsaly.fr\/fred\/cfpa-newsletter-december-2019\/","title":{"rendered":"CFPA Newsletter December 2019"},"content":{"rendered":"<p style=\"text-align: justify;\"><a href=\"http:\/\/www.marsaly.fr\/fred\/wp-content\/uploads\/2020\/02\/3e-NL-2019.jpg\"><img decoding=\"async\" loading=\"lazy\" class=\"alignleft wp-image-7212\" src=\"http:\/\/www.marsaly.fr\/fred\/wp-content\/uploads\/2020\/02\/3e-NL-2019-232x300.jpg\" alt=\"\" width=\"300\" height=\"387\" srcset=\"http:\/\/www.marsaly.fr\/fred\/wp-content\/uploads\/2020\/02\/3e-NL-2019-232x300.jpg 232w, http:\/\/www.marsaly.fr\/fred\/wp-content\/uploads\/2020\/02\/3e-NL-2019.jpg 707w\" sizes=\"(max-width: 300px) 100vw, 300px\" \/><\/a>Voici notre derni\u00e8re Newsletter.<\/p>\n<p style=\"text-align: justify;\">Et quand j&rsquo;\u00e9cris derni\u00e8re il ne s&rsquo;agit pas de parler de nouvelle mais bien d&rsquo;ultime. Apr\u00e8s 9 saisons l&rsquo;\u00e9quipe mise en place autour de <a href=\"http:\/\/www.marsaly.fr\/fred\/jerome-et-le-c-130-airtanker\/\">J\u00e9r\u00f4me Laval<\/a> (r\u00e9dac&rsquo;chef) et de Cyril Defever (graphiste) passe la main \u00e0 un nouveau mode de communication qui sera mis en place par la Cal Fire Pilots Association d\u00e8s l&rsquo;\u00e9t\u00e9 prochain.<\/p>\n<p style=\"text-align: justify;\">Nous avons fait le choix de ne pas poursuivre l&rsquo;aventure parce que nos diff\u00e9rentes activit\u00e9s personnelles et professionnelles nous obligeaient \u00e0 faire des choix et de r\u00e9orienter nos priorit\u00e9s. Nos difficult\u00e9s \u00e0 tenir le rythme ces derniers temps \u00e9taient aussi le signe d&rsquo;une certaine usure.<\/p>\n<p style=\"text-align: justify;\">Nous avons anim\u00e9 cette publication pendant presque une d\u00e9cennie avec un r\u00e9sultat dont nous tirons une l\u00e9gitime fiert\u00e9. Ce travail, qui ne fut jamais facile, nous a offert bien des satisfactions, mais aussi des moments compliqu\u00e9 lorsqu&rsquo;il fallait annoncer la perte d&rsquo;un \u00e9quipage, parfois d&rsquo;un ami.<\/p>\n<p style=\"text-align: justify;\">Nous avons donc, en particulier, une pens\u00e9e pour <a href=\"http:\/\/www.marsaly.fr\/fred\/le-walt-darran-international-aerial-firefighting-award-2016\/\">Walt Darran<\/a> qui fut un de nos soutiens les plus actifs jusqu&rsquo;\u00e0 son d\u00e9c\u00e8s en 2013.<\/p>\n<p style=\"text-align: justify;\">Voil\u00e0, nous allons quand m\u00eame continuer \u00e0 scruter le monde de l&rsquo;aviation de lutte contre les feux de l&rsquo;autre c\u00f4t\u00e9 de l&rsquo;Atlantique, parce que c&rsquo;est aussi une passion, et peut-\u00eatre, qui sait, l&rsquo;occasion de se lancer dans de nouvelles aventures se pr\u00e9sentera-t&rsquo;elle de nouveau\u00a0?<\/p>\n<p style=\"text-align: justify;\">De son c\u00f4t\u00e9 09-27.fr va continuer sa route m\u00eame si, pour les m\u00eames raisons, le rythme des publications a sensiblement chut\u00e9.<\/p>\n<p style=\"text-align: justify;\">Merci de votre soutien, merci aussi \u00e0 ceux qui nous ont confi\u00e9 leurs souvenirs et leurs photos<\/p>\n<p style=\"text-align: justify;\">La \u00ab\u00a0NL Team\u00a0\u00bb<\/p>\n<div id=\"attachment_7211\" style=\"width: 855px\" class=\"wp-caption alignnone\"><a href=\"http:\/\/www.marsaly.fr\/fred\/wp-content\/uploads\/2020\/02\/NL-Team.jpg\"><img aria-describedby=\"caption-attachment-7211\" decoding=\"async\" loading=\"lazy\" class=\"wp-image-7211 size-full\" src=\"http:\/\/www.marsaly.fr\/fred\/wp-content\/uploads\/2020\/02\/NL-Team.jpg\" alt=\"\" width=\"845\" height=\"438\" srcset=\"http:\/\/www.marsaly.fr\/fred\/wp-content\/uploads\/2020\/02\/NL-Team.jpg 845w, http:\/\/www.marsaly.fr\/fred\/wp-content\/uploads\/2020\/02\/NL-Team-300x156.jpg 300w, http:\/\/www.marsaly.fr\/fred\/wp-content\/uploads\/2020\/02\/NL-Team-768x398.jpg 768w, http:\/\/www.marsaly.fr\/fred\/wp-content\/uploads\/2020\/02\/NL-Team-500x259.jpg 500w\" sizes=\"(max-width: 845px) 100vw, 845px\" \/><\/a><p id=\"caption-attachment-7211\" class=\"wp-caption-text\">La \u00ab\u00a0NL Team\u00a0\u00bb devant l&rsquo;avion du chef par un petit matin frisquet de Californie en mars 2018. (Photo : Jim Dunn)<\/p><\/div>\n<p>Le pdf \u00e0 t\u00e9l\u00e9charger ici (6,5 Mo)<\/p>\n<p><a href=\"https:\/\/www.calfirepilots.com\/CFPA-news-dec-2019.pdf\">Newsletter December 2019<\/a><\/p>\n<p>en lecture \u00e0 l\u2019\u00e9cran sur Calameo :<\/p>\n<p><a href=\"https:\/\/fr.calameo.com\/read\/005171475711a84ea544f\">Newsletter December 2019<\/a><\/p>\n<p>Sur Calameo, vous pouvez <a href=\"https:\/\/fr.calameo.com\/subscriptions\/5202529\">retrouver l&rsquo;int\u00e9gralit\u00e9 des 31 num\u00e9ros<\/a> que nous avons publi\u00e9.<\/p>\n<p>Bonne lecture !<\/p>\n<p>&nbsp;<\/p>\n","protected":false},"excerpt":{"rendered":"<p>Voici notre derni\u00e8re Newsletter. Et quand j&rsquo;\u00e9cris derni\u00e8re il ne s&rsquo;agit pas de parler de nouvelle mais bien d&rsquo;ultime. Apr\u00e8s 9 saisons l&rsquo;\u00e9quipe mise en place autour de J\u00e9r\u00f4me Laval (r\u00e9dac&rsquo;chef) et de Cyril Defever (graphiste) passe la main \u00e0 &hellip; <a href=\"http:\/\/www.marsaly.fr\/fred\/cfpa-newsletter-december-2019\/\">Continuer la lecture <span class=\"meta-nav\">&rarr;<\/span><\/a><\/p>\n","protected":false},"author":2,"featured_media":0,"comment_status":"open","ping_status":"open","sticky":false,"template":"","format":"standard","meta":[],"categories":[6,3,199],"tags":[],"_links":{"self":[{"href":"http:\/\/www.marsaly.fr\/fred\/wp-json\/wp\/v2\/posts\/7210"}],"collection":[{"href":"http:\/\/www.marsaly.fr\/fred\/wp-json\/wp\/v2\/posts"}],"about":[{"href":"http:\/\/www.marsaly.fr\/fred\/wp-json\/wp\/v2\/types\/post"}],"author":[{"embeddable":true,"href":"http:\/\/www.marsaly.fr\/fred\/wp-json\/wp\/v2\/users\/2"}],"replies":[{"embeddable":true,"href":"http:\/\/www.marsaly.fr\/fred\/wp-json\/wp\/v2\/comments?post=7210"}],"version-history":[{"count":6,"href":"http:\/\/www.marsaly.fr\/fred\/wp-json\/wp\/v2\/posts\/7210\/revisions"}],"predecessor-version":[{"id":7218,"href":"http:\/\/www.marsaly.fr\/fred\/wp-json\/wp\/v2\/posts\/7210\/revisions\/7218"}],"wp:attachment":[{"href":"http:\/\/www.marsaly.fr\/fred\/wp-json\/wp\/v2\/media?parent=7210"}],"wp:term":[{"taxonomy":"category","embeddable":true,"href":"http:\/\/www.marsaly.fr\/fred\/wp-json\/wp\/v2\/categories?post=7210"},{"taxonomy":"post_tag","embeddable":true,"href":"http:\/\/www.marsaly.fr\/fred\/wp-json\/wp\/v2\/tags?post=7210"}],"curies":[{"name":"wp","href":"https:\/\/api.w.org\/{rel}","templated":true}]}}