{"id":7088,"date":"2019-11-27T00:48:37","date_gmt":"2019-11-26T23:48:37","guid":{"rendered":"http:\/\/www.marsaly.fr\/fred\/?p=7088"},"modified":"2019-11-29T12:48:05","modified_gmt":"2019-11-29T11:48:05","slug":"coulson-obtient-le-contrat-pour-les-soutes-des-c-130-du-cal-fire","status":"publish","type":"post","link":"http:\/\/www.marsaly.fr\/fred\/coulson-obtient-le-contrat-pour-les-soutes-des-c-130-du-cal-fire\/","title":{"rendered":"Coulson obtient le contrat pour les soutes des C-130 du Cal Fire"},"content":{"rendered":"<p style=\"text-align: justify;\">Sans surprise, c&rsquo;est le Groupe Coulson qui a \u00e9t\u00e9 s\u00e9lectionn\u00e9 pour \u00e9quiper les <a href=\"https:\/\/www.aerobuzz.fr\/breves-aviation-generale\/le-cal-fire-recoit-son-premier-c-130\/\">C-130 du Cal Fire<\/a>. Ces appareils, anciens des Coast Guard, ont pass\u00e9 quelques saisons exploit\u00e9s directement par l&rsquo;US Forest Service \u00e9quip\u00e9s d&rsquo;une seule soute <a href=\"http:\/\/www.marsaly.fr\/fred\/maffs-modular-airborne-fire-fighting-system\/\">MAFFS<\/a>. Ils ont \u00e9t\u00e9 ensuite transf\u00e9r\u00e9s \u00e0 l&rsquo;aviation de lutte contre les feux de for\u00eat Californienne et vont donc \u00eatre \u00e9quip\u00e9s de <a href=\"http:\/\/www.marsaly.fr\/fred\/les-systemes-darmes-des-bombardiers-deau\/\">soutes RADS-XXL<\/a> de 15 000 litres de capacit\u00e9.<\/p>\n<div id=\"attachment_7102\" style=\"width: 594px\" class=\"wp-caption alignnone\"><a href=\"http:\/\/www.marsaly.fr\/fred\/wp-content\/uploads\/2019\/11\/EBACxUvVUAAKnzS.jpg\"><img aria-describedby=\"caption-attachment-7102\" decoding=\"async\" loading=\"lazy\" class=\"wp-image-7102 size-large\" src=\"http:\/\/www.marsaly.fr\/fred\/wp-content\/uploads\/2019\/11\/EBACxUvVUAAKnzS-1024x514.jpg\" alt=\"\" width=\"584\" height=\"293\" srcset=\"http:\/\/www.marsaly.fr\/fred\/wp-content\/uploads\/2019\/11\/EBACxUvVUAAKnzS.jpg 1024w, http:\/\/www.marsaly.fr\/fred\/wp-content\/uploads\/2019\/11\/EBACxUvVUAAKnzS-300x151.jpg 300w, http:\/\/www.marsaly.fr\/fred\/wp-content\/uploads\/2019\/11\/EBACxUvVUAAKnzS-768x386.jpg 768w, http:\/\/www.marsaly.fr\/fred\/wp-content\/uploads\/2019\/11\/EBACxUvVUAAKnzS-500x251.jpg 500w\" sizes=\"(max-width: 584px) 100vw, 584px\" \/><\/a><p id=\"caption-attachment-7102\" class=\"wp-caption-text\">Un des deux premiers C-130 du Cal Fire \u00e0 McClellan. Le Tanker 118 sera donc \u00e9quip\u00e9 d&rsquo;une soute RADS fabriqu\u00e9e par Coulson. (Photo : Cal Fire)<\/p><\/div>\n<p style=\"text-align: justify;\">Lors de leur <a href=\"http:\/\/www.marsaly.fr\/fred\/des-c-130-pour-le-cal-fire\/\">bref passage au sein de l&rsquo;USFS<\/a>, un contrat avait d\u00e9j\u00e0 \u00e9t\u00e9 attribu\u00e9 \u00e0 Coulson pour l&rsquo;\u00e9quipement de ces avions mais il n&rsquo;avait pas \u00e9t\u00e9 confirm\u00e9 et l<a href=\"http:\/\/www.marsaly.fr\/fred\/feux-de-foret-les-moyens-aeriens-aux-usa\/\">&lsquo;USFS<\/a> avait finalement renonc\u00e9 \u00e0 exploiter ces appareils. Il n&rsquo;est gu\u00e8re surprenant que la Californie se prononce en faveur de ce mat\u00e9riel \u00e9prouv\u00e9 et fiable.<\/p>\n<div id=\"attachment_4677\" style=\"width: 594px\" class=\"wp-caption alignnone\"><a href=\"http:\/\/www.marsaly.fr\/fred\/wp-content\/uploads\/2018\/02\/DSC_5304-1024.jpg\"><img aria-describedby=\"caption-attachment-4677\" decoding=\"async\" loading=\"lazy\" class=\"wp-image-4677 size-large\" src=\"http:\/\/www.marsaly.fr\/fred\/wp-content\/uploads\/2018\/02\/DSC_5304-1024-1024x683.jpg\" alt=\"\" width=\"584\" height=\"390\" srcset=\"http:\/\/www.marsaly.fr\/fred\/wp-content\/uploads\/2018\/02\/DSC_5304-1024.jpg 1024w, http:\/\/www.marsaly.fr\/fred\/wp-content\/uploads\/2018\/02\/DSC_5304-1024-300x200.jpg 300w, http:\/\/www.marsaly.fr\/fred\/wp-content\/uploads\/2018\/02\/DSC_5304-1024-768x512.jpg 768w, http:\/\/www.marsaly.fr\/fred\/wp-content\/uploads\/2018\/02\/DSC_5304-1024-450x300.jpg 450w\" sizes=\"(max-width: 584px) 100vw, 584px\" \/><\/a><p id=\"caption-attachment-4677\" class=\"wp-caption-text\">Le Tanker 116 a \u00e9t\u00e9 aussi transf\u00e9r\u00e9 des Coast Guard \u00e0 l&rsquo;USFS puis au Cal Fire. Il a op\u00e9r\u00e9 sur feux \u00e9quip\u00e9 d&rsquo;une soute MAFFS dont on voit la buse d\u00e9passant de la porte arri\u00e8re. (Photo : Jim Dunn)<\/p><\/div>\n<p style=\"text-align: justify;\">La soute RADS (Retardant Aerial Delivery System) n\u00e9cessite qu&rsquo;une ouverture soit pratiqu\u00e9e dans le plancher du C-130 pour l&rsquo;installation du syst\u00e8me de portes \u00e0 ouverture r\u00e9gul\u00e9e. La partie sup\u00e9rieure du syst\u00e8me, la soute \u00e0 <a href=\"http:\/\/www.marsaly.fr\/fred\/le-retardant\/\">retardant<\/a> proprement dite, est amovible, permettant de pouvoir lib\u00e9rer l&rsquo;appareil pour une mission de transport classique en cas de besoin.<\/p>\n<p style=\"text-align: justify;\">Les diff\u00e9rents mod\u00e8les de soutes RADS, con\u00e7ues initialement par Aero Union, sont utilis\u00e9es en position interne sur les C-130 mais aussi en position ventrale sur les P-3 Orion, les Lockheed Electra et sur certains h\u00e9licopt\u00e8res AirCrane. Ce sont des syst\u00e8mes \u00e0 d\u00e9bit constant comme on en retrouve sur les tankers et les HBE les plus r\u00e9cents. Coulson exploite 4 Hercules (<a href=\"http:\/\/www.marsaly.fr\/fred\/un-troisieme-hercules-pour-coulson\/\">2 L-382G\/L-100-30<\/a> et <a href=\"http:\/\/www.marsaly.fr\/fred\/c-130-hercules-airtanker\/\">2 ex-EC-130Q<\/a>) ainsi \u00e9quip\u00e9s pour ses contrats aux USA et en Australie.<\/p>\n<div id=\"attachment_1800\" style=\"width: 594px\" class=\"wp-caption alignnone\"><a href=\"http:\/\/www.marsaly.fr\/fred\/wp-content\/uploads\/2016\/02\/DSC_4725.jpg\"><img aria-describedby=\"caption-attachment-1800\" decoding=\"async\" loading=\"lazy\" class=\"wp-image-1800 size-large\" src=\"http:\/\/www.marsaly.fr\/fred\/wp-content\/uploads\/2016\/02\/DSC_4725-1024x624.jpg\" alt=\"\" width=\"584\" height=\"356\" srcset=\"http:\/\/www.marsaly.fr\/fred\/wp-content\/uploads\/2016\/02\/DSC_4725.jpg 1024w, http:\/\/www.marsaly.fr\/fred\/wp-content\/uploads\/2016\/02\/DSC_4725-300x183.jpg 300w, http:\/\/www.marsaly.fr\/fred\/wp-content\/uploads\/2016\/02\/DSC_4725-768x468.jpg 768w, http:\/\/www.marsaly.fr\/fred\/wp-content\/uploads\/2016\/02\/DSC_4725-492x300.jpg 492w\" sizes=\"(max-width: 584px) 100vw, 584px\" \/><\/a><p id=\"caption-attachment-1800\" class=\"wp-caption-text\">La partie sup\u00e9rieure d&rsquo;une RADS, ici la RADS-XL de 3000 gallons du premier Hercules de Coulson, est facilement manipulable pour conserver au C-130 toute sa polyvalence.<\/p><\/div>\n<p style=\"text-align: justify;\">Le premier C-130 Tanker du Cal Fire pourrait \u00eatre op\u00e9rationnel pour la saison 2020. Le contrat est g\u00e9r\u00e9 par l&rsquo;US Air Force et le chantier va se d\u00e9rouler \u00e0 Greenville en Caroline du Sud.<\/p>\n<p style=\"text-align: justify;\">Dans le m\u00eame temps, le groupe canadien annonce se porter acqu\u00e9reur, pour son propre compte cette fois et pour un montant de 4,5 millions $, de 5 C-130H ayant appartenu \u00e0 l&rsquo;aviation militaire norv\u00e9gienne jusqu&rsquo;en 2008 et stock\u00e9s \u00e0 Davis-Monthan.<\/p>\n<div id=\"attachment_7104\" style=\"width: 594px\" class=\"wp-caption alignnone\"><a href=\"http:\/\/www.marsaly.fr\/fred\/wp-content\/uploads\/2019\/11\/C-130H-1024.jpg\"><img aria-describedby=\"caption-attachment-7104\" decoding=\"async\" loading=\"lazy\" class=\"size-large wp-image-7104\" src=\"http:\/\/www.marsaly.fr\/fred\/wp-content\/uploads\/2019\/11\/C-130H-1024-1024x575.jpg\" alt=\"\" width=\"584\" height=\"328\" srcset=\"http:\/\/www.marsaly.fr\/fred\/wp-content\/uploads\/2019\/11\/C-130H-1024.jpg 1024w, http:\/\/www.marsaly.fr\/fred\/wp-content\/uploads\/2019\/11\/C-130H-1024-300x168.jpg 300w, http:\/\/www.marsaly.fr\/fred\/wp-content\/uploads\/2019\/11\/C-130H-1024-768x431.jpg 768w, http:\/\/www.marsaly.fr\/fred\/wp-content\/uploads\/2019\/11\/C-130H-1024-500x281.jpg 500w\" sizes=\"(max-width: 584px) 100vw, 584px\" \/><\/a><p id=\"caption-attachment-7104\" class=\"wp-caption-text\">Un des 5 C-130H ex-aviation militaire norv\u00e9gienne stock\u00e9 dans l&rsquo;Arizona et vendu d\u00e9sormais\u00a0 \u00e0 Coulson. (Photo : Aeroprint.com)<\/p><\/div>\n<p style=\"text-align: justify;\">Ces appareils seront aussi modifi\u00e9s avec une soute RADS-XXL et si on en croit la rumeur ce sont les contrat australiens qui seraient vis\u00e9s par cette spectaculaire extension de flotte.<\/p>\n","protected":false},"excerpt":{"rendered":"<p>Sans surprise, c&rsquo;est le Groupe Coulson qui a \u00e9t\u00e9 s\u00e9lectionn\u00e9 pour \u00e9quiper les C-130 du Cal Fire. Ces appareils, anciens des Coast Guard, ont pass\u00e9 quelques saisons exploit\u00e9s directement par l&rsquo;US Forest Service \u00e9quip\u00e9s d&rsquo;une seule soute MAFFS. Ils ont &hellip; <a href=\"http:\/\/www.marsaly.fr\/fred\/coulson-obtient-le-contrat-pour-les-soutes-des-c-130-du-cal-fire\/\">Continuer la lecture <span class=\"meta-nav\">&rarr;<\/span><\/a><\/p>\n","protected":false},"author":2,"featured_media":0,"comment_status":"open","ping_status":"open","sticky":false,"template":"","format":"standard","meta":[],"categories":[3],"tags":[51,187,53,109,280],"_links":{"self":[{"href":"http:\/\/www.marsaly.fr\/fred\/wp-json\/wp\/v2\/posts\/7088"}],"collection":[{"href":"http:\/\/www.marsaly.fr\/fred\/wp-json\/wp\/v2\/posts"}],"about":[{"href":"http:\/\/www.marsaly.fr\/fred\/wp-json\/wp\/v2\/types\/post"}],"author":[{"embeddable":true,"href":"http:\/\/www.marsaly.fr\/fred\/wp-json\/wp\/v2\/users\/2"}],"replies":[{"embeddable":true,"href":"http:\/\/www.marsaly.fr\/fred\/wp-json\/wp\/v2\/comments?post=7088"}],"version-history":[{"count":7,"href":"http:\/\/www.marsaly.fr\/fred\/wp-json\/wp\/v2\/posts\/7088\/revisions"}],"predecessor-version":[{"id":7107,"href":"http:\/\/www.marsaly.fr\/fred\/wp-json\/wp\/v2\/posts\/7088\/revisions\/7107"}],"wp:attachment":[{"href":"http:\/\/www.marsaly.fr\/fred\/wp-json\/wp\/v2\/media?parent=7088"}],"wp:term":[{"taxonomy":"category","embeddable":true,"href":"http:\/\/www.marsaly.fr\/fred\/wp-json\/wp\/v2\/categories?post=7088"},{"taxonomy":"post_tag","embeddable":true,"href":"http:\/\/www.marsaly.fr\/fred\/wp-json\/wp\/v2\/tags?post=7088"}],"curies":[{"name":"wp","href":"https:\/\/api.w.org\/{rel}","templated":true}]}}