{"id":6564,"date":"2019-08-12T00:45:22","date_gmt":"2019-08-11T22:45:22","guid":{"rendered":"http:\/\/www.marsaly.fr\/fred\/?p=6564"},"modified":"2019-09-28T13:59:51","modified_gmt":"2019-09-28T11:59:51","slug":"meeting-aerien-a-sarlat","status":"publish","type":"post","link":"http:\/\/www.marsaly.fr\/fred\/meeting-aerien-a-sarlat\/","title":{"rendered":"Meeting a\u00e9rien \u00e0 Sarlat"},"content":{"rendered":"<p style=\"text-align: justify;\">Aller \u00e0 un meeting en avion, c\u2019est toujours un plaisir. \u00c7a ne m\u2019est arriv\u00e9 qu\u2019assez rarement finalement. La premi\u00e8re fois, c\u2019\u00e9tait \u00e0 Lens en 2007, depuis Chavenay. Une exp\u00e9rience particuli\u00e8rement agr\u00e9able et inoubliable. Bien s\u00fbr, il y avait le meeting de Mainfonds ce weekend, raison pour laquelle la plateforme d\u2019Angoul\u00eame \u00e9tait si active le samedi pour sa <a href=\"http:\/\/www.marsaly.fr\/fred\/journee-portes-ouvertes-a-angouleme\/\">journ\u00e9e portes-ouvertes<\/a>, mais c\u2019est un peu plus au sud-est que nous avions rep\u00e9r\u00e9 une manifestation qui avait un programme tout \u00e0 fait sympathique.<\/p>\n<div id=\"attachment_6591\" style=\"width: 594px\" class=\"wp-caption alignnone\"><a href=\"http:\/\/www.marsaly.fr\/fred\/wp-content\/uploads\/2019\/08\/avions-jaunes.jpg\"><img aria-describedby=\"caption-attachment-6591\" decoding=\"async\" loading=\"lazy\" class=\"wp-image-6591 size-large\" src=\"http:\/\/www.marsaly.fr\/fred\/wp-content\/uploads\/2019\/08\/avions-jaunes-1024x490.jpg\" alt=\"\" width=\"584\" height=\"279\" srcset=\"http:\/\/www.marsaly.fr\/fred\/wp-content\/uploads\/2019\/08\/avions-jaunes.jpg 1024w, http:\/\/www.marsaly.fr\/fred\/wp-content\/uploads\/2019\/08\/avions-jaunes-300x144.jpg 300w, http:\/\/www.marsaly.fr\/fred\/wp-content\/uploads\/2019\/08\/avions-jaunes-768x368.jpg 768w, http:\/\/www.marsaly.fr\/fred\/wp-content\/uploads\/2019\/08\/avions-jaunes-500x239.jpg 500w\" sizes=\"(max-width: 584px) 100vw, 584px\" \/><\/a><p id=\"caption-attachment-6591\" class=\"wp-caption-text\">Sarlat-Domme, sa tour de contr\u00f4le, son club house, ses sandwiches au canard et ses avions&#8230; jaunes !<\/p><\/div>\n<p style=\"text-align: justify;\">On me parle de Sarlat depuis un moment, sans doute parce que c\u2019est l\u00e0 qu\u2019un bon copain a \u00e9t\u00e9 form\u00e9 au pilotage, lui qui passe beaucoup de son temps en place arri\u00e8re d\u2019un Mirage 2000D depuis presque deux d\u00e9cennies. Sarlat, ses paysages sublimes et son int\u00e9r\u00eat gastronomique, voil\u00e0 une destination qui m\u00e9rite qu\u2019on s\u2019y attarde donc. Et d\u2019Angoul\u00eame, c\u2019est \u00e0 tout juste trois heures de route&#8230; Mais une heure en avion\u00a0 !<\/p>\n<p style=\"text-align: justify;\">Tous les meetings a\u00e9riens ne peuvent accueillir les visiteurs en avions, certains par manque de place sur les parkings, d\u2019autres parce que la plateforme est particuli\u00e8re et n\u00e9cessite une solide exp\u00e9rience ou une qualification sp\u00e9cifique pour s\u2019y poser, certains, comme la Fert\u00e9-Alais, cumulent les deux. D\u2019autres font aussi le choix de ne pas recevoir de visiteurs en avions pour se simplifier la t\u00e2che, mais c\u2019est un peu dommage. A Sarlat ? Rien de tout ceci m\u00eame si l\u2019a\u00e9rodrome, pos\u00e9 sur un plateau, est une plateforme particuli\u00e8re. Sur les notam, un pr\u00e9avis d\u2019une heure seulement \u00e9tait r\u00e9clam\u00e9 pour demander l&rsquo;autorisation de se poser avant le meeting. Plus cool que \u00e7a, pas possible.<\/p>\n<div id=\"attachment_6592\" style=\"width: 594px\" class=\"wp-caption alignnone\"><a href=\"http:\/\/www.marsaly.fr\/fred\/wp-content\/uploads\/2019\/08\/MCR.jpg\"><img aria-describedby=\"caption-attachment-6592\" decoding=\"async\" loading=\"lazy\" class=\"wp-image-6592 size-large\" src=\"http:\/\/www.marsaly.fr\/fred\/wp-content\/uploads\/2019\/08\/MCR-1024x535.jpg\" alt=\"\" width=\"584\" height=\"305\" srcset=\"http:\/\/www.marsaly.fr\/fred\/wp-content\/uploads\/2019\/08\/MCR.jpg 1024w, http:\/\/www.marsaly.fr\/fred\/wp-content\/uploads\/2019\/08\/MCR-300x157.jpg 300w, http:\/\/www.marsaly.fr\/fred\/wp-content\/uploads\/2019\/08\/MCR-768x401.jpg 768w, http:\/\/www.marsaly.fr\/fred\/wp-content\/uploads\/2019\/08\/MCR-500x261.jpg 500w\" sizes=\"(max-width: 584px) 100vw, 584px\" \/><\/a><p id=\"caption-attachment-6592\" class=\"wp-caption-text\">Passage \u00e0 la pompe avant le d\u00e9collage. 30 litres d&rsquo;essence dans l&rsquo;aile gauche s&rsquo;il vous pla\u00eet !<\/p><\/div>\n<p style=\"text-align: justify;\">La m\u00e9t\u00e9o s\u2019annon\u00e7ait parfaite, c\u2019est vers 10h que nous avons d\u00e9coll\u00e9 d\u2019Angoul\u00eame. Franck et moi avions jet\u00e9 notre d\u00e9volu sur le MCR4S, un avion l\u00e9ger, \u00e9conomique sur lequel je n\u2019avais pas encore vol\u00e9. Nous \u00e9tions suivis par Vincent et sa famille qui avaient r\u00e9serv\u00e9 l\u2019Oc\u00e9anair. L\u2019AC d\u2019Angoul\u00eame arrivait en force et avec ses avions les plus originaux ! Nous avions donc d\u00e9coll\u00e9 en premier, pensant que le TC-160 nous rattraperait. C\u2019est le contr\u00f4leur du SIV de Limoges qui nous a bien fait rire apr\u00e8s notre premier contact : \u00ab\u00a0<em><span class=\"_5yl5\">Fox Victor Mike, trafic devant vous, un nautique, 300 pieds bas, un MCR et\u2026 Non, en fait il est plus rapide que vous, vous le rattraperez pas.<\/span><\/em>\u00a0\u00bb Grands sourires \u00e0 bord du MCR Delta-Uniforme !<\/p>\n<p style=\"text-align: justify;\">Nous ne faisons cependant pas la course mais mon pilote s\u2019\u00e9tait mis en t\u00eate de rep\u00e9rer quelques pistes ULM entre Angoul\u00eame, P\u00e9rigueux et Sarlat, histoire de se pr\u00e9parer \u00e0 un prochain rallye a\u00e9rien sans doute ! Nous en avions rep\u00e9r\u00e9 3 sur la carte, nous en avons bien photographi\u00e9 3 ! Impeccable. Certaines, par leurs configurations, m\u00e9riteraient d\u2019\u00eatre un jour fr\u00e9quent\u00e9es !<\/p>\n<div id=\"attachment_6571\" style=\"width: 594px\" class=\"wp-caption alignnone\"><a href=\"http:\/\/www.marsaly.fr\/fred\/wp-content\/uploads\/2019\/08\/DSC_8413.jpg\"><img aria-describedby=\"caption-attachment-6571\" decoding=\"async\" loading=\"lazy\" class=\"wp-image-6571 size-large\" src=\"http:\/\/www.marsaly.fr\/fred\/wp-content\/uploads\/2019\/08\/DSC_8413-1024x678.jpg\" alt=\"\" width=\"584\" height=\"387\" srcset=\"http:\/\/www.marsaly.fr\/fred\/wp-content\/uploads\/2019\/08\/DSC_8413.jpg 1024w, http:\/\/www.marsaly.fr\/fred\/wp-content\/uploads\/2019\/08\/DSC_8413-300x199.jpg 300w, http:\/\/www.marsaly.fr\/fred\/wp-content\/uploads\/2019\/08\/DSC_8413-768x509.jpg 768w, http:\/\/www.marsaly.fr\/fred\/wp-content\/uploads\/2019\/08\/DSC_8413-453x300.jpg 453w\" sizes=\"(max-width: 584px) 100vw, 584px\" \/><\/a><p id=\"caption-attachment-6571\" class=\"wp-caption-text\">La piste ULM, elle est l\u00e0 ! O\u00f9 \u00e7a ? Ben l\u00e0 ! Et effectivement, une piste figure sur cette photo, saurez-vous la retrouver ?<\/p><\/div>\n<p style=\"text-align: justify;\">A l\u2019arriv\u00e9e \u00e0 Sarlat, nous avons vite rejoint le parking visiteur le long du taxi-way. Nous nous sommes gar\u00e9s \u00e0 c\u00f4t\u00e9 d\u2019un splendide Bonanza, un peu comme on gare sa vieille Clio \u00e0 c\u00f4t\u00e9 d\u2019un Cayenne !<\/p>\n<div id=\"attachment_6577\" style=\"width: 594px\" class=\"wp-caption alignnone\"><a href=\"http:\/\/www.marsaly.fr\/fred\/wp-content\/uploads\/2019\/08\/finale-sarlat.jpg\"><img aria-describedby=\"caption-attachment-6577\" decoding=\"async\" loading=\"lazy\" class=\"wp-image-6577 size-large\" src=\"http:\/\/www.marsaly.fr\/fred\/wp-content\/uploads\/2019\/08\/finale-sarlat-1024x707.jpg\" alt=\"\" width=\"584\" height=\"403\" srcset=\"http:\/\/www.marsaly.fr\/fred\/wp-content\/uploads\/2019\/08\/finale-sarlat.jpg 1024w, http:\/\/www.marsaly.fr\/fred\/wp-content\/uploads\/2019\/08\/finale-sarlat-300x207.jpg 300w, http:\/\/www.marsaly.fr\/fred\/wp-content\/uploads\/2019\/08\/finale-sarlat-768x530.jpg 768w, http:\/\/www.marsaly.fr\/fred\/wp-content\/uploads\/2019\/08\/finale-sarlat-435x300.jpg 435w\" sizes=\"(max-width: 584px) 100vw, 584px\" \/><\/a><p id=\"caption-attachment-6577\" class=\"wp-caption-text\">En finale \u00e0 Sarlat avec \u00e0 droite les fameuses antennes d&rsquo;\u00e9coute de la DGSE.<\/p><\/div>\n<p style=\"text-align: justify;\">R\u00e9cup\u00e9ration des badges \u00ab zone r\u00e9serv\u00e9e \u00bb puis nous voil\u00e0 tous les cinq en train de remonter \u00e0 pieds le statique lorsque j\u2019ai eu mon premier coup de c\u0153ur du jour avec ce splendide Rallye remorqueur\u2026 \u00e0 train classique ! My Godness que c\u2019est mignon !!!<\/p>\n<div id=\"attachment_6588\" style=\"width: 594px\" class=\"wp-caption alignnone\"><a href=\"http:\/\/www.marsaly.fr\/fred\/wp-content\/uploads\/2019\/08\/Rallouze-1.jpg\"><img aria-describedby=\"caption-attachment-6588\" decoding=\"async\" loading=\"lazy\" class=\"wp-image-6588 size-large\" src=\"http:\/\/www.marsaly.fr\/fred\/wp-content\/uploads\/2019\/08\/Rallouze-1-1024x524.jpg\" alt=\"\" width=\"584\" height=\"299\" srcset=\"http:\/\/www.marsaly.fr\/fred\/wp-content\/uploads\/2019\/08\/Rallouze-1.jpg 1024w, http:\/\/www.marsaly.fr\/fred\/wp-content\/uploads\/2019\/08\/Rallouze-1-300x154.jpg 300w, http:\/\/www.marsaly.fr\/fred\/wp-content\/uploads\/2019\/08\/Rallouze-1-768x393.jpg 768w, http:\/\/www.marsaly.fr\/fred\/wp-content\/uploads\/2019\/08\/Rallouze-1-500x256.jpg 500w\" sizes=\"(max-width: 584px) 100vw, 584px\" \/><\/a><p id=\"caption-attachment-6588\" class=\"wp-caption-text\">Pendant des ann\u00e9es, les Rallye furent parmi les avions l\u00e9gers les plus populaires, mais ils deviennent de plus en plus rare. En trouver un \u00e0 trains classiques n&rsquo;en est que plus int\u00e9ressant !<\/p><\/div>\n<p style=\"text-align: justify;\">Le plateau n\u2019avait rien d\u2019extr\u00eamement rare. MS 733, Broussard, avions de voltige et une poign\u00e9e de Warbirds, mais l\u2019orientation du site et son organisation a rendu ce moment fort agr\u00e9able. A Sarlat, les hangars disposent d\u2019un auvent sous lequel nous avons pu assister aux d\u00e9monstrations en vol, assis sur un banc, \u00e0 l\u2019ombre et au frais puisque nous \u00e9tions \u00e0 proximit\u00e9 imm\u00e9diate du brumisateur&#8230; On a connu des \u00e9preuves plus difficiles en bord de pistes !<\/p>\n<p style=\"text-align: justify;\">Le show a d\u00e9marr\u00e9 en d\u00e9but d&rsquo;apr\u00e8s-midi par un largage de parachutistes, les avions ont ensuite encha\u00een\u00e9 leurs d\u00e9monstrations en vol sans trop de temps mort. Le commentateur, membre du club, bien qu&rsquo;ayant une diction pas toujours agr\u00e9able et une tendance \u00e0 se r\u00e9p\u00e9ter assez distrayante a mis tout le monde dans sa poche en demandant quelques secondes de silence \u00e0 la m\u00e9moire du <a href=\"http:\/\/www.marsaly.fr\/fred\/accident-du-tracker-22-quelques-commentaires\/\">pilote du Tracker d\u00e9c\u00e9d\u00e9<\/a> en mission l&rsquo;avant-veille et en y associant ceux qui sont tomb\u00e9s en combattant des flammes ou d&rsquo;autres ennemis tout aussi redoutables comme les deux commandos tu\u00e9s en Afrique il y a quelques semaines. C&rsquo;\u00e9tait exactement ce qu&rsquo;il fallait faire !<\/p>\n<div id=\"attachment_6572\" style=\"width: 594px\" class=\"wp-caption alignnone\"><a href=\"http:\/\/www.marsaly.fr\/fred\/wp-content\/uploads\/2019\/08\/DSC_8112.jpg\"><img aria-describedby=\"caption-attachment-6572\" decoding=\"async\" loading=\"lazy\" class=\"wp-image-6572 size-large\" src=\"http:\/\/www.marsaly.fr\/fred\/wp-content\/uploads\/2019\/08\/DSC_8112-1024x762.jpg\" alt=\"\" width=\"584\" height=\"435\" srcset=\"http:\/\/www.marsaly.fr\/fred\/wp-content\/uploads\/2019\/08\/DSC_8112.jpg 1024w, http:\/\/www.marsaly.fr\/fred\/wp-content\/uploads\/2019\/08\/DSC_8112-300x223.jpg 300w, http:\/\/www.marsaly.fr\/fred\/wp-content\/uploads\/2019\/08\/DSC_8112-768x572.jpg 768w, http:\/\/www.marsaly.fr\/fred\/wp-content\/uploads\/2019\/08\/DSC_8112-403x300.jpg 403w\" sizes=\"(max-width: 584px) 100vw, 584px\" \/><\/a><p id=\"caption-attachment-6572\" class=\"wp-caption-text\">Le Jungmann est r\u00e9put\u00e9 voler aussi bien qu&rsquo;il est beau. Celui-ci doit voler tr\u00e8s tr\u00e8s bien alors !<\/p><\/div>\n<p style=\"text-align: justify;\">D\u00e9mo combin\u00e9e de deux DR400 du club, un splendide B\u00fccker Jungmann, un T-6, un Fouga Magister et quelques avions de voltige, dont un de construction amateur, ont r\u00e9gal\u00e9 le public. Mais c&rsquo;est un duo qui a particuli\u00e8rement retenu notre attention. Non, je ne parle pas des deux\u00a0 Falco qui ont aussi effectu\u00e9 un vol splendide &#8211; en m\u00eame temps, deux machines splendides volant de concert, peut-il en \u00eatre autrement ?<\/p>\n\n\t\t<style type=\"text\/css\">\n\t\t\t#gallery-1 {\n\t\t\t\tmargin: auto;\n\t\t\t}\n\t\t\t#gallery-1 .gallery-item {\n\t\t\t\tfloat: left;\n\t\t\t\tmargin-top: 10px;\n\t\t\t\ttext-align: center;\n\t\t\t\twidth: 50%;\n\t\t\t}\n\t\t\t#gallery-1 img {\n\t\t\t\tborder: 2px solid #cfcfcf;\n\t\t\t}\n\t\t\t#gallery-1 .gallery-caption {\n\t\t\t\tmargin-left: 0;\n\t\t\t}\n\t\t\t\/* see gallery_shortcode() in wp-includes\/media.php *\/\n\t\t<\/style>\n\t\t<div id='gallery-1' class='gallery galleryid-6564 gallery-columns-2 gallery-size-medium'><dl class='gallery-item'>\n\t\t\t<dt class='gallery-icon landscape'>\n\t\t\t\t<a href='http:\/\/www.marsaly.fr\/fred\/meeting-aerien-a-sarlat\/dsc_8150\/'><img width=\"300\" height=\"121\" src=\"http:\/\/www.marsaly.fr\/fred\/wp-content\/uploads\/2019\/08\/DSC_8150-300x121.jpg\" class=\"attachment-medium size-medium\" alt=\"\" decoding=\"async\" loading=\"lazy\" aria-describedby=\"gallery-1-6585\" srcset=\"http:\/\/www.marsaly.fr\/fred\/wp-content\/uploads\/2019\/08\/DSC_8150-300x121.jpg 300w, http:\/\/www.marsaly.fr\/fred\/wp-content\/uploads\/2019\/08\/DSC_8150-768x311.jpg 768w, http:\/\/www.marsaly.fr\/fred\/wp-content\/uploads\/2019\/08\/DSC_8150.jpg 1024w, http:\/\/www.marsaly.fr\/fred\/wp-content\/uploads\/2019\/08\/DSC_8150-500x202.jpg 500w\" sizes=\"(max-width: 300px) 100vw, 300px\" \/><\/a>\n\t\t\t<\/dt>\n\t\t\t\t<dd class='wp-caption-text gallery-caption' id='gallery-1-6585'>\n\t\t\t\tLe Broussard venu de Limoges. C&rsquo;est un voyageur au long cours puisqu&rsquo;il revient d&rsquo;un raid jusqu&rsquo;au S\u00e9n\u00e9gal\n\t\t\t\t<\/dd><\/dl><dl class='gallery-item'>\n\t\t\t<dt class='gallery-icon landscape'>\n\t\t\t\t<a href='http:\/\/www.marsaly.fr\/fred\/meeting-aerien-a-sarlat\/dsc_8265\/'><img width=\"300\" height=\"163\" src=\"http:\/\/www.marsaly.fr\/fred\/wp-content\/uploads\/2019\/08\/DSC_8265-300x163.jpg\" class=\"attachment-medium size-medium\" alt=\"\" decoding=\"async\" loading=\"lazy\" aria-describedby=\"gallery-1-6579\" srcset=\"http:\/\/www.marsaly.fr\/fred\/wp-content\/uploads\/2019\/08\/DSC_8265-300x163.jpg 300w, http:\/\/www.marsaly.fr\/fred\/wp-content\/uploads\/2019\/08\/DSC_8265-768x419.jpg 768w, http:\/\/www.marsaly.fr\/fred\/wp-content\/uploads\/2019\/08\/DSC_8265.jpg 1024w, http:\/\/www.marsaly.fr\/fred\/wp-content\/uploads\/2019\/08\/DSC_8265-500x272.jpg 500w\" sizes=\"(max-width: 300px) 100vw, 300px\" \/><\/a>\n\t\t\t<\/dt>\n\t\t\t\t<dd class='wp-caption-text gallery-caption' id='gallery-1-6579'>\n\t\t\t\tZlin 526, un avion d\u00e9sormais peu fr\u00e9quent. \n\t\t\t\t<\/dd><\/dl><br style=\"clear: both\" \/><dl class='gallery-item'>\n\t\t\t<dt class='gallery-icon landscape'>\n\t\t\t\t<a href='http:\/\/www.marsaly.fr\/fred\/meeting-aerien-a-sarlat\/dsc_8322\/'><img width=\"300\" height=\"180\" src=\"http:\/\/www.marsaly.fr\/fred\/wp-content\/uploads\/2019\/08\/DSC_8322-300x180.jpg\" class=\"attachment-medium size-medium\" alt=\"\" decoding=\"async\" loading=\"lazy\" aria-describedby=\"gallery-1-6582\" srcset=\"http:\/\/www.marsaly.fr\/fred\/wp-content\/uploads\/2019\/08\/DSC_8322-300x180.jpg 300w, http:\/\/www.marsaly.fr\/fred\/wp-content\/uploads\/2019\/08\/DSC_8322-768x461.jpg 768w, http:\/\/www.marsaly.fr\/fred\/wp-content\/uploads\/2019\/08\/DSC_8322.jpg 1024w, http:\/\/www.marsaly.fr\/fred\/wp-content\/uploads\/2019\/08\/DSC_8322-500x300.jpg 500w\" sizes=\"(max-width: 300px) 100vw, 300px\" \/><\/a>\n\t\t\t<\/dt>\n\t\t\t\t<dd class='wp-caption-text gallery-caption' id='gallery-1-6582'>\n\t\t\t\tIl y a quelque chose d&rsquo;une sportive italienne dans le Falco\n\t\t\t\t<\/dd><\/dl><dl class='gallery-item'>\n\t\t\t<dt class='gallery-icon landscape'>\n\t\t\t\t<a href='http:\/\/www.marsaly.fr\/fred\/meeting-aerien-a-sarlat\/dsc_8357\/'><img width=\"300\" height=\"156\" src=\"http:\/\/www.marsaly.fr\/fred\/wp-content\/uploads\/2019\/08\/DSC_8357-300x156.jpg\" class=\"attachment-medium size-medium\" alt=\"\" decoding=\"async\" loading=\"lazy\" aria-describedby=\"gallery-1-6583\" srcset=\"http:\/\/www.marsaly.fr\/fred\/wp-content\/uploads\/2019\/08\/DSC_8357-300x156.jpg 300w, http:\/\/www.marsaly.fr\/fred\/wp-content\/uploads\/2019\/08\/DSC_8357-768x398.jpg 768w, http:\/\/www.marsaly.fr\/fred\/wp-content\/uploads\/2019\/08\/DSC_8357.jpg 1024w, http:\/\/www.marsaly.fr\/fred\/wp-content\/uploads\/2019\/08\/DSC_8357-500x259.jpg 500w\" sizes=\"(max-width: 300px) 100vw, 300px\" \/><\/a>\n\t\t\t<\/dt>\n\t\t\t\t<dd class='wp-caption-text gallery-caption' id='gallery-1-6583'>\n\t\t\t\tQuoi de plus beau qu&rsquo;un Falco ? Deux Falco !\n\t\t\t\t<\/dd><\/dl><br style=\"clear: both\" \/><dl class='gallery-item'>\n\t\t\t<dt class='gallery-icon landscape'>\n\t\t\t\t<a href='http:\/\/www.marsaly.fr\/fred\/meeting-aerien-a-sarlat\/dsc_8126\/'><img width=\"300\" height=\"190\" src=\"http:\/\/www.marsaly.fr\/fred\/wp-content\/uploads\/2019\/08\/DSC_8126-300x190.jpg\" class=\"attachment-medium size-medium\" alt=\"\" decoding=\"async\" loading=\"lazy\" aria-describedby=\"gallery-1-6584\" srcset=\"http:\/\/www.marsaly.fr\/fred\/wp-content\/uploads\/2019\/08\/DSC_8126-300x190.jpg 300w, http:\/\/www.marsaly.fr\/fred\/wp-content\/uploads\/2019\/08\/DSC_8126-768x485.jpg 768w, http:\/\/www.marsaly.fr\/fred\/wp-content\/uploads\/2019\/08\/DSC_8126.jpg 1024w, http:\/\/www.marsaly.fr\/fred\/wp-content\/uploads\/2019\/08\/DSC_8126-475x300.jpg 475w\" sizes=\"(max-width: 300px) 100vw, 300px\" \/><\/a>\n\t\t\t<\/dt>\n\t\t\t\t<dd class='wp-caption-text gallery-caption' id='gallery-1-6584'>\n\t\t\t\tLe NC856S n&rsquo;a pourtant jamais \u00e9quip\u00e9 la Flottille 14F, mais le Corsaire Borgne lui va \u00e0 ravir !\n\t\t\t\t<\/dd><\/dl><dl class='gallery-item'>\n\t\t\t<dt class='gallery-icon landscape'>\n\t\t\t\t<a href='http:\/\/www.marsaly.fr\/fred\/meeting-aerien-a-sarlat\/dsc_8302\/'><img width=\"300\" height=\"172\" src=\"http:\/\/www.marsaly.fr\/fred\/wp-content\/uploads\/2019\/08\/DSC_8302-300x172.jpg\" class=\"attachment-medium size-medium\" alt=\"\" decoding=\"async\" loading=\"lazy\" aria-describedby=\"gallery-1-6580\" srcset=\"http:\/\/www.marsaly.fr\/fred\/wp-content\/uploads\/2019\/08\/DSC_8302-300x172.jpg 300w, http:\/\/www.marsaly.fr\/fred\/wp-content\/uploads\/2019\/08\/DSC_8302-768x440.jpg 768w, http:\/\/www.marsaly.fr\/fred\/wp-content\/uploads\/2019\/08\/DSC_8302.jpg 1024w, http:\/\/www.marsaly.fr\/fred\/wp-content\/uploads\/2019\/08\/DSC_8302-500x287.jpg 500w\" sizes=\"(max-width: 300px) 100vw, 300px\" \/><\/a>\n\t\t\t<\/dt>\n\t\t\t\t<dd class='wp-caption-text gallery-caption' id='gallery-1-6580'>\n\t\t\t\tLe Fouga a beau rutiler sous le soleil, il siffle toujours autant !\n\t\t\t\t<\/dd><\/dl><br style=\"clear: both\" \/>\n\t\t<\/div>\n\n<p style=\"text-align: justify;\">Je parle d&rsquo;un \u00e9tonnant duo p\u00e8re-fils sympathique et talentueux. Venu de la r\u00e9gion de Dijon avec son Cap 20, un avion qui a vol\u00e9 autrefois avec l&rsquo;EVAA et dont il porte encore les couleurs, Christian, le p\u00e8re, a effectu\u00e9 une jolie d\u00e9mo de voltige classique. Il effectuait l\u00e0 un de ses premiers meetings en compagnie de son fils, Victor, qui, lui arrivait de Salon de Provence avec un Extra 330SC de l&rsquo;EVAA puisque membre de cette prestigieuse et multi-r\u00e9compens\u00e9e \u00e9quipe. Et c&rsquo;est aussi \u00e0 lui qu&rsquo;est revenu le redoutable privil\u00e8ge de clore le meeting sous les yeux de son papa !<\/p>\n<div id=\"attachment_6573\" style=\"width: 594px\" class=\"wp-caption alignnone\"><a href=\"http:\/\/www.marsaly.fr\/fred\/wp-content\/uploads\/2019\/08\/DSC_8169.jpg\"><img aria-describedby=\"caption-attachment-6573\" decoding=\"async\" loading=\"lazy\" class=\"wp-image-6573 size-large\" src=\"http:\/\/www.marsaly.fr\/fred\/wp-content\/uploads\/2019\/08\/DSC_8169-1024x517.jpg\" alt=\"\" width=\"584\" height=\"295\" srcset=\"http:\/\/www.marsaly.fr\/fred\/wp-content\/uploads\/2019\/08\/DSC_8169.jpg 1024w, http:\/\/www.marsaly.fr\/fred\/wp-content\/uploads\/2019\/08\/DSC_8169-300x151.jpg 300w, http:\/\/www.marsaly.fr\/fred\/wp-content\/uploads\/2019\/08\/DSC_8169-768x388.jpg 768w, http:\/\/www.marsaly.fr\/fred\/wp-content\/uploads\/2019\/08\/DSC_8169-500x252.jpg 500w\" sizes=\"(max-width: 584px) 100vw, 584px\" \/><\/a><p id=\"caption-attachment-6573\" class=\"wp-caption-text\">Christian Lallou\u00e9 \u00e0 l&rsquo;issue de sa d\u00e9mo. Il vole \u00e0 bord d&rsquo;un Cap 20 qui a appartenu \u00e0 l&rsquo;EVAA, unit\u00e9 \u00e0 laquelle appartient aujourd&rsquo;hui son fils Victor&#8230; Bon sang ne saurait mentir !<\/p><\/div>\n<p style=\"text-align: justify;\">L&rsquo;EVAA \u00e9tait venu avec deux pilotes. Le Lt Oddon avait effectu\u00e9 une premi\u00e8re voltige en milieu de programme et tout le monde avait salu\u00e9 avec l&rsquo;enthousiasme de bon aloi qu&rsquo;il m\u00e9ritait, le splendide smiley qu&rsquo;il a dessin\u00e9 en plein ciel au-dessus de l&rsquo;a\u00e9rodrome.<\/p>\n<div id=\"attachment_6574\" style=\"width: 594px\" class=\"wp-caption alignnone\"><a href=\"http:\/\/www.marsaly.fr\/fred\/wp-content\/uploads\/2019\/08\/DSC_8256.jpg\"><img aria-describedby=\"caption-attachment-6574\" decoding=\"async\" loading=\"lazy\" class=\"wp-image-6574 size-large\" src=\"http:\/\/www.marsaly.fr\/fred\/wp-content\/uploads\/2019\/08\/DSC_8256-1024x572.jpg\" alt=\"\" width=\"584\" height=\"326\" srcset=\"http:\/\/www.marsaly.fr\/fred\/wp-content\/uploads\/2019\/08\/DSC_8256.jpg 1024w, http:\/\/www.marsaly.fr\/fred\/wp-content\/uploads\/2019\/08\/DSC_8256-300x168.jpg 300w, http:\/\/www.marsaly.fr\/fred\/wp-content\/uploads\/2019\/08\/DSC_8256-768x429.jpg 768w, http:\/\/www.marsaly.fr\/fred\/wp-content\/uploads\/2019\/08\/DSC_8256-500x279.jpg 500w\" sizes=\"(max-width: 584px) 100vw, 584px\" \/><\/a><p id=\"caption-attachment-6574\" class=\"wp-caption-text\">L&rsquo;Extra 330 a permis \u00e0 l&rsquo;EVAA de retrouver sa place : sur la plus haute marche du podium !<\/p><\/div>\n<p style=\"text-align: justify;\">Vint donc le tour du capitaine Victor Lallou\u00e9 qui nous a pr\u00e9sent\u00e9 son programme libre-int\u00e9gral. Apr\u00e8s quelques minutes de man\u0153uvres &#8211; dont certaines en invers\u00e9 et je ne veux pas savoir combien de G n\u00e9gatif il a encaiss\u00e9, j&rsquo;en avais mal pour lui (je d\u00e9teste les G n\u00e9gatifs !) &#8211; intenses, pr\u00e9cises et bien rythm\u00e9e, \u00e9tait-ce pr\u00e9m\u00e9dit\u00e9 ou pas, un petit Gabin qui ne devait pas avoir plus de 5 ans est venu demander au speaker de pousser Victor \u00e0 faire aussi un Smiley&#8230; Comme pour la PAF, les pilotes de l&rsquo;EVAA interviennent au cours de leur d\u00e9mo sur la sono du meeting (1) pour saluer les spectateurs, c&rsquo;est toujours un moment convivial d&rsquo;entendre le pilote alors qu&rsquo;il en bave pour tenir son avion \u00e0 peu pr\u00e8s calme le temps de parler quelques secondes.<\/p>\n<p style=\"text-align: justify;\">Le speaker a donc bascul\u00e9 la radio sur la sono et a demand\u00e9 \u00e0 Victor de faire aussi un smiley ! Alors qu&rsquo;on s&rsquo;attendait tous \u00e0 ce qu&rsquo;il accepte mais coupe la communication, Victor a donc effectu\u00e9 le smiley mais en le commentant en direct. Afin de pouvoir continuer \u00e0 parler et de bien expliquer ce qu&rsquo;il faisait, il l&rsquo;a fait large si bien qu&rsquo;il a \u00e9t\u00e9 un peu difficile \u00e0 photographier. Le peu de vent pr\u00e9sent l&rsquo;a aussi un peu balay\u00e9 en cours de finition,\u00a0 peu importe. Je ne sais pas si \u00e7a fait partie du programme \u00ab\u00a0officiel\u00a0\u00bb de l&rsquo;EVAA mais une chose est certaine&#8230; c&rsquo;est absolument \u00e0 refaire. Outre le fait que je ne m&rsquo;\u00e9tais pas \u00e9clat\u00e9 autant devant une figure de voltige depuis un bon moment, la derni\u00e8re chose que les spectateurs ont vu dans le ciel avant de s&rsquo;en aller, c&rsquo;est un bonhomme en fumig\u00e8ne qui souriait et un pilote en train d&rsquo;expliquer en direct comment on le fait !<\/p>\n<div id=\"attachment_6575\" style=\"width: 594px\" class=\"wp-caption alignnone\"><a href=\"http:\/\/www.marsaly.fr\/fred\/wp-content\/uploads\/2019\/08\/Smiley-1024.jpg\"><img aria-describedby=\"caption-attachment-6575\" decoding=\"async\" loading=\"lazy\" class=\"wp-image-6575 size-large\" src=\"http:\/\/www.marsaly.fr\/fred\/wp-content\/uploads\/2019\/08\/Smiley-1024-1024x683.jpg\" alt=\"\" width=\"584\" height=\"390\" srcset=\"http:\/\/www.marsaly.fr\/fred\/wp-content\/uploads\/2019\/08\/Smiley-1024.jpg 1024w, http:\/\/www.marsaly.fr\/fred\/wp-content\/uploads\/2019\/08\/Smiley-1024-300x200.jpg 300w, http:\/\/www.marsaly.fr\/fred\/wp-content\/uploads\/2019\/08\/Smiley-1024-768x512.jpg 768w, http:\/\/www.marsaly.fr\/fred\/wp-content\/uploads\/2019\/08\/Smiley-1024-450x300.jpg 450w\" sizes=\"(max-width: 584px) 100vw, 584px\" \/><\/a><p id=\"caption-attachment-6575\" class=\"wp-caption-text\">Un smiley en plein ciel. Un bon r\u00e9sum\u00e9 de ce meeting ! (Photo : Franck M\u00e9e)<\/p><\/div>\n<p>Qu&rsquo;est-il possible d&rsquo;ajouter \u00e0 \u00e7a ?<\/p>\n<div id=\"attachment_6570\" style=\"width: 594px\" class=\"wp-caption alignnone\"><a href=\"http:\/\/www.marsaly.fr\/fred\/wp-content\/uploads\/2019\/08\/MCR-Sarlat-Aur\u00e9lie-LH.jpg\"><img aria-describedby=\"caption-attachment-6570\" decoding=\"async\" loading=\"lazy\" class=\"wp-image-6570 size-large\" src=\"http:\/\/www.marsaly.fr\/fred\/wp-content\/uploads\/2019\/08\/MCR-Sarlat-Aur\u00e9lie-LH-1024x538.jpg\" alt=\"\" width=\"584\" height=\"307\" srcset=\"http:\/\/www.marsaly.fr\/fred\/wp-content\/uploads\/2019\/08\/MCR-Sarlat-Aur\u00e9lie-LH.jpg 1024w, http:\/\/www.marsaly.fr\/fred\/wp-content\/uploads\/2019\/08\/MCR-Sarlat-Aur\u00e9lie-LH-300x158.jpg 300w, http:\/\/www.marsaly.fr\/fred\/wp-content\/uploads\/2019\/08\/MCR-Sarlat-Aur\u00e9lie-LH-768x404.jpg 768w, http:\/\/www.marsaly.fr\/fred\/wp-content\/uploads\/2019\/08\/MCR-Sarlat-Aur\u00e9lie-LH-500x263.jpg 500w\" sizes=\"(max-width: 584px) 100vw, 584px\" \/><\/a><p id=\"caption-attachment-6570\" class=\"wp-caption-text\">Le MCR Delta-Uniforme au d\u00e9collage de Sarlat. L&rsquo;\u00e9quipage reste concentr\u00e9 ! (Photo : Aur\u00e9lie LH)<\/p><\/div>\n<p style=\"text-align: justify;\">Il \u00e9tait d\u00e9sormais temps de reprendre le MCR et de rentrer vers Angoul\u00eame. La m\u00e9t\u00e9o n&rsquo;ayant pas boug\u00e9, le vol fut aussi superbe qu&rsquo;\u00e0 l&rsquo;aller. Nous avons laiss\u00e9 l&rsquo;Oc\u00e9anair nous rejoindre histoire de faire quelques photos air-air, \u00e0 bonne distance n\u00e9anmoins, avant de se poser et de ranger les avions.<\/p>\n<div id=\"attachment_6576\" style=\"width: 594px\" class=\"wp-caption alignnone\"><a href=\"http:\/\/www.marsaly.fr\/fred\/wp-content\/uploads\/2019\/08\/DSC_8459.jpg\"><img aria-describedby=\"caption-attachment-6576\" decoding=\"async\" loading=\"lazy\" class=\"wp-image-6576 size-large\" src=\"http:\/\/www.marsaly.fr\/fred\/wp-content\/uploads\/2019\/08\/DSC_8459-1024x611.jpg\" alt=\"\" width=\"584\" height=\"348\" srcset=\"http:\/\/www.marsaly.fr\/fred\/wp-content\/uploads\/2019\/08\/DSC_8459.jpg 1024w, http:\/\/www.marsaly.fr\/fred\/wp-content\/uploads\/2019\/08\/DSC_8459-300x179.jpg 300w, http:\/\/www.marsaly.fr\/fred\/wp-content\/uploads\/2019\/08\/DSC_8459-768x458.jpg 768w, http:\/\/www.marsaly.fr\/fred\/wp-content\/uploads\/2019\/08\/DSC_8459-500x298.jpg 500w\" sizes=\"(max-width: 584px) 100vw, 584px\" \/><\/a><p id=\"caption-attachment-6576\" class=\"wp-caption-text\">Ceci n&rsquo;est pas un DR400 !<\/p><\/div>\n<p style=\"text-align: justify;\">Le lendemain, nous avions pr\u00e9vu de rejoindre Vannes-Meucon toujours avec le MCR, mais un gros front sur Nantes nous en a emp\u00each\u00e9. Dans la Clio de location, sous la pluie et les nuages bas, nous avons donc exp\u00e9riment\u00e9 le sentiment agr\u00e9able d&rsquo;\u00eatre au sol sans regretter d&rsquo;\u00eatre en vol&#8230;<\/p>\n<p style=\"text-align: justify;\">C&rsquo;\u00e9tait un weekend qui avait d\u00e9but\u00e9 avec une nouvelle affreuse mais la vie continue !<\/p>\n<p>&nbsp;<\/p>\n<p>&nbsp;<\/p>\n<p>(1) <em>pour avoir assist\u00e9 \u00e0 la d\u00e9mo de la PAF \u00e0 <a href=\"http:\/\/www.marsaly.fr\/fred\/biscarrosse-2018\/\">Biscarrosse en 2018<\/a> depuis le point central, \u00e0 c\u00f4t\u00e9 du reste de l&rsquo;\u00e9quipe de la patrouille et en \u00e9coutant les conversations radio sur leur retour audio, je peux confirmer que \u00e7a donne une dimension vivante \u00e0 la d\u00e9mo et que \u00e7a se passe m\u00eame&#8230; de commentaire !<br \/>\n<\/em><\/p>\n","protected":false},"excerpt":{"rendered":"<p>Aller \u00e0 un meeting en avion, c\u2019est toujours un plaisir. \u00c7a ne m\u2019est arriv\u00e9 qu\u2019assez rarement finalement. La premi\u00e8re fois, c\u2019\u00e9tait \u00e0 Lens en 2007, depuis Chavenay. Une exp\u00e9rience particuli\u00e8rement agr\u00e9able et inoubliable. Bien s\u00fbr, il y avait le meeting &hellip; <a href=\"http:\/\/www.marsaly.fr\/fred\/meeting-aerien-a-sarlat\/\">Continuer la lecture <span class=\"meta-nav\">&rarr;<\/span><\/a><\/p>\n","protected":false},"author":2,"featured_media":0,"comment_status":"open","ping_status":"open","sticky":false,"template":"","format":"standard","meta":[],"categories":[4],"tags":[309,235],"_links":{"self":[{"href":"http:\/\/www.marsaly.fr\/fred\/wp-json\/wp\/v2\/posts\/6564"}],"collection":[{"href":"http:\/\/www.marsaly.fr\/fred\/wp-json\/wp\/v2\/posts"}],"about":[{"href":"http:\/\/www.marsaly.fr\/fred\/wp-json\/wp\/v2\/types\/post"}],"author":[{"embeddable":true,"href":"http:\/\/www.marsaly.fr\/fred\/wp-json\/wp\/v2\/users\/2"}],"replies":[{"embeddable":true,"href":"http:\/\/www.marsaly.fr\/fred\/wp-json\/wp\/v2\/comments?post=6564"}],"version-history":[{"count":17,"href":"http:\/\/www.marsaly.fr\/fred\/wp-json\/wp\/v2\/posts\/6564\/revisions"}],"predecessor-version":[{"id":6602,"href":"http:\/\/www.marsaly.fr\/fred\/wp-json\/wp\/v2\/posts\/6564\/revisions\/6602"}],"wp:attachment":[{"href":"http:\/\/www.marsaly.fr\/fred\/wp-json\/wp\/v2\/media?parent=6564"}],"wp:term":[{"taxonomy":"category","embeddable":true,"href":"http:\/\/www.marsaly.fr\/fred\/wp-json\/wp\/v2\/categories?post=6564"},{"taxonomy":"post_tag","embeddable":true,"href":"http:\/\/www.marsaly.fr\/fred\/wp-json\/wp\/v2\/tags?post=6564"}],"curies":[{"name":"wp","href":"https:\/\/api.w.org\/{rel}","templated":true}]}}