{"id":6475,"date":"2019-07-23T19:53:41","date_gmt":"2019-07-23T17:53:41","guid":{"rendered":"http:\/\/www.marsaly.fr\/fred\/?p=6475"},"modified":"2023-07-12T08:51:51","modified_gmt":"2023-07-12T06:51:51","slug":"le-defile-aerien-du-14-juillet-2019","status":"publish","type":"post","link":"http:\/\/www.marsaly.fr\/fred\/le-defile-aerien-du-14-juillet-2019\/","title":{"rendered":"Le d\u00e9fil\u00e9 a\u00e9rien du 14 juillet 2019"},"content":{"rendered":"<p style=\"text-align: justify;\">Alors que la France est travers\u00e9e par des vagues de canicules assez exceptionnelles, si on n&rsquo;oublie pas les \u00e9t\u00e9s assez pourris qu&rsquo;on a connu ces derni\u00e8res ann\u00e9es, il a donc fallu que les r\u00e9p\u00e9titions du D\u00e9fil\u00e9 a\u00e9rien et le 14 juillet se d\u00e9roulent sous un ciel couvert. Il faut avouer que c&rsquo;est une chose contrariante quand on aime photographier les avions.<\/p>\n<p style=\"text-align: justify;\">Cette fois-ci, pour les r\u00e9p\u00e9titions, j&rsquo;ai fait le choix de me positionner en haut de la Tour Montparnasse. Bien que la terrasse est ceinte de vitres \u00e9paisses, ses concepteurs ont pens\u00e9 \u00e0 am\u00e9nager des \u00ab\u00a0meurtri\u00e8res horizontales\u00a0\u00bb qui permettent d&rsquo;y passer un t\u00e9l\u00e9objectif m\u00eame parmi les plus larges.<\/p>\n<div id=\"attachment_6492\" style=\"width: 310px\" class=\"wp-caption alignleft\"><a href=\"http:\/\/www.marsaly.fr\/fred\/wp-content\/uploads\/2019\/07\/Tour-Eiffel.jpg\"><img aria-describedby=\"caption-attachment-6492\" decoding=\"async\" loading=\"lazy\" class=\"wp-image-6492 size-medium\" src=\"http:\/\/www.marsaly.fr\/fred\/wp-content\/uploads\/2019\/07\/Tour-Eiffel-300x262.jpg\" alt=\"\" width=\"300\" height=\"262\" srcset=\"http:\/\/www.marsaly.fr\/fred\/wp-content\/uploads\/2019\/07\/Tour-Eiffel-300x262.jpg 300w, http:\/\/www.marsaly.fr\/fred\/wp-content\/uploads\/2019\/07\/Tour-Eiffel-768x670.jpg 768w, http:\/\/www.marsaly.fr\/fred\/wp-content\/uploads\/2019\/07\/Tour-Eiffel.jpg 1024w, http:\/\/www.marsaly.fr\/fred\/wp-content\/uploads\/2019\/07\/Tour-Eiffel-344x300.jpg 344w\" sizes=\"(max-width: 300px) 100vw, 300px\" \/><\/a><p id=\"caption-attachment-6492\" class=\"wp-caption-text\">Ne cherchez pas, il n&rsquo;y a aucun avion ni aucun h\u00e9licopt\u00e8re visible sur cette photo.<\/p><\/div>\n<p style=\"text-align: justify;\">L&rsquo;autre avantage de la Tour Montparnasse c&rsquo;est qu&rsquo;entre le moment o\u00f9 vous sortez du m\u00e9tro et l&rsquo;instant o\u00f9 vous \u00eates pr\u00eats \u00e0 prendre votre premi\u00e8re photo, il ne s&rsquo;\u00e9coule que quelques minutes, une dizaine tout au plus, loin des deux heures que peut prendre l&rsquo;acc\u00e8s au troisi\u00e8me \u00e9tage de la Tour Eiffel les jours d&rsquo;affluence.<\/p>\n<p style=\"text-align: justify;\">Le point de vue sur Paris est juste extraordinaire, permettant d&rsquo;admirer la Tour Eiffel sous son plus bel angle et sous l&rsquo;\u00e9clairage le plus avantageux. Le probl\u00e8me, c&rsquo;est qu&rsquo;elle se trouve un peu loin de l&rsquo;axe de passage des avions et que m\u00eame arm\u00e9 d&rsquo;un 400mm, les chasseurs sont un peu petits&#8230; N\u00e9anmoins, le spectacle assur\u00e9 par les \u00e9quipages valait largement les 19\u20ac n\u00e9cessaires pour grimper les 56 \u00e9tages&#8230; en moins d&rsquo;une minute gr\u00e2ce \u00e0 un ascenseur \u00e9tonnamment rapide.<\/p>\n<div id=\"attachment_6493\" style=\"width: 594px\" class=\"wp-caption alignnone\"><a href=\"http:\/\/www.marsaly.fr\/fred\/wp-content\/uploads\/2019\/07\/DSC_6441.jpg\"><img aria-describedby=\"caption-attachment-6493\" decoding=\"async\" loading=\"lazy\" class=\"wp-image-6493 size-large\" src=\"http:\/\/www.marsaly.fr\/fred\/wp-content\/uploads\/2019\/07\/DSC_6441-1024x623.jpg\" alt=\"\" width=\"584\" height=\"355\" srcset=\"http:\/\/www.marsaly.fr\/fred\/wp-content\/uploads\/2019\/07\/DSC_6441.jpg 1024w, http:\/\/www.marsaly.fr\/fred\/wp-content\/uploads\/2019\/07\/DSC_6441-300x183.jpg 300w, http:\/\/www.marsaly.fr\/fred\/wp-content\/uploads\/2019\/07\/DSC_6441-768x467.jpg 768w, http:\/\/www.marsaly.fr\/fred\/wp-content\/uploads\/2019\/07\/DSC_6441-493x300.jpg 493w\" sizes=\"(max-width: 584px) 100vw, 584px\" \/><\/a><p id=\"caption-attachment-6493\" class=\"wp-caption-text\">Le Boeing E-3F suivi d&rsquo;un Mirage 2000 d&rsquo;escorte survole la D\u00e9fense et plonge vers vers Paris pendant qu&rsquo;\u00e0 l&rsquo;arri\u00e8re plan, les h\u00e9licopt\u00e8res de la deuxi\u00e8me partie du d\u00e9fil\u00e9 sont en attente de leur tour de passage.<\/p><\/div>\n<p style=\"text-align: justify;\">A l&rsquo;heure dire les premiers appareils, un Awacs et son escorte, ont donc plong\u00e9 sur la D\u00e9fense puis ont remont\u00e9 l&rsquo;axe historique. La Patrouille de France, comme cela arrive parfois, prise sur d&rsquo;autres manifestation, n&rsquo;a pas ouvert cette r\u00e9p\u00e9tition. D&rsquo;un autre c\u00f4t\u00e9, les Alpha Jet ayant effectu\u00e9 un passage \u00e0 l&rsquo;occasion de la journ\u00e9e olympique quelques jours plus t\u00f4t, la reconnaissance de l&rsquo;axe pouvait \u00eatre consid\u00e9r\u00e9e comme d\u00e9j\u00e0 faite.<\/p>\n<div id=\"attachment_6496\" style=\"width: 594px\" class=\"wp-caption alignnone\"><a href=\"http:\/\/www.marsaly.fr\/fred\/wp-content\/uploads\/2019\/07\/DSC_6633.jpg\"><img aria-describedby=\"caption-attachment-6496\" decoding=\"async\" loading=\"lazy\" class=\"wp-image-6496 size-large\" src=\"http:\/\/www.marsaly.fr\/fred\/wp-content\/uploads\/2019\/07\/DSC_6633-1024x678.jpg\" alt=\"\" width=\"584\" height=\"387\" srcset=\"http:\/\/www.marsaly.fr\/fred\/wp-content\/uploads\/2019\/07\/DSC_6633.jpg 1024w, http:\/\/www.marsaly.fr\/fred\/wp-content\/uploads\/2019\/07\/DSC_6633-300x199.jpg 300w, http:\/\/www.marsaly.fr\/fred\/wp-content\/uploads\/2019\/07\/DSC_6633-768x509.jpg 768w, http:\/\/www.marsaly.fr\/fred\/wp-content\/uploads\/2019\/07\/DSC_6633-453x300.jpg 453w\" sizes=\"(max-width: 584px) 100vw, 584px\" \/><\/a><p id=\"caption-attachment-6496\" class=\"wp-caption-text\">Une vision peu commune, un CL-415, le \u00ab\u00a0P\u00e9lican\u00a0\u00bb 32, survole les Champs, les sublimes verri\u00e8res du Grand Palais et celles du Palais de la D\u00e9couverte.<\/p><\/div>\n<p>C&rsquo;est donc un d\u00e9fil\u00e9 quasi au complet qui a \u00e9merveill\u00e9 les parisiens, ou les a surpris en plein apr\u00e8s-midi, ne manquaient pratiquement que les chasseurs \u00e9trangers, mais aussi une paire de Mirage 2000D et un Rafale isol\u00e9 qui sont pass\u00e9s un peu hors programme et avant les h\u00e9licos.<\/p>\n<div id=\"attachment_6494\" style=\"width: 594px\" class=\"wp-caption alignnone\"><a href=\"http:\/\/www.marsaly.fr\/fred\/wp-content\/uploads\/2019\/07\/DSC_6591.jpg\"><img aria-describedby=\"caption-attachment-6494\" decoding=\"async\" loading=\"lazy\" class=\"wp-image-6494 size-large\" src=\"http:\/\/www.marsaly.fr\/fred\/wp-content\/uploads\/2019\/07\/DSC_6591-1024x808.jpg\" alt=\"\" width=\"584\" height=\"461\" srcset=\"http:\/\/www.marsaly.fr\/fred\/wp-content\/uploads\/2019\/07\/DSC_6591.jpg 1024w, http:\/\/www.marsaly.fr\/fred\/wp-content\/uploads\/2019\/07\/DSC_6591-300x237.jpg 300w, http:\/\/www.marsaly.fr\/fred\/wp-content\/uploads\/2019\/07\/DSC_6591-768x606.jpg 768w, http:\/\/www.marsaly.fr\/fred\/wp-content\/uploads\/2019\/07\/DSC_6591-380x300.jpg 380w\" sizes=\"(max-width: 584px) 100vw, 584px\" \/><\/a><p id=\"caption-attachment-6494\" class=\"wp-caption-text\">Atlas et Transall, au droit de Montmartre et du Stade de France.<\/p><\/div>\n<p style=\"text-align: justify;\">C&rsquo;est l&rsquo;EVAA qui mis un point final \u00e0 cette r\u00e9p\u00e9tition des voilures fixes avec leurs fumig\u00e8nes et une position peu usuelle pour le Capitaine Orlowski qui va remettre en jeu son titre de champion du monde de voltige dans quelques jours.<\/p>\n<div id=\"attachment_6495\" style=\"width: 594px\" class=\"wp-caption alignnone\"><a href=\"http:\/\/www.marsaly.fr\/fred\/wp-content\/uploads\/2019\/07\/DSC_6667-evaa-1024.jpg\"><img aria-describedby=\"caption-attachment-6495\" decoding=\"async\" loading=\"lazy\" class=\"wp-image-6495 size-large\" src=\"http:\/\/www.marsaly.fr\/fred\/wp-content\/uploads\/2019\/07\/DSC_6667-evaa-1024-1024x590.jpg\" alt=\"\" width=\"584\" height=\"336\" srcset=\"http:\/\/www.marsaly.fr\/fred\/wp-content\/uploads\/2019\/07\/DSC_6667-evaa-1024.jpg 1024w, http:\/\/www.marsaly.fr\/fred\/wp-content\/uploads\/2019\/07\/DSC_6667-evaa-1024-300x173.jpg 300w, http:\/\/www.marsaly.fr\/fred\/wp-content\/uploads\/2019\/07\/DSC_6667-evaa-1024-768x443.jpg 768w, http:\/\/www.marsaly.fr\/fred\/wp-content\/uploads\/2019\/07\/DSC_6667-evaa-1024-500x288.jpg 500w\" sizes=\"(max-width: 584px) 100vw, 584px\" \/><\/a><p id=\"caption-attachment-6495\" class=\"wp-caption-text\">Comme une histoire de champions&#8230; du monde&#8230;<\/p><\/div>\n<p>Ce fut ensuite le tour des voilures tournantes, l\u00e0 aussi pratiquement au complet, et en pr\u00e9sence des deux Chinook de la RAF, vedettes annonc\u00e9es de cette partie du d\u00e9fil\u00e9.<\/p>\n<div id=\"attachment_6499\" style=\"width: 594px\" class=\"wp-caption alignnone\"><a href=\"http:\/\/www.marsaly.fr\/fred\/wp-content\/uploads\/2019\/07\/DSC_6697.jpg\"><img aria-describedby=\"caption-attachment-6499\" decoding=\"async\" loading=\"lazy\" class=\"wp-image-6499 size-large\" src=\"http:\/\/www.marsaly.fr\/fred\/wp-content\/uploads\/2019\/07\/DSC_6697-1024x705.jpg\" alt=\"\" width=\"584\" height=\"402\" srcset=\"http:\/\/www.marsaly.fr\/fred\/wp-content\/uploads\/2019\/07\/DSC_6697.jpg 1024w, http:\/\/www.marsaly.fr\/fred\/wp-content\/uploads\/2019\/07\/DSC_6697-300x207.jpg 300w, http:\/\/www.marsaly.fr\/fred\/wp-content\/uploads\/2019\/07\/DSC_6697-768x529.jpg 768w, http:\/\/www.marsaly.fr\/fred\/wp-content\/uploads\/2019\/07\/DSC_6697-436x300.jpg 436w\" sizes=\"(max-width: 584px) 100vw, 584px\" \/><\/a><p id=\"caption-attachment-6499\" class=\"wp-caption-text\">Vous aussi, \u00e7a vous donne envie de chantonner du Wagner ?<\/p><\/div>\n<p>\u00c9videmment, il a fallu qu&rsquo;un gros nuage noir se plante sur Paris au bon moment&#8230;<\/p>\n<div id=\"attachment_6498\" style=\"width: 594px\" class=\"wp-caption alignnone\"><a href=\"http:\/\/www.marsaly.fr\/fred\/wp-content\/uploads\/2019\/07\/DSC_6760.jpg\"><img aria-describedby=\"caption-attachment-6498\" decoding=\"async\" loading=\"lazy\" class=\"wp-image-6498 size-large\" src=\"http:\/\/www.marsaly.fr\/fred\/wp-content\/uploads\/2019\/07\/DSC_6760-1024x542.jpg\" alt=\"\" width=\"584\" height=\"309\" srcset=\"http:\/\/www.marsaly.fr\/fred\/wp-content\/uploads\/2019\/07\/DSC_6760.jpg 1024w, http:\/\/www.marsaly.fr\/fred\/wp-content\/uploads\/2019\/07\/DSC_6760-300x159.jpg 300w, http:\/\/www.marsaly.fr\/fred\/wp-content\/uploads\/2019\/07\/DSC_6760-768x407.jpg 768w, http:\/\/www.marsaly.fr\/fred\/wp-content\/uploads\/2019\/07\/DSC_6760-500x265.jpg 500w\" sizes=\"(max-width: 584px) 100vw, 584px\" \/><\/a><p id=\"caption-attachment-6498\" class=\"wp-caption-text\">Deux Chinook sur Paris ? <a href=\"http:\/\/www.marsaly.fr\/fred\/issy-cest-chinook\/\">Une vision pas si rare finalement<\/a>.<\/p><\/div>\n<p style=\"text-align: justify;\">Depuis, il se murmure que le Minist\u00e8re des Arm\u00e9es serait tent\u00e9 d&rsquo;en acqu\u00e9rir quelques exemplaires car nos forces ne disposent d&rsquo;aucune machine de cette cat\u00e9gorie. Apr\u00e8s le Vietnam, les Malouines, la guerre du Golfe, l&rsquo;Afghanistan, au Moyen-Orient et dans la BSS, autant de th\u00e9\u00e2tres d&rsquo;op\u00e9rations ou la RAF et l&rsquo;US Army ont fait la d\u00e9monstration des capacit\u00e9s des CH-47, il est&#8230; temps&#8230;<\/p>\n<p>Au matin du 14 juillet, c&rsquo;est un ciel \u00e9galement couvert qui surplombait Paris n\u00e9anmoins, il y avait assez de lumi\u00e8re pour sortir l&rsquo;appareil photo.<\/p>\n<div id=\"attachment_6500\" style=\"width: 594px\" class=\"wp-caption alignnone\"><a href=\"http:\/\/www.marsaly.fr\/fred\/wp-content\/uploads\/2019\/07\/DSC_6850.jpg\"><img aria-describedby=\"caption-attachment-6500\" decoding=\"async\" loading=\"lazy\" class=\"wp-image-6500 size-large\" src=\"http:\/\/www.marsaly.fr\/fred\/wp-content\/uploads\/2019\/07\/DSC_6850-1024x573.jpg\" alt=\"\" width=\"584\" height=\"327\" srcset=\"http:\/\/www.marsaly.fr\/fred\/wp-content\/uploads\/2019\/07\/DSC_6850.jpg 1024w, http:\/\/www.marsaly.fr\/fred\/wp-content\/uploads\/2019\/07\/DSC_6850-300x168.jpg 300w, http:\/\/www.marsaly.fr\/fred\/wp-content\/uploads\/2019\/07\/DSC_6850-768x430.jpg 768w, http:\/\/www.marsaly.fr\/fred\/wp-content\/uploads\/2019\/07\/DSC_6850-500x280.jpg 500w\" sizes=\"(max-width: 584px) 100vw, 584px\" \/><\/a><p id=\"caption-attachment-6500\" class=\"wp-caption-text\">La Patrouille de France au-dessus de la D\u00e9fense, <a href=\"http:\/\/www.marsaly.fr\/fred\/la-patrouille-de-france-et-paris\/\">l\u00e0 aussi, c&rsquo;est d&rsquo;un banal<\/a> !!<\/p><\/div>\n<p style=\"text-align: justify;\">Comme chaque ann\u00e9e, quelques nouveaut\u00e9s de bon aloi et visiteurs de marque ont laiss\u00e9 leurs empreintes sur le d\u00e9fil\u00e9 a\u00e9rien o\u00f9 les avions \u00e9trangers ont \u00e9t\u00e9 nombreux, vari\u00e9s et int\u00e9ressants.<\/p>\n<div id=\"attachment_6501\" style=\"width: 594px\" class=\"wp-caption alignnone\"><a href=\"http:\/\/www.marsaly.fr\/fred\/wp-content\/uploads\/2019\/07\/DSC_6853.jpg\"><img aria-describedby=\"caption-attachment-6501\" decoding=\"async\" loading=\"lazy\" class=\"wp-image-6501 size-large\" src=\"http:\/\/www.marsaly.fr\/fred\/wp-content\/uploads\/2019\/07\/DSC_6853-1024x560.jpg\" alt=\"\" width=\"584\" height=\"319\" srcset=\"http:\/\/www.marsaly.fr\/fred\/wp-content\/uploads\/2019\/07\/DSC_6853.jpg 1024w, http:\/\/www.marsaly.fr\/fred\/wp-content\/uploads\/2019\/07\/DSC_6853-300x164.jpg 300w, http:\/\/www.marsaly.fr\/fred\/wp-content\/uploads\/2019\/07\/DSC_6853-768x420.jpg 768w, http:\/\/www.marsaly.fr\/fred\/wp-content\/uploads\/2019\/07\/DSC_6853-500x273.jpg 500w\" sizes=\"(max-width: 584px) 100vw, 584px\" \/><\/a><p id=\"caption-attachment-6501\" class=\"wp-caption-text\">Un Awacs, deux Mirage 2000-5 et deux Typhoon, l&rsquo;un venant d&rsquo;Espagne et l&rsquo;autre du Royaume-Uni.<\/p><\/div>\n<p style=\"text-align: justify;\">Parmi les chasseurs on notait la pr\u00e9sence de F-16, d&rsquo;Eurofighter Typhoon, mais c&rsquo;est sans doute le Tornado de la Luftwaffe qui a le plus retenu l&rsquo;attention, avion devenu rare depuis son retrait de la RAF l&rsquo;an dernier et dont les ann\u00e9es sont d\u00e9sormais compt\u00e9es.<\/p>\n<div id=\"attachment_6502\" style=\"width: 594px\" class=\"wp-caption alignnone\"><a href=\"http:\/\/www.marsaly.fr\/fred\/wp-content\/uploads\/2019\/07\/DSC_6871.jpg\"><img aria-describedby=\"caption-attachment-6502\" decoding=\"async\" loading=\"lazy\" class=\"wp-image-6502 size-large\" src=\"http:\/\/www.marsaly.fr\/fred\/wp-content\/uploads\/2019\/07\/DSC_6871-1024x493.jpg\" alt=\"\" width=\"584\" height=\"281\" srcset=\"http:\/\/www.marsaly.fr\/fred\/wp-content\/uploads\/2019\/07\/DSC_6871.jpg 1024w, http:\/\/www.marsaly.fr\/fred\/wp-content\/uploads\/2019\/07\/DSC_6871-300x144.jpg 300w, http:\/\/www.marsaly.fr\/fred\/wp-content\/uploads\/2019\/07\/DSC_6871-768x370.jpg 768w, http:\/\/www.marsaly.fr\/fred\/wp-content\/uploads\/2019\/07\/DSC_6871-500x241.jpg 500w\" sizes=\"(max-width: 584px) 100vw, 584px\" \/><\/a><p id=\"caption-attachment-6502\" class=\"wp-caption-text\">Rafale, F-16 n\u00e9erlandais et Tornado allemand.<\/p><\/div>\n<p style=\"text-align: justify;\">Parmi les avions de transport Casa portugais et C-130 espagnol ont donn\u00e9 un accent ib\u00e9rique marqu\u00e9 aux formations de transport, puisque, ne l&rsquo;oublions pas, les A400M sont construits \u00e0 S\u00e9ville.<\/p>\n<div id=\"attachment_6503\" style=\"width: 594px\" class=\"wp-caption alignnone\"><a href=\"http:\/\/www.marsaly.fr\/fred\/wp-content\/uploads\/2019\/07\/DSC_7001.jpg\"><img aria-describedby=\"caption-attachment-6503\" decoding=\"async\" loading=\"lazy\" class=\"wp-image-6503 size-large\" src=\"http:\/\/www.marsaly.fr\/fred\/wp-content\/uploads\/2019\/07\/DSC_7001-1024x478.jpg\" alt=\"\" width=\"584\" height=\"273\" srcset=\"http:\/\/www.marsaly.fr\/fred\/wp-content\/uploads\/2019\/07\/DSC_7001.jpg 1024w, http:\/\/www.marsaly.fr\/fred\/wp-content\/uploads\/2019\/07\/DSC_7001-300x140.jpg 300w, http:\/\/www.marsaly.fr\/fred\/wp-content\/uploads\/2019\/07\/DSC_7001-768x359.jpg 768w, http:\/\/www.marsaly.fr\/fred\/wp-content\/uploads\/2019\/07\/DSC_7001-500x233.jpg 500w\" sizes=\"(max-width: 584px) 100vw, 584px\" \/><\/a><p id=\"caption-attachment-6503\" class=\"wp-caption-text\">Deux transporteurs fran\u00e7ais escort\u00e9s par un Casa de l&rsquo;aviation portugaise.<\/p><\/div>\n<div id=\"attachment_6504\" style=\"width: 594px\" class=\"wp-caption alignnone\"><a href=\"http:\/\/www.marsaly.fr\/fred\/wp-content\/uploads\/2019\/07\/DSC_7023.jpg\"><img aria-describedby=\"caption-attachment-6504\" decoding=\"async\" loading=\"lazy\" class=\"wp-image-6504 size-large\" src=\"http:\/\/www.marsaly.fr\/fred\/wp-content\/uploads\/2019\/07\/DSC_7023-1024x509.jpg\" alt=\"\" width=\"584\" height=\"290\" srcset=\"http:\/\/www.marsaly.fr\/fred\/wp-content\/uploads\/2019\/07\/DSC_7023.jpg 1024w, http:\/\/www.marsaly.fr\/fred\/wp-content\/uploads\/2019\/07\/DSC_7023-300x149.jpg 300w, http:\/\/www.marsaly.fr\/fred\/wp-content\/uploads\/2019\/07\/DSC_7023-768x382.jpg 768w, http:\/\/www.marsaly.fr\/fred\/wp-content\/uploads\/2019\/07\/DSC_7023-500x249.jpg 500w\" sizes=\"(max-width: 584px) 100vw, 584px\" \/><\/a><p id=\"caption-attachment-6504\" class=\"wp-caption-text\">A400M germanique, C-130J fran\u00e7ais et C-130H espagnol.<\/p><\/div>\n<p>Mais l&rsquo;aviation fran\u00e7aise n&rsquo;\u00e9tait pas en reste avec \u00e9videmment la pr\u00e9sence de l&rsquo;A330 MRTT Ph\u00e9nix d\u00e9sormais entr\u00e9 en service. Mais c&rsquo;est sans doute le Fokker 100 banc d&rsquo;essais volant de la DGA qui a \u00e9t\u00e9 le plus surprenant.<\/p>\n<div id=\"attachment_6505\" style=\"width: 594px\" class=\"wp-caption alignnone\"><a href=\"http:\/\/www.marsaly.fr\/fred\/wp-content\/uploads\/2019\/07\/DSC_6936.jpg\"><img aria-describedby=\"caption-attachment-6505\" decoding=\"async\" loading=\"lazy\" class=\"wp-image-6505 size-large\" src=\"http:\/\/www.marsaly.fr\/fred\/wp-content\/uploads\/2019\/07\/DSC_6936-1024x524.jpg\" alt=\"\" width=\"584\" height=\"299\" srcset=\"http:\/\/www.marsaly.fr\/fred\/wp-content\/uploads\/2019\/07\/DSC_6936.jpg 1024w, http:\/\/www.marsaly.fr\/fred\/wp-content\/uploads\/2019\/07\/DSC_6936-300x154.jpg 300w, http:\/\/www.marsaly.fr\/fred\/wp-content\/uploads\/2019\/07\/DSC_6936-768x393.jpg 768w, http:\/\/www.marsaly.fr\/fred\/wp-content\/uploads\/2019\/07\/DSC_6936-500x256.jpg 500w\" sizes=\"(max-width: 584px) 100vw, 584px\" \/><\/a><p id=\"caption-attachment-6505\" class=\"wp-caption-text\">Le Fokker 100 ABE, Avion Banc d&rsquo;Essais de DGA Essais en vol, habituellement bas\u00e9 dans le sud-ouest, il avait particip\u00e9 au Salon du <a href=\"http:\/\/www.marsaly.fr\/fred\/bourget-2015-quelques-arrivees\/\">Bourget 2015<\/a>.<\/p><\/div>\n<p style=\"text-align: justify;\">N\u00e9anmoins, on ne peut pas passer sous silence la pr\u00e9sence, deux jours apr\u00e8s son inauguration officielle et moins d&rsquo;un mois apr\u00e8s son arriv\u00e9e sur le sol fran\u00e7ais du nouveau Dash 8 de la S\u00e9curit\u00e9 Civile, le<a href=\"http:\/\/www.marsaly.fr\/fred\/milan-75-se-devoile\/\"> Milan 75<\/a> accompagn\u00e9 par le premier livr\u00e9 en 2005 et un Canadair.<\/p>\n<div id=\"attachment_6506\" style=\"width: 594px\" class=\"wp-caption alignnone\"><a href=\"http:\/\/www.marsaly.fr\/fred\/wp-content\/uploads\/2019\/07\/DSC_7091-F.-Marsaly.jpg\"><img aria-describedby=\"caption-attachment-6506\" decoding=\"async\" loading=\"lazy\" class=\"wp-image-6506 size-large\" src=\"http:\/\/www.marsaly.fr\/fred\/wp-content\/uploads\/2019\/07\/DSC_7091-F.-Marsaly-1024x614.jpg\" alt=\"\" width=\"584\" height=\"350\" srcset=\"http:\/\/www.marsaly.fr\/fred\/wp-content\/uploads\/2019\/07\/DSC_7091-F.-Marsaly.jpg 1024w, http:\/\/www.marsaly.fr\/fred\/wp-content\/uploads\/2019\/07\/DSC_7091-F.-Marsaly-300x180.jpg 300w, http:\/\/www.marsaly.fr\/fred\/wp-content\/uploads\/2019\/07\/DSC_7091-F.-Marsaly-768x461.jpg 768w, http:\/\/www.marsaly.fr\/fred\/wp-content\/uploads\/2019\/07\/DSC_7091-F.-Marsaly-500x300.jpg 500w\" sizes=\"(max-width: 584px) 100vw, 584px\" \/><\/a><p id=\"caption-attachment-6506\" class=\"wp-caption-text\">Pr\u00e9sence en force de la S\u00e9curit\u00e9 Civile fran\u00e7aise. La fin des Tracker se pr\u00e9cise \u00e9galement.<\/p><\/div>\n<p style=\"text-align: justify;\">Mais il faut reconna\u00eetre que la discr\u00e8te pr\u00e9sence d&rsquo;un Transall Gabriel, avions sp\u00e9cialis\u00e9 dans la guerre \u00e9lectronique et aux missions largement couvertes par le Secret D\u00e9fense \u00e9tait un \u00e9v\u00e8nement consid\u00e9rable tant ces appareils sont rarement mis en avant par l&rsquo;arm\u00e9e de l&rsquo;Air. Avec le retrait progressif des Transall, la succession de ces appareils est aussi un gros dossier pour les \u00e9tats-majors.<\/p>\n<div id=\"attachment_6507\" style=\"width: 594px\" class=\"wp-caption alignnone\"><a href=\"http:\/\/www.marsaly.fr\/fred\/wp-content\/uploads\/2019\/07\/DSC_7048.jpg\"><img aria-describedby=\"caption-attachment-6507\" decoding=\"async\" loading=\"lazy\" class=\"wp-image-6507 size-large\" src=\"http:\/\/www.marsaly.fr\/fred\/wp-content\/uploads\/2019\/07\/DSC_7048-1024x544.jpg\" alt=\"\" width=\"584\" height=\"310\" srcset=\"http:\/\/www.marsaly.fr\/fred\/wp-content\/uploads\/2019\/07\/DSC_7048.jpg 1024w, http:\/\/www.marsaly.fr\/fred\/wp-content\/uploads\/2019\/07\/DSC_7048-300x159.jpg 300w, http:\/\/www.marsaly.fr\/fred\/wp-content\/uploads\/2019\/07\/DSC_7048-768x408.jpg 768w, http:\/\/www.marsaly.fr\/fred\/wp-content\/uploads\/2019\/07\/DSC_7048-500x266.jpg 500w\" sizes=\"(max-width: 584px) 100vw, 584px\" \/><\/a><p id=\"caption-attachment-6507\" class=\"wp-caption-text\">Un C-160G Gabriel dont les multiples antennes ne peuvent masquer la fonction. Un avion discret, forc\u00e9ment.<\/p><\/div>\n<p style=\"text-align: justify;\">Si les d\u00e9fil\u00e9 apportent leur nouveaut\u00e9, ils sont aussi l&rsquo;occasion de dire au-revoir aux appareils qui vont quitter le service. Ainsi, alors que leurs successeurs, les tr\u00e8s performants PC-21 proc\u00e9daient \u00e0 leur premi\u00e8re d\u00e9monstration de pr\u00e9sence parisienne, trois TB-30 Epsilon ont effectu\u00e9 l&rsquo;ultime d\u00e9fil\u00e9 de ce type d&rsquo;avion pour l&rsquo;arm\u00e9e de l&rsquo;Air puisque les derniers exemplaires vont quitter le service en septembre prochain.<\/p>\n<div id=\"attachment_6508\" style=\"width: 594px\" class=\"wp-caption alignnone\"><a href=\"http:\/\/www.marsaly.fr\/fred\/wp-content\/uploads\/2019\/07\/DSC_6968.jpg\"><img aria-describedby=\"caption-attachment-6508\" decoding=\"async\" loading=\"lazy\" class=\"wp-image-6508 size-large\" src=\"http:\/\/www.marsaly.fr\/fred\/wp-content\/uploads\/2019\/07\/DSC_6968-1024x543.jpg\" alt=\"\" width=\"584\" height=\"310\" srcset=\"http:\/\/www.marsaly.fr\/fred\/wp-content\/uploads\/2019\/07\/DSC_6968.jpg 1024w, http:\/\/www.marsaly.fr\/fred\/wp-content\/uploads\/2019\/07\/DSC_6968-300x159.jpg 300w, http:\/\/www.marsaly.fr\/fred\/wp-content\/uploads\/2019\/07\/DSC_6968-768x407.jpg 768w, http:\/\/www.marsaly.fr\/fred\/wp-content\/uploads\/2019\/07\/DSC_6968-500x265.jpg 500w\" sizes=\"(max-width: 584px) 100vw, 584px\" \/><\/a><p id=\"caption-attachment-6508\" class=\"wp-caption-text\">Alpha Jet et PC-21, un bon r\u00e9sum\u00e9 de la formation des pilotes de chasse fran\u00e7ais pour les ann\u00e9es \u00e0 venir.<\/p><\/div>\n<div id=\"attachment_6509\" style=\"width: 594px\" class=\"wp-caption alignnone\"><a href=\"http:\/\/www.marsaly.fr\/fred\/wp-content\/uploads\/2019\/07\/DSC_6973.jpg\"><img aria-describedby=\"caption-attachment-6509\" decoding=\"async\" loading=\"lazy\" class=\"wp-image-6509 size-large\" src=\"http:\/\/www.marsaly.fr\/fred\/wp-content\/uploads\/2019\/07\/DSC_6973-1024x594.jpg\" alt=\"\" width=\"584\" height=\"339\" srcset=\"http:\/\/www.marsaly.fr\/fred\/wp-content\/uploads\/2019\/07\/DSC_6973.jpg 1024w, http:\/\/www.marsaly.fr\/fred\/wp-content\/uploads\/2019\/07\/DSC_6973-300x174.jpg 300w, http:\/\/www.marsaly.fr\/fred\/wp-content\/uploads\/2019\/07\/DSC_6973-768x446.jpg 768w, http:\/\/www.marsaly.fr\/fred\/wp-content\/uploads\/2019\/07\/DSC_6973-500x290.jpg 500w\" sizes=\"(max-width: 584px) 100vw, 584px\" \/><\/a><p id=\"caption-attachment-6509\" class=\"wp-caption-text\">Photographi\u00e9s d&rsquo;un peu loin, (ils ont int\u00e9gr\u00e9 l&rsquo;axe du d\u00e9fil\u00e9 tr\u00e8s tardivement), les trois TB-30, on note un bel effort pour les d\u00e9corations, survolent une derni\u00e8re fois Paris.<\/p><\/div>\n<p style=\"text-align: justify;\">N\u00e9anmoins, ce n&rsquo;est qu&rsquo;un au-revoir car de nombreux appareils de ce type ont d\u00e9j\u00e0 rejoint le monde civil et on devrait en revoir voler pendant longtemps.<\/p>\n<p style=\"text-align: justify;\">De vie civile, il n&rsquo;en est gu\u00e8re question pour le Lynx, h\u00e9licopt\u00e8re anglo-fran\u00e7ais embarqu\u00e9 de lutte anti-sous marine dont le retrait a \u00e9t\u00e9 acc\u00e9l\u00e9r\u00e9 et dont la succession est assur\u00e9e par les NH90 ; ces appareils, entr\u00e9s en service dans les ann\u00e9es 80 n&rsquo;ont encore que quelques petits mois \u00e0 voler.<\/p>\n<div id=\"attachment_6510\" style=\"width: 594px\" class=\"wp-caption alignnone\"><a href=\"http:\/\/www.marsaly.fr\/fred\/wp-content\/uploads\/2019\/07\/DSC_7194.jpg\"><img aria-describedby=\"caption-attachment-6510\" decoding=\"async\" loading=\"lazy\" class=\"wp-image-6510 size-large\" src=\"http:\/\/www.marsaly.fr\/fred\/wp-content\/uploads\/2019\/07\/DSC_7194-1024x436.jpg\" alt=\"\" width=\"584\" height=\"249\" srcset=\"http:\/\/www.marsaly.fr\/fred\/wp-content\/uploads\/2019\/07\/DSC_7194.jpg 1024w, http:\/\/www.marsaly.fr\/fred\/wp-content\/uploads\/2019\/07\/DSC_7194-300x128.jpg 300w, http:\/\/www.marsaly.fr\/fred\/wp-content\/uploads\/2019\/07\/DSC_7194-768x327.jpg 768w, http:\/\/www.marsaly.fr\/fred\/wp-content\/uploads\/2019\/07\/DSC_7194-500x213.jpg 500w\" sizes=\"(max-width: 584px) 100vw, 584px\" \/><\/a><p id=\"caption-attachment-6510\" class=\"wp-caption-text\">Dans l&rsquo;ordre de passage, un NH90 Ca\u00efman, deux Lynx et deux Dauphin. Les Lynx \u00e9taient l\u00e0 \u00e0 deux titres, la c\u00e9l\u00e9bration de leurs 40 ans de service et leur adieux aux armes programm\u00e9 pour le printemps prochain.<\/p><\/div>\n<p style=\"text-align: justify;\">Comme c&rsquo;est redevenu <a href=\"http:\/\/www.marsaly.fr\/fred\/un-14-juillet-pour-lhistoire\/\">l&rsquo;habitude l&rsquo;an dernier<\/a>, dans l&rsquo;apr\u00e8s-midi, l&rsquo;esplanade des Invalides a de nouveau accueilli des v\u00e9hicules militaires, un planeur et m\u00eame un Mirage 2000 pour le tr\u00e8s grand plaisir de tr\u00e8s nombreux visiteurs, souvent venus en famille.<\/p>\n<div id=\"attachment_6512\" style=\"width: 594px\" class=\"wp-caption alignnone\"><a href=\"http:\/\/www.marsaly.fr\/fred\/wp-content\/uploads\/2019\/07\/Mirage-2000-0.jpg\"><img aria-describedby=\"caption-attachment-6512\" decoding=\"async\" loading=\"lazy\" class=\"wp-image-6512 size-large\" src=\"http:\/\/www.marsaly.fr\/fred\/wp-content\/uploads\/2019\/07\/Mirage-2000-0-1024x678.jpg\" alt=\"\" width=\"584\" height=\"387\" srcset=\"http:\/\/www.marsaly.fr\/fred\/wp-content\/uploads\/2019\/07\/Mirage-2000-0.jpg 1024w, http:\/\/www.marsaly.fr\/fred\/wp-content\/uploads\/2019\/07\/Mirage-2000-0-300x199.jpg 300w, http:\/\/www.marsaly.fr\/fred\/wp-content\/uploads\/2019\/07\/Mirage-2000-0-768x509.jpg 768w, http:\/\/www.marsaly.fr\/fred\/wp-content\/uploads\/2019\/07\/Mirage-2000-0-453x300.jpg 453w\" sizes=\"(max-width: 584px) 100vw, 584px\" \/><\/a><p id=\"caption-attachment-6512\" class=\"wp-caption-text\">Le Mirage 2000 num\u00e9ro 03 est un des prototype de l&rsquo;avion, reconnaissable \u00e0 sa d\u00e9rive \u00e9troite. Il a vol\u00e9 pour la premi\u00e8re fois en 1979, il y a 40 ans et sert d\u00e9sormais d&rsquo;attraction publique mobile.<\/p><\/div>\n<p style=\"text-align: justify;\">En d\u00e9pit d&rsquo;un contexte s\u00e9curitaire toujours un peu tendu, c&rsquo;\u00e9tait l&rsquo;occasion d&rsquo;approcher les hommes et les machines qui assurent la d\u00e9fense de notre pays, de plus pr\u00e8s que lors de leur rapide passage en fin de m\u00e2tin\u00e9e.<\/p>\n<div id=\"attachment_6513\" style=\"width: 594px\" class=\"wp-caption alignnone\"><a href=\"http:\/\/www.marsaly.fr\/fred\/wp-content\/uploads\/2019\/07\/DSC_7279.jpg\"><img aria-describedby=\"caption-attachment-6513\" decoding=\"async\" loading=\"lazy\" class=\"wp-image-6513 size-large\" src=\"http:\/\/www.marsaly.fr\/fred\/wp-content\/uploads\/2019\/07\/DSC_7279-1024x614.jpg\" alt=\"\" width=\"584\" height=\"350\" srcset=\"http:\/\/www.marsaly.fr\/fred\/wp-content\/uploads\/2019\/07\/DSC_7279.jpg 1024w, http:\/\/www.marsaly.fr\/fred\/wp-content\/uploads\/2019\/07\/DSC_7279-300x180.jpg 300w, http:\/\/www.marsaly.fr\/fred\/wp-content\/uploads\/2019\/07\/DSC_7279-768x461.jpg 768w, http:\/\/www.marsaly.fr\/fred\/wp-content\/uploads\/2019\/07\/DSC_7279-500x300.jpg 500w\" sizes=\"(max-width: 584px) 100vw, 584px\" \/><\/a><p id=\"caption-attachment-6513\" class=\"wp-caption-text\">Un des planeurs de l&rsquo;arm\u00e9e de l&rsquo;Air, venu sagement \u00e0 bord de sa remorque.<\/p><\/div>\n<p style=\"text-align: justify;\">Un Cougar et un NH-90 de l&rsquo;ALAT, un Caracal de l&rsquo;arm\u00e9e de l&rsquo;Air, un Dauphin de la Marine et un EC-145 de la Gendarmerie \u00e9taient venus se poser sur l&rsquo;esplanade et pouvaient \u00eatre visit\u00e9s \u00e0 condition d&rsquo;\u00eatre un peu patients tant les files \u00e9taient longues.<\/p>\n<p>Leur d\u00e9part, en toute fin d&rsquo;apr\u00e8s-midi fut encore un grand moment.<\/p>\n<div id=\"attachment_6516\" style=\"width: 594px\" class=\"wp-caption alignnone\"><a href=\"http:\/\/www.marsaly.fr\/fred\/wp-content\/uploads\/2019\/07\/Caracal.jpg\"><img aria-describedby=\"caption-attachment-6516\" decoding=\"async\" loading=\"lazy\" class=\"size-large wp-image-6516\" src=\"http:\/\/www.marsaly.fr\/fred\/wp-content\/uploads\/2019\/07\/Caracal-1024x678.jpg\" alt=\"\" width=\"584\" height=\"387\" srcset=\"http:\/\/www.marsaly.fr\/fred\/wp-content\/uploads\/2019\/07\/Caracal.jpg 1024w, http:\/\/www.marsaly.fr\/fred\/wp-content\/uploads\/2019\/07\/Caracal-300x199.jpg 300w, http:\/\/www.marsaly.fr\/fred\/wp-content\/uploads\/2019\/07\/Caracal-768x509.jpg 768w, http:\/\/www.marsaly.fr\/fred\/wp-content\/uploads\/2019\/07\/Caracal-453x300.jpg 453w\" sizes=\"(max-width: 584px) 100vw, 584px\" \/><\/a><p id=\"caption-attachment-6516\" class=\"wp-caption-text\">Prendre de la vitesse, Caracal&rsquo;style !<\/p><\/div>\n<p style=\"text-align: justify;\">Dommage seulement que le directeur des vols a cru bon de repousser la foule tr\u00e8s tr\u00e8s loin, bien plus loin que les ann\u00e9es pr\u00e9c\u00e9dentes. La s\u00e9curit\u00e9, c&rsquo;est important, mais l\u00e0, c&rsquo;est devenu juste ridicule. Les \u00e9quipages ont encha\u00een\u00e9 les d\u00e9collages tr\u00e8s rapidement. L\u00e0 encore, alors que l&rsquo;apr\u00e8s-midi avait \u00e9t\u00e9 plus d\u00e9gag\u00e9e, les nuages sont venus nous priver de belles images. On en a quand m\u00eame pris plein les yeux.<\/p>\n<div id=\"attachment_6515\" style=\"width: 594px\" class=\"wp-caption alignnone\"><a href=\"http:\/\/www.marsaly.fr\/fred\/wp-content\/uploads\/2019\/07\/breuuuhh-1024.jpg\"><img aria-describedby=\"caption-attachment-6515\" decoding=\"async\" loading=\"lazy\" class=\"wp-image-6515 size-large\" src=\"http:\/\/www.marsaly.fr\/fred\/wp-content\/uploads\/2019\/07\/breuuuhh-1024-1024x481.jpg\" alt=\"\" width=\"584\" height=\"274\" srcset=\"http:\/\/www.marsaly.fr\/fred\/wp-content\/uploads\/2019\/07\/breuuuhh-1024.jpg 1024w, http:\/\/www.marsaly.fr\/fred\/wp-content\/uploads\/2019\/07\/breuuuhh-1024-300x141.jpg 300w, http:\/\/www.marsaly.fr\/fred\/wp-content\/uploads\/2019\/07\/breuuuhh-1024-768x361.jpg 768w, http:\/\/www.marsaly.fr\/fred\/wp-content\/uploads\/2019\/07\/breuuuhh-1024-500x235.jpg 500w\" sizes=\"(max-width: 584px) 100vw, 584px\" \/><\/a><p id=\"caption-attachment-6515\" class=\"wp-caption-text\">En haut de Montparnasse, les vitres qui entourent la terrasse sont bien visibles, un bel endroit pour profiter de Paris.<\/p><\/div>\n<p>Vivement l&rsquo;an prochain !<\/p>\n<p>&nbsp;<\/p>\n","protected":false},"excerpt":{"rendered":"<p>Alors que la France est travers\u00e9e par des vagues de canicules assez exceptionnelles, si on n&rsquo;oublie pas les \u00e9t\u00e9s assez pourris qu&rsquo;on a connu ces derni\u00e8res ann\u00e9es, il a donc fallu que les r\u00e9p\u00e9titions du D\u00e9fil\u00e9 a\u00e9rien et le 14 &hellip; <a href=\"http:\/\/www.marsaly.fr\/fred\/le-defile-aerien-du-14-juillet-2019\/\">Continuer la lecture <span class=\"meta-nav\">&rarr;<\/span><\/a><\/p>\n","protected":false},"author":2,"featured_media":6478,"comment_status":"open","ping_status":"open","sticky":false,"template":"","format":"standard","meta":[],"categories":[4],"tags":[83,331,99,230,332,68],"_links":{"self":[{"href":"http:\/\/www.marsaly.fr\/fred\/wp-json\/wp\/v2\/posts\/6475"}],"collection":[{"href":"http:\/\/www.marsaly.fr\/fred\/wp-json\/wp\/v2\/posts"}],"about":[{"href":"http:\/\/www.marsaly.fr\/fred\/wp-json\/wp\/v2\/types\/post"}],"author":[{"embeddable":true,"href":"http:\/\/www.marsaly.fr\/fred\/wp-json\/wp\/v2\/users\/2"}],"replies":[{"embeddable":true,"href":"http:\/\/www.marsaly.fr\/fred\/wp-json\/wp\/v2\/comments?post=6475"}],"version-history":[{"count":10,"href":"http:\/\/www.marsaly.fr\/fred\/wp-json\/wp\/v2\/posts\/6475\/revisions"}],"predecessor-version":[{"id":8394,"href":"http:\/\/www.marsaly.fr\/fred\/wp-json\/wp\/v2\/posts\/6475\/revisions\/8394"}],"wp:featuredmedia":[{"embeddable":true,"href":"http:\/\/www.marsaly.fr\/fred\/wp-json\/wp\/v2\/media\/6478"}],"wp:attachment":[{"href":"http:\/\/www.marsaly.fr\/fred\/wp-json\/wp\/v2\/media?parent=6475"}],"wp:term":[{"taxonomy":"category","embeddable":true,"href":"http:\/\/www.marsaly.fr\/fred\/wp-json\/wp\/v2\/categories?post=6475"},{"taxonomy":"post_tag","embeddable":true,"href":"http:\/\/www.marsaly.fr\/fred\/wp-json\/wp\/v2\/tags?post=6475"}],"curies":[{"name":"wp","href":"https:\/\/api.w.org\/{rel}","templated":true}]}}