{"id":6060,"date":"2019-02-18T22:02:01","date_gmt":"2019-02-18T21:02:01","guid":{"rendered":"http:\/\/www.marsaly.fr\/fred\/?p=6060"},"modified":"2019-09-28T14:05:15","modified_gmt":"2019-09-28T12:05:15","slug":"a-la-recherche-du-catalina-perdu","status":"publish","type":"post","link":"http:\/\/www.marsaly.fr\/fred\/a-la-recherche-du-catalina-perdu\/","title":{"rendered":"A la recherche du Catalina perdu"},"content":{"rendered":"<p style=\"text-align: justify;\">En 2013, \u00e0 l\u2019occasion <a href=\"http:\/\/www.marsaly.fr\/fred\/retour-sur-les-50-ans-de-la-basc-en-2013\/\">du cinquantenaire de la base de bombardiers d\u2019eau<\/a> de la S\u00e9curit\u00e9 Civile \u00e0 Marignane, un immense Catalina avait \u00e9t\u00e9 offert \u00e0 Claude \u00ab Loulou \u00bb Le Louarn.<\/p>\n<p style=\"text-align: justify;\">\u00ab Loulou \u00bb est un personnage. Il a fait partie des pionniers de la base, m\u00e9canicien navigant, membre de l\u2019\u00e9quipe d\u2019origine, ceux qui ont pos\u00e9 <a href=\"http:\/\/www.marsaly.fr\/fred\/chiffres-et-des-lettres-les-bombardiers-deau-de-la-securite-civile\/\">les deux premiers Catalina bombardiers d\u2019eau fran\u00e7ais \u00e0 Marignane en juin 1963<\/a> ! Toujours bon pied bon \u0153il, Claude continue d\u2019\u00eatre un membre actif de l\u2019Amicale des Pompiers du Ciel et n\u2019a jamais rompu les liens avec son m\u00e9tier et ses successeurs.<\/p>\n<p style=\"text-align: justify;\">Cet imposant objet, \u0153uvre d\u2019Emmanuelle Ramon, \u00e9tait alors expos\u00e9 \u00e0 la Base d&rsquo;Avions de la S\u00e9curit\u00e9 Civile (BASC).<\/p>\n<p style=\"text-align: justify;\">En 2017, la BASC de Marignane a ferm\u00e9 et les avions ont rejoint<a href=\"http:\/\/www.marsaly.fr\/fred\/la-nouvelle-basc-de-nimes-a-ete-inauguree\/\"> leur toute nouvelle base \u00e0 N\u00eemes<\/a> d\u2019o\u00f9 ils op\u00e8rent d\u00e9sormais.<\/p>\n<p style=\"text-align: justify;\">Pour \u00e9viter tout probl\u00e8me pendant la p\u00e9riode du d\u00e9m\u00e9nagement, Claude a confi\u00e9 provisoirement le Catalina au Mus\u00e9e municipal de Marignane.<\/p>\n<div id=\"attachment_6125\" style=\"width: 594px\" class=\"wp-caption alignnone\"><a href=\"http:\/\/www.marsaly.fr\/fred\/wp-content\/uploads\/2019\/02\/Loulou-et-sa-maquette.jpg\"><img aria-describedby=\"caption-attachment-6125\" decoding=\"async\" loading=\"lazy\" class=\"wp-image-6125 size-large\" src=\"http:\/\/www.marsaly.fr\/fred\/wp-content\/uploads\/2019\/02\/Loulou-et-sa-maquette-1024x694.jpg\" alt=\"\" width=\"584\" height=\"396\" srcset=\"http:\/\/www.marsaly.fr\/fred\/wp-content\/uploads\/2019\/02\/Loulou-et-sa-maquette.jpg 1024w, http:\/\/www.marsaly.fr\/fred\/wp-content\/uploads\/2019\/02\/Loulou-et-sa-maquette-300x203.jpg 300w, http:\/\/www.marsaly.fr\/fred\/wp-content\/uploads\/2019\/02\/Loulou-et-sa-maquette-768x521.jpg 768w, http:\/\/www.marsaly.fr\/fred\/wp-content\/uploads\/2019\/02\/Loulou-et-sa-maquette-443x300.jpg 443w\" sizes=\"(max-width: 584px) 100vw, 584px\" \/><\/a><p id=\"caption-attachment-6125\" class=\"wp-caption-text\">\u00ab\u00a0Loulou\u00a0\u00bb pose en compagnie de la maquette d\u00e9sormais manquante le 1er juin 2013, \u00e0 Marignane, lors des c\u00e9l\u00e9brations du cinquantenaire des bombardiers d&rsquo;eau fran\u00e7ais.<\/p><\/div>\n<p style=\"text-align: justify;\">Il y a quelques semaines, au moment de rapatrier l\u2019appareil vers N\u00eemes o\u00f9 un emplacement a \u00e9t\u00e9 pr\u00e9vu pour son exposition, impossible de remettre la main dessus. Pourtant, avec 1,70 m d&rsquo;envergure, l\u2019objet n\u2019\u00e9tait pas vraiment un \u00ab porte-cl\u00e9 \u00bb qu\u2019il est facile d\u2019\u00e9garer !<\/p>\n<p style=\"text-align: justify;\">Claude a donc lanc\u00e9 un appel \u00e0 l\u2019aide pour retrouver ce cadeau. Il semblerait que l\u2019objet ait \u00e9t\u00e9 r\u00e9cup\u00e9r\u00e9 par un particulier sans doute ignorant que cette imposante maquette n\u2019\u00e9tait ni sans propri\u00e9taire ni abandonn\u00e9e.<\/p>\n<p style=\"text-align: justify;\">Si l\u2019int\u00e9ress\u00e9 lit ce message, qu\u2019il sache qu\u2019il n\u2019est pas trop tard pour ramener l\u2019objet au Mus\u00e9e ou \u00e0 la base de N\u00eemes afin qu\u2019il puisse reprendre la place qui est la sienne, au milieu des souvenirs des bombardiers d\u2019eau fran\u00e7ais.<\/p>\n<p>&nbsp;<\/p>\n","protected":false},"excerpt":{"rendered":"<p>En 2013, \u00e0 l\u2019occasion du cinquantenaire de la base de bombardiers d\u2019eau de la S\u00e9curit\u00e9 Civile \u00e0 Marignane, un immense Catalina avait \u00e9t\u00e9 offert \u00e0 Claude \u00ab Loulou \u00bb Le Louarn. \u00ab Loulou \u00bb est un personnage. Il a fait &hellip; <a href=\"http:\/\/www.marsaly.fr\/fred\/a-la-recherche-du-catalina-perdu\/\">Continuer la lecture <span class=\"meta-nav\">&rarr;<\/span><\/a><\/p>\n","protected":false},"author":2,"featured_media":6127,"comment_status":"open","ping_status":"open","sticky":false,"template":"","format":"standard","meta":[],"categories":[3],"tags":[87,46,68],"_links":{"self":[{"href":"http:\/\/www.marsaly.fr\/fred\/wp-json\/wp\/v2\/posts\/6060"}],"collection":[{"href":"http:\/\/www.marsaly.fr\/fred\/wp-json\/wp\/v2\/posts"}],"about":[{"href":"http:\/\/www.marsaly.fr\/fred\/wp-json\/wp\/v2\/types\/post"}],"author":[{"embeddable":true,"href":"http:\/\/www.marsaly.fr\/fred\/wp-json\/wp\/v2\/users\/2"}],"replies":[{"embeddable":true,"href":"http:\/\/www.marsaly.fr\/fred\/wp-json\/wp\/v2\/comments?post=6060"}],"version-history":[{"count":3,"href":"http:\/\/www.marsaly.fr\/fred\/wp-json\/wp\/v2\/posts\/6060\/revisions"}],"predecessor-version":[{"id":6200,"href":"http:\/\/www.marsaly.fr\/fred\/wp-json\/wp\/v2\/posts\/6060\/revisions\/6200"}],"wp:featuredmedia":[{"embeddable":true,"href":"http:\/\/www.marsaly.fr\/fred\/wp-json\/wp\/v2\/media\/6127"}],"wp:attachment":[{"href":"http:\/\/www.marsaly.fr\/fred\/wp-json\/wp\/v2\/media?parent=6060"}],"wp:term":[{"taxonomy":"category","embeddable":true,"href":"http:\/\/www.marsaly.fr\/fred\/wp-json\/wp\/v2\/categories?post=6060"},{"taxonomy":"post_tag","embeddable":true,"href":"http:\/\/www.marsaly.fr\/fred\/wp-json\/wp\/v2\/tags?post=6060"}],"curies":[{"name":"wp","href":"https:\/\/api.w.org\/{rel}","templated":true}]}}