{"id":588,"date":"2015-08-24T14:51:00","date_gmt":"2015-08-24T12:51:00","guid":{"rendered":"http:\/\/www.marsaly.fr\/fred\/?p=588"},"modified":"2016-03-05T11:28:06","modified_gmt":"2016-03-05T10:28:06","slug":"en-bord-de-pistes-a-vannes","status":"publish","type":"post","link":"http:\/\/www.marsaly.fr\/fred\/en-bord-de-pistes-a-vannes\/","title":{"rendered":"En bord de pistes \u00e0 Vannes"},"content":{"rendered":"<p style=\"text-align: justify;\">De passage \u00e0 Vannes-Meucon il y a quelques jours, j&rsquo;ai \u00e9t\u00e9 frapp\u00e9 par une activit\u00e9 a\u00e9rienne un peu plus dense qu&rsquo;\u00e0 l&rsquo;habitude. Un grand nombre d&rsquo;avions l\u00e9gers, de types tr\u00e8s vari\u00e9s, \u00e9taient gar\u00e9s de l&rsquo;autre c\u00f4t\u00e9 du taxi way, sur la pelouse. Lorsque les \u00e9quipages sont arriv\u00e9s depuis la ville \u00e0 bord de cars, il ne faisait plus de doute que ce rassemblement ne devait rien au hasard. Les appareils ont pris l&rsquo;air un par un, \u00e0 un rythme assez lent dict\u00e9 par l&rsquo;absence de taxi-way et l&rsquo;obligation de remonter la piste pour d\u00e9coller en 22. Plus d&rsquo;une vingtaine d&rsquo;appareils se sont donc envol\u00e9s alors que les locaux, ULM et DR400, utilisaient la piste en herbe 08-26, g\u00e9n\u00e9ralement utilis\u00e9e par le Pilatus du Paraclub qui avait alors cess\u00e9 ses rotations.<\/p>\n<p style=\"text-align: justify;\">Les in\u00e9vitables Robin DR400 \u00e9taient tr\u00e8s bien repr\u00e9sent\u00e9s mais on a not\u00e9 la pr\u00e9sence aussi de Diamond DA40, d&rsquo;un Lionceau, de plusieurs Piper et Cessna dont un tr\u00e8s \u00e9l\u00e9gant 177RG, d&rsquo;un MCR 01 et d&rsquo;un R2160 mais c&rsquo;est un tr\u00e8s rare Ryan Navion immatricul\u00e9 en France qui a constitu\u00e9 la principale attraction, accompagn\u00e9 par un tr\u00e8s beau Piel Super Diamant. Il y a toujours des choses int\u00e9ressantes \u00e0 voir sur un a\u00e9rodrome en fait !<\/p>\n<div id=\"attachment_592\" style=\"width: 594px\" class=\"wp-caption alignnone\"><a href=\"http:\/\/www.marsaly.fr\/fred\/wp-content\/uploads\/2015\/08\/DR400.jpg\"><img aria-describedby=\"caption-attachment-592\" decoding=\"async\" loading=\"lazy\" class=\"wp-image-592 size-large\" src=\"http:\/\/www.marsaly.fr\/fred\/wp-content\/uploads\/2015\/08\/DR400-1024x478.jpg\" alt=\"DR400\" width=\"584\" height=\"273\" srcset=\"http:\/\/www.marsaly.fr\/fred\/wp-content\/uploads\/2015\/08\/DR400.jpg 1024w, http:\/\/www.marsaly.fr\/fred\/wp-content\/uploads\/2015\/08\/DR400-300x140.jpg 300w, http:\/\/www.marsaly.fr\/fred\/wp-content\/uploads\/2015\/08\/DR400-500x233.jpg 500w\" sizes=\"(max-width: 584px) 100vw, 584px\" \/><\/a><p id=\"caption-attachment-592\" class=\"wp-caption-text\">Le Robin DR-400-180 de l&rsquo;a\u00e9roclub Union A\u00e9rienne Lille Roubaix Tourcoing bas\u00e9 \u00e0 Lille-Bondues a re\u00e7u une nouvelle d\u00e9coration en 2014. Elle est particuli\u00e8rement \u00e9l\u00e9gante et r\u00e9ussie.<\/p><\/div>\n<div id=\"attachment_591\" style=\"width: 594px\" class=\"wp-caption alignnone\"><a href=\"http:\/\/www.marsaly.fr\/fred\/wp-content\/uploads\/2015\/08\/C182RG-LFRV.jpg\"><img aria-describedby=\"caption-attachment-591\" decoding=\"async\" loading=\"lazy\" class=\"wp-image-591 size-large\" src=\"http:\/\/www.marsaly.fr\/fred\/wp-content\/uploads\/2015\/08\/C182RG-LFRV-1024x651.jpg\" alt=\"C182RG LFRV\" width=\"584\" height=\"371\" srcset=\"http:\/\/www.marsaly.fr\/fred\/wp-content\/uploads\/2015\/08\/C182RG-LFRV.jpg 1024w, http:\/\/www.marsaly.fr\/fred\/wp-content\/uploads\/2015\/08\/C182RG-LFRV-300x191.jpg 300w, http:\/\/www.marsaly.fr\/fred\/wp-content\/uploads\/2015\/08\/C182RG-LFRV-472x300.jpg 472w\" sizes=\"(max-width: 584px) 100vw, 584px\" \/><\/a><p id=\"caption-attachment-591\" class=\"wp-caption-text\">Ce tr\u00e8s joli Cessna 182RG construit par Reims Aviation appartient \u00e0 l&rsquo;A\u00e9roclub Air France Nord et bas\u00e9 au Plessis-Belleville.<\/p><\/div>\n<div id=\"attachment_590\" style=\"width: 594px\" class=\"wp-caption alignnone\"><a href=\"http:\/\/www.marsaly.fr\/fred\/wp-content\/uploads\/2015\/08\/C177RG-LFRV-2015.jpg\"><img aria-describedby=\"caption-attachment-590\" decoding=\"async\" loading=\"lazy\" class=\"wp-image-590 size-large\" src=\"http:\/\/www.marsaly.fr\/fred\/wp-content\/uploads\/2015\/08\/C177RG-LFRV-2015-1024x529.jpg\" alt=\"C177RG LFRV 2015\" width=\"584\" height=\"302\" srcset=\"http:\/\/www.marsaly.fr\/fred\/wp-content\/uploads\/2015\/08\/C177RG-LFRV-2015.jpg 1024w, http:\/\/www.marsaly.fr\/fred\/wp-content\/uploads\/2015\/08\/C177RG-LFRV-2015-300x155.jpg 300w, http:\/\/www.marsaly.fr\/fred\/wp-content\/uploads\/2015\/08\/C177RG-LFRV-2015-500x258.jpg 500w\" sizes=\"(max-width: 584px) 100vw, 584px\" \/><\/a><p id=\"caption-attachment-590\" class=\"wp-caption-text\">Le Cessna 177 est un appareil particuli\u00e8rement joli. Celui-ci, \u00e9galement produit en France par Reims Aviation, est un avion priv\u00e9.<\/p><\/div>\n<div id=\"attachment_602\" style=\"width: 594px\" class=\"wp-caption alignnone\"><a href=\"http:\/\/www.marsaly.fr\/fred\/wp-content\/uploads\/2015\/08\/Robin-2160.jpg\"><img aria-describedby=\"caption-attachment-602\" decoding=\"async\" loading=\"lazy\" class=\"wp-image-602 size-large\" src=\"http:\/\/www.marsaly.fr\/fred\/wp-content\/uploads\/2015\/08\/Robin-2160-1024x660.jpg\" alt=\"Robin 2160\" width=\"584\" height=\"376\" srcset=\"http:\/\/www.marsaly.fr\/fred\/wp-content\/uploads\/2015\/08\/Robin-2160.jpg 1024w, http:\/\/www.marsaly.fr\/fred\/wp-content\/uploads\/2015\/08\/Robin-2160-300x193.jpg 300w, http:\/\/www.marsaly.fr\/fred\/wp-content\/uploads\/2015\/08\/Robin-2160-465x300.jpg 465w\" sizes=\"(max-width: 584px) 100vw, 584px\" \/><\/a><p id=\"caption-attachment-602\" class=\"wp-caption-text\">Avec un Robin R2160, il est possible de faire de l&rsquo;instruction, de voyager et m\u00eame de faire de la voltige a\u00e9rienne. Bel exemple de polyvalence.<\/p><\/div>\n<div id=\"attachment_595\" style=\"width: 594px\" class=\"wp-caption alignnone\"><a href=\"http:\/\/www.marsaly.fr\/fred\/wp-content\/uploads\/2015\/08\/Super-Diamant-2.jpg\"><img aria-describedby=\"caption-attachment-595\" decoding=\"async\" loading=\"lazy\" class=\"wp-image-595 size-large\" src=\"http:\/\/www.marsaly.fr\/fred\/wp-content\/uploads\/2015\/08\/Super-Diamant-2-1024x591.jpg\" alt=\"Super Diamant 2\" width=\"584\" height=\"337\" srcset=\"http:\/\/www.marsaly.fr\/fred\/wp-content\/uploads\/2015\/08\/Super-Diamant-2.jpg 1024w, http:\/\/www.marsaly.fr\/fred\/wp-content\/uploads\/2015\/08\/Super-Diamant-2-300x173.jpg 300w, http:\/\/www.marsaly.fr\/fred\/wp-content\/uploads\/2015\/08\/Super-Diamant-2-500x289.jpg 500w\" sizes=\"(max-width: 584px) 100vw, 584px\" \/><\/a><p id=\"caption-attachment-595\" class=\"wp-caption-text\">Sur un c\u00e9l\u00e8bre site humoristique, cette photo pourrait \u00eatre l\u00e9gend\u00e9e ainsi : \u00ab\u00a0Mes amis volent sur Robin DR400 tandis que moi je vole sur un Piel Super Diamant, VDM\u00a0\u00bb&#8230; Mais \u00e7a ne serait vraiment pas cr\u00e9dible ! (Ou on pourra toujours cliquer sur \u00ab\u00a0Tu l&rsquo;as bien m\u00e9rit\u00e9 !\u00a0\u00bb)<\/p><\/div>\n<div id=\"attachment_596\" style=\"width: 594px\" class=\"wp-caption alignnone\"><a href=\"http:\/\/www.marsaly.fr\/fred\/wp-content\/uploads\/2015\/08\/Super-Diamant.jpg\"><img aria-describedby=\"caption-attachment-596\" decoding=\"async\" loading=\"lazy\" class=\"wp-image-596 size-large\" src=\"http:\/\/www.marsaly.fr\/fred\/wp-content\/uploads\/2015\/08\/Super-Diamant-1024x668.jpg\" alt=\"Super Diamant\" width=\"584\" height=\"381\" srcset=\"http:\/\/www.marsaly.fr\/fred\/wp-content\/uploads\/2015\/08\/Super-Diamant.jpg 1024w, http:\/\/www.marsaly.fr\/fred\/wp-content\/uploads\/2015\/08\/Super-Diamant-300x196.jpg 300w, http:\/\/www.marsaly.fr\/fred\/wp-content\/uploads\/2015\/08\/Super-Diamant-460x300.jpg 460w\" sizes=\"(max-width: 584px) 100vw, 584px\" \/><\/a><p id=\"caption-attachment-596\" class=\"wp-caption-text\">Le CP615 Super Diamant F-PVDM est un appareil de construction amateur. Une belle machine de voyage, ind\u00e9niablement.<\/p><\/div>\n<div id=\"attachment_593\" style=\"width: 594px\" class=\"wp-caption alignnone\"><a href=\"http:\/\/www.marsaly.fr\/fred\/wp-content\/uploads\/2015\/08\/Navion-JF.jpg\"><img aria-describedby=\"caption-attachment-593\" decoding=\"async\" loading=\"lazy\" class=\"wp-image-593 size-large\" src=\"http:\/\/www.marsaly.fr\/fred\/wp-content\/uploads\/2015\/08\/Navion-JF-1024x692.jpg\" alt=\"Navion JF\" width=\"584\" height=\"395\" srcset=\"http:\/\/www.marsaly.fr\/fred\/wp-content\/uploads\/2015\/08\/Navion-JF.jpg 1024w, http:\/\/www.marsaly.fr\/fred\/wp-content\/uploads\/2015\/08\/Navion-JF-300x203.jpg 300w, http:\/\/www.marsaly.fr\/fred\/wp-content\/uploads\/2015\/08\/Navion-JF-444x300.jpg 444w\" sizes=\"(max-width: 584px) 100vw, 584px\" \/><\/a><p id=\"caption-attachment-593\" class=\"wp-caption-text\">\u00c9galement l&rsquo;avion d&rsquo;un propri\u00e9taire priv\u00e9, le Ryan Navion F-AYJF porte cependant sur sa d\u00e9rive un autocollant de l&rsquo;a\u00e9roclub de Quiberon.<\/p><\/div>\n<div id=\"attachment_594\" style=\"width: 594px\" class=\"wp-caption alignnone\"><a href=\"http:\/\/www.marsaly.fr\/fred\/wp-content\/uploads\/2015\/08\/Navion.jpg\"><img aria-describedby=\"caption-attachment-594\" decoding=\"async\" loading=\"lazy\" class=\"wp-image-594 size-large\" src=\"http:\/\/www.marsaly.fr\/fred\/wp-content\/uploads\/2015\/08\/Navion-1024x636.jpg\" alt=\"Navion\" width=\"584\" height=\"363\" srcset=\"http:\/\/www.marsaly.fr\/fred\/wp-content\/uploads\/2015\/08\/Navion.jpg 1024w, http:\/\/www.marsaly.fr\/fred\/wp-content\/uploads\/2015\/08\/Navion-300x186.jpg 300w, http:\/\/www.marsaly.fr\/fred\/wp-content\/uploads\/2015\/08\/Navion-483x300.jpg 483w\" sizes=\"(max-width: 584px) 100vw, 584px\" \/><\/a><p id=\"caption-attachment-594\" class=\"wp-caption-text\">Le Ryan Navion est n\u00e9 North American \u00e0 la fin des ann\u00e9es 40. Plus de 2600 exemplaires ont \u00e9t\u00e9 construits mais c&rsquo;est un avion plut\u00f4t rare en France.<\/p><\/div>\n<p style=\"text-align: justify;\">Heureusement, <a href=\"http:\/\/www.ouest-france.fr\/le-top-flyin-tour-recu-laerodrome-de-vannes-monterblanc-3638020\">Ouest-France est l\u00e0<\/a>, m\u00eame avec quelques jours de retard pour nous expliquer qu&rsquo;il s&rsquo;agissait du Top Fly&rsquo;in Tour de la FFA, organis\u00e9 tous les deux ans et se pr\u00e9sentant comme un rallye a\u00e9rien, plus touristique que comp\u00e9tition. On notera que le <a href=\"http:\/\/www.info-pilote.fr\/agenda\/Top-Fly-In-Tour-Etoile-FFA_ae335487.html\">site d&rsquo;Info-Pilote, organe de communication officiel de la FFA<\/a> n&rsquo;est pas tr\u00e8s pr\u00e9cis et renvoie sur le site de la F\u00e9d\u00e9ration o\u00f9 trouver des informations sur cet \u00e9v\u00e8nement s&rsquo;av\u00e8re particuli\u00e8rement compliqu\u00e9.<\/p>\n<p style=\"text-align: justify;\">Mais la vari\u00e9t\u00e9 et le nombre d&rsquo;a\u00e9ronefs pr\u00e9sent valait vraiment le coup de rester derri\u00e8re le grillage (en passant, merci aux spotters Vannetais pour avoir \u00ab\u00a0pr\u00e9par\u00e9\u00a0\u00bb l&rsquo;endroit !). Car d\u00e9sormais, comme beaucoup d&rsquo;a\u00e9rodromes fran\u00e7ais, Meucon est d\u00e9sormais entour\u00e9 d&rsquo;un grillage de deux m\u00e8tres de haut. Il n&rsquo;y a rien de tel pour couper toute envie aux riverains et m\u00eame aux passionn\u00e9s de venir tra\u00eener autour de l&rsquo;a\u00e9rodrome et pourtant nous en avons crois\u00e9 plusieurs, de 7 \u00e0 77 ans, qui m\u00e9riteraient sans doute d&rsquo;\u00eatre mieux consid\u00e9r\u00e9s.<\/p>\n<div id=\"attachment_603\" style=\"width: 594px\" class=\"wp-caption alignnone\"><a href=\"http:\/\/www.marsaly.fr\/fred\/wp-content\/uploads\/2015\/08\/Picnic-interdit.jpg\"><img aria-describedby=\"caption-attachment-603\" decoding=\"async\" loading=\"lazy\" class=\"wp-image-603 size-large\" src=\"http:\/\/www.marsaly.fr\/fred\/wp-content\/uploads\/2015\/08\/Picnic-interdit-1024x595.jpg\" alt=\"Picnic interdit\" width=\"584\" height=\"339\" srcset=\"http:\/\/www.marsaly.fr\/fred\/wp-content\/uploads\/2015\/08\/Picnic-interdit.jpg 1024w, http:\/\/www.marsaly.fr\/fred\/wp-content\/uploads\/2015\/08\/Picnic-interdit-300x174.jpg 300w, http:\/\/www.marsaly.fr\/fred\/wp-content\/uploads\/2015\/08\/Picnic-interdit-500x291.jpg 500w\" sizes=\"(max-width: 584px) 100vw, 584px\" \/><\/a><p id=\"caption-attachment-603\" class=\"wp-caption-text\">Sans commentaire.<\/p><\/div>\n<p style=\"text-align: justify;\">En m\u00eame temps, ces barri\u00e8res coupent tout contact entre les \u00ab\u00a0volants\u00a0\u00bb et les \u00ab\u00a0non-volants\u00a0\u00bb. Il n&rsquo;y a plus de zone mixte o\u00f9 des \u00e9changes peuvent se faire. La n\u00e9cessit\u00e9 d&#8217;emp\u00eacher les curieux de venir tripatouiller les avions est tout \u00e0 fait compr\u00e9hensible, c&rsquo;est effectivement une question de s\u00e9curit\u00e9, mais si en plus de l&rsquo;installation des barri\u00e8res, on supprime tables et bancs et qu&rsquo;on interdise aussi les pique-niques \u00e0 proximit\u00e9 des pistes, on ne r\u00e9soudra jamais les probl\u00e8mes avec les riverains et les pistes deviendront de plus en plus \u00e9litistes et de moins en moins populaires. Et on sait tr\u00e8s bien que ces barri\u00e8res n&rsquo;arr\u00eatent ni les terroristes ni les gangsters.<\/p>\n","protected":false},"excerpt":{"rendered":"<p>De passage \u00e0 Vannes-Meucon il y a quelques jours, j&rsquo;ai \u00e9t\u00e9 frapp\u00e9 par une activit\u00e9 a\u00e9rienne un peu plus dense qu&rsquo;\u00e0 l&rsquo;habitude. Un grand nombre d&rsquo;avions l\u00e9gers, de types tr\u00e8s vari\u00e9s, \u00e9taient gar\u00e9s de l&rsquo;autre c\u00f4t\u00e9 du taxi way, sur &hellip; <a href=\"http:\/\/www.marsaly.fr\/fred\/en-bord-de-pistes-a-vannes\/\">Continuer la lecture <span class=\"meta-nav\">&rarr;<\/span><\/a><\/p>\n","protected":false},"author":2,"featured_media":0,"comment_status":"open","ping_status":"open","sticky":false,"template":"","format":"standard","meta":[],"categories":[9],"tags":[133],"_links":{"self":[{"href":"http:\/\/www.marsaly.fr\/fred\/wp-json\/wp\/v2\/posts\/588"}],"collection":[{"href":"http:\/\/www.marsaly.fr\/fred\/wp-json\/wp\/v2\/posts"}],"about":[{"href":"http:\/\/www.marsaly.fr\/fred\/wp-json\/wp\/v2\/types\/post"}],"author":[{"embeddable":true,"href":"http:\/\/www.marsaly.fr\/fred\/wp-json\/wp\/v2\/users\/2"}],"replies":[{"embeddable":true,"href":"http:\/\/www.marsaly.fr\/fred\/wp-json\/wp\/v2\/comments?post=588"}],"version-history":[{"count":9,"href":"http:\/\/www.marsaly.fr\/fred\/wp-json\/wp\/v2\/posts\/588\/revisions"}],"predecessor-version":[{"id":753,"href":"http:\/\/www.marsaly.fr\/fred\/wp-json\/wp\/v2\/posts\/588\/revisions\/753"}],"wp:attachment":[{"href":"http:\/\/www.marsaly.fr\/fred\/wp-json\/wp\/v2\/media?parent=588"}],"wp:term":[{"taxonomy":"category","embeddable":true,"href":"http:\/\/www.marsaly.fr\/fred\/wp-json\/wp\/v2\/categories?post=588"},{"taxonomy":"post_tag","embeddable":true,"href":"http:\/\/www.marsaly.fr\/fred\/wp-json\/wp\/v2\/tags?post=588"}],"curies":[{"name":"wp","href":"https:\/\/api.w.org\/{rel}","templated":true}]}}