{"id":5672,"date":"2018-09-30T10:59:58","date_gmt":"2018-09-30T08:59:58","guid":{"rendered":"http:\/\/www.marsaly.fr\/fred\/?p=5672"},"modified":"2019-09-28T14:19:16","modified_gmt":"2019-09-28T12:19:16","slug":"le-tu-154m-supertanker-iranien","status":"publish","type":"post","link":"http:\/\/www.marsaly.fr\/fred\/le-tu-154m-supertanker-iranien\/","title":{"rendered":"Le TU-154M \u00ab\u00a0Supertanker\u00a0\u00bb Iranien !"},"content":{"rendered":"<p style=\"text-align: justify;\">L&rsquo;Iran vient de d\u00e9voiler sa nouvelle arme pour lutter contre les feux de for\u00eat, un Toupolev TU-154M modifi\u00e9 avec une soute \u00e0 retardant. L&rsquo;appareil vient d&rsquo;effectuer ses premiers largages d&rsquo;essais.<\/p>\n<div id=\"attachment_5676\" style=\"width: 861px\" class=\"wp-caption alignnone\"><a href=\"http:\/\/www.marsaly.fr\/fred\/wp-content\/uploads\/2018\/09\/TU154M-Iran.jpg\"><img aria-describedby=\"caption-attachment-5676\" decoding=\"async\" loading=\"lazy\" class=\"wp-image-5676 size-full\" src=\"http:\/\/www.marsaly.fr\/fred\/wp-content\/uploads\/2018\/09\/TU154M-Iran.jpg\" alt=\"\" width=\"851\" height=\"479\" srcset=\"http:\/\/www.marsaly.fr\/fred\/wp-content\/uploads\/2018\/09\/TU154M-Iran.jpg 851w, http:\/\/www.marsaly.fr\/fred\/wp-content\/uploads\/2018\/09\/TU154M-Iran-300x169.jpg 300w, http:\/\/www.marsaly.fr\/fred\/wp-content\/uploads\/2018\/09\/TU154M-Iran-768x432.jpg 768w, http:\/\/www.marsaly.fr\/fred\/wp-content\/uploads\/2018\/09\/TU154M-Iran-500x281.jpg 500w\" sizes=\"(max-width: 851px) 100vw, 851px\" \/><\/a><p id=\"caption-attachment-5676\" class=\"wp-caption-text\">Largage de d\u00e9monstration pour le premier TU-154M modifi\u00e9 pour la lutte anti-incendie en Iran.<\/p><\/div>\n<p style=\"text-align: justify;\">En 2013, les visiteurs du salon a\u00e9ronautique de l&rsquo;\u00eele de Kish en Iran avaient pu assister \u00e0 une d\u00e9monstration d&rsquo;un Il-76 du corps des Gardiens de la R\u00e9volution \u00e9quip\u00e9 d&rsquo;une soute VAP-2 effectuant un largage. En fl\u00e2nant dans les stands, le visiteur curieux pouvait tomber sur un stand proposant une conversion Tanker du Tu-154. L&rsquo;observation de la petite maquette montre un syst\u00e8me de soutes en s\u00e9rie, sans doute pressuris\u00e9es, donc un principe similaire \u00e0 celui qui \u00e9quipe le\u00a0<a href=\"http:\/\/www.marsaly.fr\/fred\/boeing-747-supertanker\/\">Boeing 747 Supertanker<\/a>.<\/p>\n<div id=\"attachment_5675\" style=\"width: 970px\" class=\"wp-caption alignnone\"><a href=\"http:\/\/www.marsaly.fr\/fred\/wp-content\/uploads\/2018\/09\/7-1-Tu-154-DR.jpg\"><img aria-describedby=\"caption-attachment-5675\" decoding=\"async\" loading=\"lazy\" class=\"wp-image-5675 size-full\" src=\"http:\/\/www.marsaly.fr\/fred\/wp-content\/uploads\/2018\/09\/7-1-Tu-154-DR.jpg\" alt=\"\" width=\"960\" height=\"540\" srcset=\"http:\/\/www.marsaly.fr\/fred\/wp-content\/uploads\/2018\/09\/7-1-Tu-154-DR.jpg 960w, http:\/\/www.marsaly.fr\/fred\/wp-content\/uploads\/2018\/09\/7-1-Tu-154-DR-300x169.jpg 300w, http:\/\/www.marsaly.fr\/fred\/wp-content\/uploads\/2018\/09\/7-1-Tu-154-DR-768x432.jpg 768w, http:\/\/www.marsaly.fr\/fred\/wp-content\/uploads\/2018\/09\/7-1-Tu-154-DR-500x281.jpg 500w\" sizes=\"(max-width: 960px) 100vw, 960px\" \/><\/a><p id=\"caption-attachment-5675\" class=\"wp-caption-text\">Pr\u00e9sentation du projet Tu-154M au salon a\u00e9ronautique de l&rsquo;\u00eele de Kish en 2013. (Photo : DR)<\/p><\/div>\n<p style=\"text-align: justify;\">Le Toupolev TU-154 est un trir\u00e9acteur moyen courrier pouvant accueillir jusqu&rsquo;\u00e0 180 passagers qui a fait son premier vol en 1968 et qui a \u00e9t\u00e9 produit \u00e0 un peu plus de 1000 exemplaires. La version M est apparue au d\u00e9but des ann\u00e9es 80 et comporte un grand nombre d&rsquo;am\u00e9liorations, notamment des r\u00e9acteurs D-30KU plus puissants et une charge utile accrue. 320 exemplaires, environ, ont \u00e9t\u00e9 produits jusqu&rsquo;en 2006.<\/p>\n<p style=\"text-align: justify;\">Cet avion, \u00e0 la carri\u00e8re dense, largement export\u00e9 en dehors de l&rsquo;URSS et de la Russie, poss\u00e8de n\u00e9anmoins une r\u00e9putation sulfureuse, marqu\u00e9e par un grand nombre d&rsquo;accidents. Le plus spectaculaire fut celui du 10 avril 2011, lorsqu&rsquo;un des deux TU-154M de l&rsquo;aviation militaire polonaise s&rsquo;\u00e9crasa dans le brouillard pr\u00e8s de l&rsquo;a\u00e9rodrome de Smolensk faisant 96 morts dont le Pr\u00e9sident Lech Kazynski et un grand nombre de personnalit\u00e9s polonaises se rendant aux c\u00e9r\u00e9monies comm\u00e9moratives du massacre de Katyn.<\/p>\n<p style=\"text-align: justify;\">En 2011, apr\u00e8s plusieurs accidents, les autorit\u00e9s a\u00e9ronautiques russes recommand\u00e8rent le retrait de service du type, n\u00e9anmoins une poign\u00e9e d&rsquo;appareils continuent d&rsquo;\u00eatre op\u00e9rationnels \u00e0 travers le monde.<\/p>\n<div id=\"attachment_5677\" style=\"width: 1028px\" class=\"wp-caption alignnone\"><a href=\"http:\/\/www.marsaly.fr\/fred\/wp-content\/uploads\/2018\/09\/Tupolev-154M_Iran_Airtour_EP-MBQ_THR_March_2010.jpg\"><img aria-describedby=\"caption-attachment-5677\" decoding=\"async\" loading=\"lazy\" class=\"wp-image-5677 size-full\" src=\"http:\/\/www.marsaly.fr\/fred\/wp-content\/uploads\/2018\/09\/Tupolev-154M_Iran_Airtour_EP-MBQ_THR_March_2010.jpg\" alt=\"\" width=\"1018\" height=\"680\" srcset=\"http:\/\/www.marsaly.fr\/fred\/wp-content\/uploads\/2018\/09\/Tupolev-154M_Iran_Airtour_EP-MBQ_THR_March_2010.jpg 1018w, http:\/\/www.marsaly.fr\/fred\/wp-content\/uploads\/2018\/09\/Tupolev-154M_Iran_Airtour_EP-MBQ_THR_March_2010-300x200.jpg 300w, http:\/\/www.marsaly.fr\/fred\/wp-content\/uploads\/2018\/09\/Tupolev-154M_Iran_Airtour_EP-MBQ_THR_March_2010-768x513.jpg 768w, http:\/\/www.marsaly.fr\/fred\/wp-content\/uploads\/2018\/09\/Tupolev-154M_Iran_Airtour_EP-MBQ_THR_March_2010-449x300.jpg 449w\" sizes=\"(max-width: 1018px) 100vw, 1018px\" \/><\/a><p id=\"caption-attachment-5677\" class=\"wp-caption-text\">Un Toupolev TU-154M de la compagnie Air Tours en 2010, peut-\u00eatre un de ceux destin\u00e9s \u00e0 devenir des \u00ab\u00a0Supertanker\u00a0\u00bb \u00e0 la mode Perse. (Photo : K. Talebzadeh)<\/p><\/div>\n<p style=\"text-align: justify;\">En Iran, plusieurs compagnies ont utilis\u00e9 le type, marqu\u00e9, l\u00e0 aussi, par un grand nombre d&rsquo;accidents, dont la compagnie Air Tours. Fond\u00e9e en 1973 comme filiale d&rsquo;Iran Air pour les vols int\u00e9rieurs, Air Tours a \u00e9t\u00e9 dot\u00e9e de TU-154 jusqu&rsquo;au retrait du type en Iran en 2011. 14 de ces avions ont donc \u00e9t\u00e9 stock\u00e9s sur diff\u00e9rents a\u00e9rodromes et plusieurs d&rsquo;entre eux ont \u00e9t\u00e9 s\u00e9lectionn\u00e9s pour \u00eatre transform\u00e9s en \u00ab\u00a0Tanker\u00a0\u00bb par Iran Aircraft Manufacturing Industrial Company (HESA).<\/p>\n<p style=\"text-align: justify;\">Le premier vol du premier appareil modifi\u00e9 s&rsquo;est d\u00e9roul\u00e9 au mois de juillet 2018. Les\u00a0 essais de largage initiaux ont eu lieu le 28 septembre suivant \u00e0 Ispahan.<\/p>\n<p><iframe loading=\"lazy\" width=\"584\" height=\"329\" src=\"https:\/\/www.youtube.com\/embed\/hE0WsH4wGsE?feature=oembed\" frameborder=\"0\" allow=\"autoplay; encrypted-media\" allowfullscreen><\/iframe><\/p>\n<p style=\"text-align: justify;\">Destin\u00e9s \u00e0 travailler au retardant pour le compte de la flotte nationale de lutte contre les feux de for\u00eat, mise en place en 2015 en Iran, cinq \u00e0 six autres appareils doivent \u00eatre convertis selon les d\u00e9clarations du minist\u00e8re de la D\u00e9fense iranien.<\/p>\n<p style=\"text-align: justify;\">Selon une agence de presse locale, l&rsquo;avion dispose bien d&rsquo;un syst\u00e8me de soute sous-pression pouvant contenir 18 tonnes d&rsquo;eau ou de retardant. Le largage peut prendre 5 secondes.<\/p>\n<p style=\"text-align: justify;\">L&rsquo;Iran poss\u00e8de quelques zones foresti\u00e8res, sur les plaines c\u00f4ti\u00e8res de la mer Caspienne et dans la r\u00e9gion des Monts Zargros. Les zones de steppes, et notamment des steppes arbor\u00e9es sont par contre plus vastes, essentiellement dans le nord et le nord-ouest du pays, et \u00e0 ce titre peuvent effectivement constituer des zones \u00e0 risque pour les feux de for\u00eat.<\/p>\n<div id=\"attachment_5685\" style=\"width: 594px\" class=\"wp-caption alignleft\"><a href=\"http:\/\/www.marsaly.fr\/fred\/wp-content\/uploads\/2018\/09\/DoWR6doX0AItd_-.jpg\"><img aria-describedby=\"caption-attachment-5685\" decoding=\"async\" loading=\"lazy\" class=\"wp-image-5685 size-large\" src=\"http:\/\/www.marsaly.fr\/fred\/wp-content\/uploads\/2018\/09\/DoWR6doX0AItd_--1024x853.jpg\" alt=\"\" width=\"584\" height=\"486\" srcset=\"http:\/\/www.marsaly.fr\/fred\/wp-content\/uploads\/2018\/09\/DoWR6doX0AItd_--1024x853.jpg 1024w, http:\/\/www.marsaly.fr\/fred\/wp-content\/uploads\/2018\/09\/DoWR6doX0AItd_--300x250.jpg 300w, http:\/\/www.marsaly.fr\/fred\/wp-content\/uploads\/2018\/09\/DoWR6doX0AItd_--768x640.jpg 768w, http:\/\/www.marsaly.fr\/fred\/wp-content\/uploads\/2018\/09\/DoWR6doX0AItd_--360x300.jpg 360w, http:\/\/www.marsaly.fr\/fred\/wp-content\/uploads\/2018\/09\/DoWR6doX0AItd_-.jpg 1080w\" sizes=\"(max-width: 584px) 100vw, 584px\" \/><\/a><p id=\"caption-attachment-5685\" class=\"wp-caption-text\">A gauche, Aboulfazl Mehregan-Far, ancien pilote de chasse sur F-14, commandant de bord du TU-154M. (Photo via B. Taghvaee)<\/p><\/div>\n<p style=\"text-align: justify;\">L&rsquo;\u00e9mergence d&rsquo;un nouveau type de <a href=\"http:\/\/www.marsaly.fr\/fred\/ecopeur-contre-tanker\/\">Tanker<\/a>, dans un secteur consid\u00e9r\u00e9 traditionnellement, et sans doute trop rapidement, peu impact\u00e9 par les feux de for\u00eat est une preuve de plus d&rsquo;une prise en compte internationale de ce risque \u00e9cologique.<\/p>\n<p style=\"text-align: justify;\">Le choix du Tu-154 est surprenant, au regard du passif accidentog\u00e8ne de l&rsquo;appareil mais s&rsquo;inscrit aussi sur un choix \u00e9conomique similaire \u00e0 celui qui dicte le choix des appareils pour les op\u00e9rateurs priv\u00e9s US. On verra donc si cette seconde carri\u00e8re fera du trir\u00e9acteur Toupolev une autre grande l\u00e9gende des pompiers du ciel !<\/p>\n<p>&nbsp;<\/p>\n<p>&nbsp;<\/p>\n<p><em>Merci \u00e0 Alexandre Dubath pour ses informations.<\/em><\/p>\n","protected":false},"excerpt":{"rendered":"<p>L&rsquo;Iran vient de d\u00e9voiler sa nouvelle arme pour lutter contre les feux de for\u00eat, un Toupolev TU-154M modifi\u00e9 avec une soute \u00e0 retardant. L&rsquo;appareil vient d&rsquo;effectuer ses premiers largages d&rsquo;essais. En 2013, les visiteurs du salon a\u00e9ronautique de l&rsquo;\u00eele de &hellip; <a href=\"http:\/\/www.marsaly.fr\/fred\/le-tu-154m-supertanker-iranien\/\">Continuer la lecture <span class=\"meta-nav\">&rarr;<\/span><\/a><\/p>\n","protected":false},"author":2,"featured_media":0,"comment_status":"open","ping_status":"open","sticky":false,"template":"","format":"standard","meta":[],"categories":[3],"tags":[326,325,60],"_links":{"self":[{"href":"http:\/\/www.marsaly.fr\/fred\/wp-json\/wp\/v2\/posts\/5672"}],"collection":[{"href":"http:\/\/www.marsaly.fr\/fred\/wp-json\/wp\/v2\/posts"}],"about":[{"href":"http:\/\/www.marsaly.fr\/fred\/wp-json\/wp\/v2\/types\/post"}],"author":[{"embeddable":true,"href":"http:\/\/www.marsaly.fr\/fred\/wp-json\/wp\/v2\/users\/2"}],"replies":[{"embeddable":true,"href":"http:\/\/www.marsaly.fr\/fred\/wp-json\/wp\/v2\/comments?post=5672"}],"version-history":[{"count":10,"href":"http:\/\/www.marsaly.fr\/fred\/wp-json\/wp\/v2\/posts\/5672\/revisions"}],"predecessor-version":[{"id":5687,"href":"http:\/\/www.marsaly.fr\/fred\/wp-json\/wp\/v2\/posts\/5672\/revisions\/5687"}],"wp:attachment":[{"href":"http:\/\/www.marsaly.fr\/fred\/wp-json\/wp\/v2\/media?parent=5672"}],"wp:term":[{"taxonomy":"category","embeddable":true,"href":"http:\/\/www.marsaly.fr\/fred\/wp-json\/wp\/v2\/categories?post=5672"},{"taxonomy":"post_tag","embeddable":true,"href":"http:\/\/www.marsaly.fr\/fred\/wp-json\/wp\/v2\/tags?post=5672"}],"curies":[{"name":"wp","href":"https:\/\/api.w.org\/{rel}","templated":true}]}}