{"id":5103,"date":"2018-06-16T16:32:35","date_gmt":"2018-06-16T14:32:35","guid":{"rendered":"http:\/\/www.marsaly.fr\/fred\/?p=5103"},"modified":"2019-09-28T14:22:45","modified_gmt":"2019-09-28T12:22:45","slug":"biscarrosse-2018","status":"publish","type":"post","link":"http:\/\/www.marsaly.fr\/fred\/biscarrosse-2018\/","title":{"rendered":"Le rassemblement d&rsquo;hydravions de Biscarrosse 2018"},"content":{"rendered":"<p style=\"text-align: justify;\">Biscarrosse, un peu au sud de Bordeaux, au bord du lac \u00e9ponyme est un site lourdement charg\u00e9 d&rsquo;histoire a\u00e9ronautique puisque ce fut une hydrobase importante juste avant et pendant la seconde guerre mondiale. Aujourd&rsquo;hui, elle reste le seul endroit en France o\u00f9 l&rsquo;hydraviation de loisir est possible en permanence, m\u00eame si d&rsquo;autres sites, comme l&rsquo;\u00e9tang de Berre, sont fr\u00e9quentables mais sous conditions.<\/p>\n<div id=\"attachment_5108\" style=\"width: 594px\" class=\"wp-caption alignnone\"><a href=\"http:\/\/www.marsaly.fr\/fred\/wp-content\/uploads\/2018\/06\/Albatros-DC3-1024.jpg\"><img aria-describedby=\"caption-attachment-5108\" decoding=\"async\" loading=\"lazy\" class=\"wp-image-5108 size-large\" src=\"http:\/\/www.marsaly.fr\/fred\/wp-content\/uploads\/2018\/06\/Albatros-DC3-1024-1024x419.jpg\" alt=\"\" width=\"584\" height=\"239\" srcset=\"http:\/\/www.marsaly.fr\/fred\/wp-content\/uploads\/2018\/06\/Albatros-DC3-1024.jpg 1024w, http:\/\/www.marsaly.fr\/fred\/wp-content\/uploads\/2018\/06\/Albatros-DC3-1024-300x123.jpg 300w, http:\/\/www.marsaly.fr\/fred\/wp-content\/uploads\/2018\/06\/Albatros-DC3-1024-768x314.jpg 768w, http:\/\/www.marsaly.fr\/fred\/wp-content\/uploads\/2018\/06\/Albatros-DC3-1024-500x205.jpg 500w\" sizes=\"(max-width: 584px) 100vw, 584px\" \/><\/a><p id=\"caption-attachment-5108\" class=\"wp-caption-text\">Vol de patrouille entre DC-3 et Albatross pour le plus grand plaisir de tous, et en particulier celui de leurs \u00e9quipages respectifs.<\/p><\/div>\n<p style=\"text-align: justify;\">Quel autre endroit alors pour organiser un rassemblement de ces dr\u00f4les d&rsquo;oiseaux, mi-bateaux mi-avions, si rares et si \u00e9tonnants ?<\/p>\n<div id=\"attachment_5109\" style=\"width: 215px\" class=\"wp-caption alignleft\"><a href=\"http:\/\/www.marsaly.fr\/fred\/wp-content\/uploads\/2018\/06\/Affiche-Bisca-2018.jpg\"><img aria-describedby=\"caption-attachment-5109\" decoding=\"async\" loading=\"lazy\" class=\"wp-image-5109 size-medium\" src=\"http:\/\/www.marsaly.fr\/fred\/wp-content\/uploads\/2018\/06\/Affiche-Bisca-2018-205x300.jpg\" alt=\"\" width=\"205\" height=\"300\" srcset=\"http:\/\/www.marsaly.fr\/fred\/wp-content\/uploads\/2018\/06\/Affiche-Bisca-2018-205x300.jpg 205w, http:\/\/www.marsaly.fr\/fred\/wp-content\/uploads\/2018\/06\/Affiche-Bisca-2018.jpg 563w\" sizes=\"(max-width: 205px) 100vw, 205px\" \/><\/a><p id=\"caption-attachment-5109\" class=\"wp-caption-text\">Les promesses de l&rsquo;affiche du RIHB2018 ont \u00e9t\u00e9 tenues ! Chapeau !<\/p><\/div>\n<p style=\"text-align: justify;\">M\u00eame si la m\u00e9t\u00e9orologie pr\u00e9vue n&rsquo;\u00e9tait gu\u00e8re engageante, le programme annonc\u00e9 \u00e9tait suffisamment riche pour justifier le d\u00e9placement. Et il faut bien dire qu&rsquo;\u00e0 part deux ond\u00e9es, le temps a \u00e9t\u00e9 particuli\u00e8rement agr\u00e9able lors des trois jours que nous avons pass\u00e9 entre l&rsquo;a\u00e9rodrome de Biscarrosse-Parentis et l&rsquo;hydrobase Lat\u00e9co\u00e8re.<\/p>\n<p style=\"text-align: justify;\">Le site \u00e9tant orient\u00e9 vers le sud, il est donc globalement \u00e0 contre-jour ce qui peut s&rsquo;av\u00e9rer quelque peu g\u00eanant pour les photos, mais un peu de difficult\u00e9 n&rsquo;est pas non plus d\u00e9plaisante.<\/p>\n<p style=\"text-align: justify;\">Le rassemblement \u00e9tait pr\u00e9vu pour s&rsquo;\u00e9taler gentiment sur quatre jours, les deux premi\u00e8res journ\u00e9es \u00e9tant consacr\u00e9es \u00e0 un \u00ab\u00a0splash-in\u00a0\u00bb et aux r\u00e9p\u00e9titions du grand meeting devant se tenir le weekend en cl\u00f4ture de l&rsquo;\u00e9v\u00e8nement.<\/p>\n<p style=\"text-align: justify;\">Il faut bien dire que l&rsquo;ambiance de ce \u00ab\u00a0splash-in\u00a0\u00bb \u00e9tait particuli\u00e8rement agr\u00e9able avec juste ce qu&rsquo;il fallait de spectateurs et des avions qui d\u00e9collaient et amerrissaient en permanence devant nous, effectuant un nombre impressionnant de bapt\u00eames de l&rsquo;air payants (100 \u20ac la demi-heure sur les Piper Super Cub du club local &#8211; pas de surco\u00fbt pour le meeting, c&rsquo;est le prix auquel cette prestation est propos\u00e9e tout au long de l&rsquo;ann\u00e9e) aux nombreux volontaires pr\u00e9sents. Il \u00e9tait possible \u00e9galement d&rsquo;opter pour des ULM amphibies.<\/p>\n<div id=\"attachment_5114\" style=\"width: 594px\" class=\"wp-caption alignnone\"><a href=\"http:\/\/www.marsaly.fr\/fred\/wp-content\/uploads\/2018\/06\/Storch-1024.jpg\"><img aria-describedby=\"caption-attachment-5114\" decoding=\"async\" loading=\"lazy\" class=\"wp-image-5114 size-large\" src=\"http:\/\/www.marsaly.fr\/fred\/wp-content\/uploads\/2018\/06\/Storch-1024-1024x657.jpg\" alt=\"\" width=\"584\" height=\"375\" srcset=\"http:\/\/www.marsaly.fr\/fred\/wp-content\/uploads\/2018\/06\/Storch-1024.jpg 1024w, http:\/\/www.marsaly.fr\/fred\/wp-content\/uploads\/2018\/06\/Storch-1024-300x192.jpg 300w, http:\/\/www.marsaly.fr\/fred\/wp-content\/uploads\/2018\/06\/Storch-1024-768x493.jpg 768w, http:\/\/www.marsaly.fr\/fred\/wp-content\/uploads\/2018\/06\/Storch-1024-468x300.jpg 468w\" sizes=\"(max-width: 584px) 100vw, 584px\" \/><\/a><p id=\"caption-attachment-5114\" class=\"wp-caption-text\">Le \u00ab\u00a0Storch\u00a0\u00bb ou l&rsquo;hydraviation ultra-l\u00e9g\u00e8re !<\/p><\/div>\n<p style=\"text-align: justify;\">Selon les habitu\u00e9s des pr\u00e9c\u00e9dents rassemblements, en particulier ceux du d\u00e9but des ann\u00e9es 2010, le plateau \u00e9tait plut\u00f4t restreint mais l&rsquo;\u00e9v\u00e8nement \u00e9tant en phase de reprise, il pourrait se bonifier encore. Voici donc, pour le plaisir et dans le d\u00e9sordre les avions qui ont constitu\u00e9 cette manifestation \u00e9tonnante, sympathique et originale.<\/p>\n<div id=\"attachment_5111\" style=\"width: 594px\" class=\"wp-caption alignnone\"><a href=\"http:\/\/www.marsaly.fr\/fred\/wp-content\/uploads\/2018\/06\/DSC_4365.jpg\"><img aria-describedby=\"caption-attachment-5111\" decoding=\"async\" loading=\"lazy\" class=\"wp-image-5111 size-large\" src=\"http:\/\/www.marsaly.fr\/fred\/wp-content\/uploads\/2018\/06\/DSC_4365-1024x711.jpg\" alt=\"\" width=\"584\" height=\"405\" srcset=\"http:\/\/www.marsaly.fr\/fred\/wp-content\/uploads\/2018\/06\/DSC_4365.jpg 1024w, http:\/\/www.marsaly.fr\/fred\/wp-content\/uploads\/2018\/06\/DSC_4365-300x208.jpg 300w, http:\/\/www.marsaly.fr\/fred\/wp-content\/uploads\/2018\/06\/DSC_4365-768x533.jpg 768w, http:\/\/www.marsaly.fr\/fred\/wp-content\/uploads\/2018\/06\/DSC_4365-432x300.jpg 432w\" sizes=\"(max-width: 584px) 100vw, 584px\" \/><\/a><p id=\"caption-attachment-5111\" class=\"wp-caption-text\">Super Cub en train de remonter le slip de Biscarrosse. Oui, \u00e7a semble \u00e9trange comme phrase, pourtant, elle d\u00e9crit justement cette photo !<\/p><\/div>\n<div id=\"attachment_5112\" style=\"width: 594px\" class=\"wp-caption alignnone\"><a href=\"http:\/\/www.marsaly.fr\/fred\/wp-content\/uploads\/2018\/06\/DSC_4700.jpg\"><img aria-describedby=\"caption-attachment-5112\" decoding=\"async\" loading=\"lazy\" class=\"wp-image-5112 size-large\" src=\"http:\/\/www.marsaly.fr\/fred\/wp-content\/uploads\/2018\/06\/DSC_4700-1024x544.jpg\" alt=\"\" width=\"584\" height=\"310\" srcset=\"http:\/\/www.marsaly.fr\/fred\/wp-content\/uploads\/2018\/06\/DSC_4700.jpg 1024w, http:\/\/www.marsaly.fr\/fred\/wp-content\/uploads\/2018\/06\/DSC_4700-300x159.jpg 300w, http:\/\/www.marsaly.fr\/fred\/wp-content\/uploads\/2018\/06\/DSC_4700-768x408.jpg 768w, http:\/\/www.marsaly.fr\/fred\/wp-content\/uploads\/2018\/06\/DSC_4700-500x266.jpg 500w\" sizes=\"(max-width: 584px) 100vw, 584px\" \/><\/a><p id=\"caption-attachment-5112\" class=\"wp-caption-text\">Si vous pensez avoir d\u00e9j\u00e0 vu l&rsquo;homme assis en place instructeur \u00e0 bord d&rsquo;un Rafale ou d&rsquo;un Falcon, ce n&rsquo;est pas un Mirage !<\/p><\/div>\n<p style=\"text-align: justify;\">Les Piper Super Cub de l&rsquo;A\u00e9roclub \u00ab\u00a0Aquitaine Hydravions\u00a0\u00bb, des PA-18-150 disposant donc d&rsquo;un moteur de 150 ch ont assur\u00e9 l&rsquo;essentiel de ces vols de d\u00e9couvertes. Au nombre de trois, ils ont effectu\u00e9 ensuite lors du meeting a\u00e9rien une sympathique pr\u00e9sentation en vol en patrouille serr\u00e9e.<\/p>\n<div id=\"attachment_5115\" style=\"width: 594px\" class=\"wp-caption alignnone\"><a href=\"http:\/\/www.marsaly.fr\/fred\/wp-content\/uploads\/2018\/06\/DSC_4345.jpg\"><img aria-describedby=\"caption-attachment-5115\" decoding=\"async\" loading=\"lazy\" class=\"wp-image-5115 size-large\" src=\"http:\/\/www.marsaly.fr\/fred\/wp-content\/uploads\/2018\/06\/DSC_4345-1024x656.jpg\" alt=\"\" width=\"584\" height=\"374\" srcset=\"http:\/\/www.marsaly.fr\/fred\/wp-content\/uploads\/2018\/06\/DSC_4345.jpg 1024w, http:\/\/www.marsaly.fr\/fred\/wp-content\/uploads\/2018\/06\/DSC_4345-300x192.jpg 300w, http:\/\/www.marsaly.fr\/fred\/wp-content\/uploads\/2018\/06\/DSC_4345-768x492.jpg 768w, http:\/\/www.marsaly.fr\/fred\/wp-content\/uploads\/2018\/06\/DSC_4345-468x300.jpg 468w\" sizes=\"(max-width: 584px) 100vw, 584px\" \/><\/a><p id=\"caption-attachment-5115\" class=\"wp-caption-text\">La patrouille des Super Cub de Biscarrosse.<\/p><\/div>\n<p style=\"text-align: justify;\">Dans l&rsquo;enclos r\u00e9serv\u00e9 aux appareils actifs, outre quelques ULM, se trouvaient deux Lake Buccaneer, dont le D-ETII qui, comme son immatriculation ne l&rsquo;indique pas, est bas\u00e9 et exploit\u00e9 depuis Aix en Provence o\u00f9 il peut profiter de l&rsquo;hydrobase de Berre et de celle de Martigues pour initier les amateurs aux joies du pos\u00e9 sur l&rsquo;eau avec un avion \u00e0 coque. C&rsquo;est sur cet appareil que j&rsquo;ai\u00a0 \u00e9t\u00e9 initi\u00e9 en 2011, sur l&rsquo;\u00e9tang de Va\u00efne et par un pilote de Canadair, \u00e0 cette forme \u00e9tonnante et passionnante d&rsquo;aviation.<\/p>\n<div id=\"attachment_5116\" style=\"width: 594px\" class=\"wp-caption alignnone\"><a href=\"http:\/\/www.marsaly.fr\/fred\/wp-content\/uploads\/2018\/06\/DSC_4617.jpg\"><img aria-describedby=\"caption-attachment-5116\" decoding=\"async\" loading=\"lazy\" class=\"wp-image-5116 size-large\" src=\"http:\/\/www.marsaly.fr\/fred\/wp-content\/uploads\/2018\/06\/DSC_4617-1024x580.jpg\" alt=\"\" width=\"584\" height=\"331\" srcset=\"http:\/\/www.marsaly.fr\/fred\/wp-content\/uploads\/2018\/06\/DSC_4617.jpg 1024w, http:\/\/www.marsaly.fr\/fred\/wp-content\/uploads\/2018\/06\/DSC_4617-300x170.jpg 300w, http:\/\/www.marsaly.fr\/fred\/wp-content\/uploads\/2018\/06\/DSC_4617-768x435.jpg 768w, http:\/\/www.marsaly.fr\/fred\/wp-content\/uploads\/2018\/06\/DSC_4617-500x283.jpg 500w\" sizes=\"(max-width: 584px) 100vw, 584px\" \/><\/a><p id=\"caption-attachment-5116\" class=\"wp-caption-text\">Le D-ETII, \u00e0 l&rsquo;aise sur le sec&#8230;<\/p><\/div>\n<div id=\"attachment_5117\" style=\"width: 594px\" class=\"wp-caption alignnone\"><a href=\"http:\/\/www.marsaly.fr\/fred\/wp-content\/uploads\/2018\/06\/ETII-mouille.jpg\"><img aria-describedby=\"caption-attachment-5117\" decoding=\"async\" loading=\"lazy\" class=\"wp-image-5117 size-large\" src=\"http:\/\/www.marsaly.fr\/fred\/wp-content\/uploads\/2018\/06\/ETII-mouille-1024x514.jpg\" alt=\"\" width=\"584\" height=\"293\" srcset=\"http:\/\/www.marsaly.fr\/fred\/wp-content\/uploads\/2018\/06\/ETII-mouille.jpg 1024w, http:\/\/www.marsaly.fr\/fred\/wp-content\/uploads\/2018\/06\/ETII-mouille-300x151.jpg 300w, http:\/\/www.marsaly.fr\/fred\/wp-content\/uploads\/2018\/06\/ETII-mouille-768x386.jpg 768w, http:\/\/www.marsaly.fr\/fred\/wp-content\/uploads\/2018\/06\/ETII-mouille-500x251.jpg 500w\" sizes=\"(max-width: 584px) 100vw, 584px\" \/><\/a><p id=\"caption-attachment-5117\" class=\"wp-caption-text\">&#8230; Comme sur les pistes tr\u00e8s tr\u00e8s humides !<\/p><\/div>\n<p style=\"text-align: justify;\">Il \u00e9tait accompagn\u00e9 par un autre Lake Buccaneer, bas\u00e9 en Belgique apparemment, mais tr\u00e8s justement immatricul\u00e9 en Grande-Bretagne G-VWET !<\/p>\n<div id=\"attachment_5118\" style=\"width: 594px\" class=\"wp-caption alignnone\"><a href=\"http:\/\/www.marsaly.fr\/fred\/wp-content\/uploads\/2018\/06\/Deux-Lake-dans-un-lac-1024.jpg\"><img aria-describedby=\"caption-attachment-5118\" decoding=\"async\" loading=\"lazy\" class=\"wp-image-5118 size-large\" src=\"http:\/\/www.marsaly.fr\/fred\/wp-content\/uploads\/2018\/06\/Deux-Lake-dans-un-lac-1024-1024x434.jpg\" alt=\"\" width=\"584\" height=\"248\" srcset=\"http:\/\/www.marsaly.fr\/fred\/wp-content\/uploads\/2018\/06\/Deux-Lake-dans-un-lac-1024.jpg 1024w, http:\/\/www.marsaly.fr\/fred\/wp-content\/uploads\/2018\/06\/Deux-Lake-dans-un-lac-1024-300x127.jpg 300w, http:\/\/www.marsaly.fr\/fred\/wp-content\/uploads\/2018\/06\/Deux-Lake-dans-un-lac-1024-768x326.jpg 768w, http:\/\/www.marsaly.fr\/fred\/wp-content\/uploads\/2018\/06\/Deux-Lake-dans-un-lac-1024-500x212.jpg 500w\" sizes=\"(max-width: 584px) 100vw, 584px\" \/><\/a><p id=\"caption-attachment-5118\" class=\"wp-caption-text\">Le D-ETII et le G-VWET navigant de concert !<\/p><\/div>\n<div id=\"attachment_5119\" style=\"width: 594px\" class=\"wp-caption alignnone\"><a href=\"http:\/\/www.marsaly.fr\/fred\/wp-content\/uploads\/2018\/06\/DSC_6438.jpg\"><img aria-describedby=\"caption-attachment-5119\" decoding=\"async\" loading=\"lazy\" class=\"wp-image-5119 size-large\" src=\"http:\/\/www.marsaly.fr\/fred\/wp-content\/uploads\/2018\/06\/DSC_6438-1024x582.jpg\" alt=\"\" width=\"584\" height=\"332\" srcset=\"http:\/\/www.marsaly.fr\/fred\/wp-content\/uploads\/2018\/06\/DSC_6438.jpg 1024w, http:\/\/www.marsaly.fr\/fred\/wp-content\/uploads\/2018\/06\/DSC_6438-300x171.jpg 300w, http:\/\/www.marsaly.fr\/fred\/wp-content\/uploads\/2018\/06\/DSC_6438-768x437.jpg 768w, http:\/\/www.marsaly.fr\/fred\/wp-content\/uploads\/2018\/06\/DSC_6438-500x284.jpg 500w\" sizes=\"(max-width: 584px) 100vw, 584px\" \/><\/a><p id=\"caption-attachment-5119\" class=\"wp-caption-text\">Le Lake belgo-britannique \u00e0 l&rsquo;amerrissage.<\/p><\/div>\n<p style=\"text-align: justify;\">Deux Cessna 206 \u00e9taient \u00e9galement visibles. Le premier, tr\u00e8s classique \u00e9tait immatricul\u00e9 aux USA. Le second, immatricul\u00e9 en Allemagne, m\u00e9rite qu&rsquo;on s&rsquo;y attarde. C&rsquo;est un Cessna 206 modifi\u00e9 par la soci\u00e9t\u00e9 Soloy et o\u00f9 le moteur Lycoming, pouvant atteindre 300 ch sur ce mod\u00e8le, a \u00e9t\u00e9 remplac\u00e9 par une turbine Rolls-Royce\/Allison 250 pouvant atteindre 450 shp. Gain de puissance, gain de performances et un carburant moins on\u00e9reux, les 206 Soloy ont beaucoup s\u00e9duit les op\u00e9rateurs de Cessna 206 n&rsquo;ayant pas l&rsquo;ambition ou le besoin de franchir le pas du Cessna 208 Caravan, plus volumineux.<\/p>\n<div id=\"attachment_5120\" style=\"width: 594px\" class=\"wp-caption alignnone\"><a href=\"http:\/\/www.marsaly.fr\/fred\/wp-content\/uploads\/2018\/06\/206-miroir.jpg\"><img aria-describedby=\"caption-attachment-5120\" decoding=\"async\" loading=\"lazy\" class=\"wp-image-5120 size-large\" src=\"http:\/\/www.marsaly.fr\/fred\/wp-content\/uploads\/2018\/06\/206-miroir-1024x555.jpg\" alt=\"\" width=\"584\" height=\"317\" srcset=\"http:\/\/www.marsaly.fr\/fred\/wp-content\/uploads\/2018\/06\/206-miroir.jpg 1024w, http:\/\/www.marsaly.fr\/fred\/wp-content\/uploads\/2018\/06\/206-miroir-300x163.jpg 300w, http:\/\/www.marsaly.fr\/fred\/wp-content\/uploads\/2018\/06\/206-miroir-768x416.jpg 768w, http:\/\/www.marsaly.fr\/fred\/wp-content\/uploads\/2018\/06\/206-miroir-500x271.jpg 500w\" sizes=\"(max-width: 584px) 100vw, 584px\" \/><\/a><p id=\"caption-attachment-5120\" class=\"wp-caption-text\">Evoluant sur un lac calme au possible, le 206 Soloy MK II montre sa vitre arri\u00e8re int\u00e9grale, id\u00e9ale pour bien appr\u00e9cier le paysage !<\/p><\/div>\n<p><a href=\"http:\/\/www.marsaly.fr\/fred\/wp-content\/uploads\/2018\/06\/DSC_4775.jpg\"><img decoding=\"async\" loading=\"lazy\" class=\"alignnone size-large wp-image-5121\" src=\"http:\/\/www.marsaly.fr\/fred\/wp-content\/uploads\/2018\/06\/DSC_4775-1024x614.jpg\" alt=\"\" width=\"584\" height=\"350\" srcset=\"http:\/\/www.marsaly.fr\/fred\/wp-content\/uploads\/2018\/06\/DSC_4775.jpg 1024w, http:\/\/www.marsaly.fr\/fred\/wp-content\/uploads\/2018\/06\/DSC_4775-300x180.jpg 300w, http:\/\/www.marsaly.fr\/fred\/wp-content\/uploads\/2018\/06\/DSC_4775-768x461.jpg 768w, http:\/\/www.marsaly.fr\/fred\/wp-content\/uploads\/2018\/06\/DSC_4775-500x300.jpg 500w\" sizes=\"(max-width: 584px) 100vw, 584px\" \/><\/a><\/p>\n<p style=\"text-align: justify;\">Mais le plus sympathique \u00e9tait ce formidable <a href=\"http:\/\/www.marsaly.fr\/fred\/dhc-2-beaver\/\">DHC-2 Beaver<\/a> venu de Norv\u00e8ge, un p\u00e9riple mouvement\u00e9, bien \u00e9quip\u00e9 de son moteur \u00e0 pistons d&rsquo;origine. Dans le panth\u00e9on des avions sympathiques, qui ont su se rendre indispensables dans les r\u00e9gions les plus difficiles, le Beaver tient une place de choix. C&rsquo;est une des raisons qui explique aussi sa pr\u00e9sence sur l&rsquo;affiche de l&rsquo;\u00e9v\u00e8nement et \u00e7a n&rsquo;est que bien m\u00e9rit\u00e9 !<\/p>\n<div id=\"attachment_5122\" style=\"width: 594px\" class=\"wp-caption alignnone\"><a href=\"http:\/\/www.marsaly.fr\/fred\/wp-content\/uploads\/2018\/06\/DSC_4413.jpg\"><img aria-describedby=\"caption-attachment-5122\" decoding=\"async\" loading=\"lazy\" class=\"wp-image-5122 size-large\" src=\"http:\/\/www.marsaly.fr\/fred\/wp-content\/uploads\/2018\/06\/DSC_4413-1024x556.jpg\" alt=\"\" width=\"584\" height=\"317\" srcset=\"http:\/\/www.marsaly.fr\/fred\/wp-content\/uploads\/2018\/06\/DSC_4413.jpg 1024w, http:\/\/www.marsaly.fr\/fred\/wp-content\/uploads\/2018\/06\/DSC_4413-300x163.jpg 300w, http:\/\/www.marsaly.fr\/fred\/wp-content\/uploads\/2018\/06\/DSC_4413-768x417.jpg 768w, http:\/\/www.marsaly.fr\/fred\/wp-content\/uploads\/2018\/06\/DSC_4413-500x271.jpg 500w\" sizes=\"(max-width: 584px) 100vw, 584px\" \/><\/a><p id=\"caption-attachment-5122\" class=\"wp-caption-text\">Un Beaver rutilant sous le soleil, comment ne pas \u00eatre fan ?!<\/p><\/div>\n<div id=\"attachment_5123\" style=\"width: 594px\" class=\"wp-caption alignnone\"><a href=\"http:\/\/www.marsaly.fr\/fred\/wp-content\/uploads\/2018\/06\/Beaver-1024.jpg\"><img aria-describedby=\"caption-attachment-5123\" decoding=\"async\" loading=\"lazy\" class=\"wp-image-5123 size-large\" src=\"http:\/\/www.marsaly.fr\/fred\/wp-content\/uploads\/2018\/06\/Beaver-1024-1024x520.jpg\" alt=\"\" width=\"584\" height=\"297\" srcset=\"http:\/\/www.marsaly.fr\/fred\/wp-content\/uploads\/2018\/06\/Beaver-1024.jpg 1024w, http:\/\/www.marsaly.fr\/fred\/wp-content\/uploads\/2018\/06\/Beaver-1024-300x152.jpg 300w, http:\/\/www.marsaly.fr\/fred\/wp-content\/uploads\/2018\/06\/Beaver-1024-768x390.jpg 768w, http:\/\/www.marsaly.fr\/fred\/wp-content\/uploads\/2018\/06\/Beaver-1024-500x254.jpg 500w\" sizes=\"(max-width: 584px) 100vw, 584px\" \/><\/a><p id=\"caption-attachment-5123\" class=\"wp-caption-text\">L&rsquo;amerrissage sur un flotteur est une technique habituelle pour assurer une man\u0153uvre propre et s\u00fbre.<\/p><\/div>\n<div id=\"attachment_5124\" style=\"width: 594px\" class=\"wp-caption alignnone\"><a href=\"http:\/\/www.marsaly.fr\/fred\/wp-content\/uploads\/2018\/06\/DSC_6911.jpg\"><img aria-describedby=\"caption-attachment-5124\" decoding=\"async\" loading=\"lazy\" class=\"wp-image-5124 size-large\" src=\"http:\/\/www.marsaly.fr\/fred\/wp-content\/uploads\/2018\/06\/DSC_6911-1024x640.jpg\" alt=\"\" width=\"584\" height=\"365\" srcset=\"http:\/\/www.marsaly.fr\/fred\/wp-content\/uploads\/2018\/06\/DSC_6911.jpg 1024w, http:\/\/www.marsaly.fr\/fred\/wp-content\/uploads\/2018\/06\/DSC_6911-300x188.jpg 300w, http:\/\/www.marsaly.fr\/fred\/wp-content\/uploads\/2018\/06\/DSC_6911-768x480.jpg 768w, http:\/\/www.marsaly.fr\/fred\/wp-content\/uploads\/2018\/06\/DSC_6911-480x300.jpg 480w\" sizes=\"(max-width: 584px) 100vw, 584px\" \/><\/a><p id=\"caption-attachment-5124\" class=\"wp-caption-text\">Des lignes simples, pas forc\u00e9ment les plus \u00e9l\u00e9gantes ; mais le \u00ab\u00a0bush plane spirit\u00a0\u00bb coule \u00e0 flot dans toutes ses durites !<\/p><\/div>\n<p style=\"text-align: justify;\">Bien s\u00fbr, ces avions ne sont pas des Warbirds rutilants, tout aur\u00e9ol\u00e9s d&rsquo;exploits guerriers mais les vrais connaisseurs savent que ces appareils ont \u00e9crit des pages enti\u00e8res du grand livre de l&rsquo;histoire de l&rsquo;aviation, pas forc\u00e9ment les plus connues, mais pas les plus laides. Ce sont des avions qu&rsquo;on croise rarement en meeting, qui ne font pas frissonner les spotters, mais les aspirants pilotes et les amateurs d&rsquo;aviation l\u00e9g\u00e8re s&rsquo;en d\u00e9lectent.<\/p>\n<div id=\"attachment_5130\" style=\"width: 234px\" class=\"wp-caption alignleft\"><a href=\"http:\/\/www.marsaly.fr\/fred\/wp-content\/uploads\/2018\/06\/apache-roll.jpg\"><img aria-describedby=\"caption-attachment-5130\" decoding=\"async\" loading=\"lazy\" class=\"wp-image-5130 size-medium\" src=\"http:\/\/www.marsaly.fr\/fred\/wp-content\/uploads\/2018\/06\/apache-roll-224x300.jpg\" alt=\"\" width=\"224\" height=\"300\" srcset=\"http:\/\/www.marsaly.fr\/fred\/wp-content\/uploads\/2018\/06\/apache-roll-224x300.jpg 224w, http:\/\/www.marsaly.fr\/fred\/wp-content\/uploads\/2018\/06\/apache-roll.jpg 764w\" sizes=\"(max-width: 224px) 100vw, 224px\" \/><\/a><p id=\"caption-attachment-5130\" class=\"wp-caption-text\">L&rsquo;Apache Roll, inspir\u00e9e par la Patrouille Breitling, fait partie des figures les plus photog\u00e9niques de la PAF depuis quelques ann\u00e9es.<\/p><\/div>\n<p style=\"text-align: justify;\">L&rsquo;organisateur du rassemblement en \u00e9tait sans doute conscient, c&rsquo;est pour cela que le meeting a\u00e9rien a comport\u00e9 quelques machines plus attractives pour le grand public.<\/p>\n<p style=\"text-align: justify;\">Parmi ces vedettes figurait la Patrouille de France. La zone du meeting n&rsquo;\u00e9tant pas forc\u00e9ment tr\u00e8s \u00e9tendue, nous nous sommes retrouv\u00e9s lors des r\u00e9p\u00e9titions et de leur pr\u00e9sentation officielle du samedi \u00e0 c\u00f4t\u00e9 du \u00ab\u00a0point central\u00a0\u00bb o\u00f9 se trouvaient le reste de l&rsquo;\u00e9quipe de la PAF et son cam\u00e9raman dont le travail permet une analyse apr\u00e8s coup de la qualit\u00e9 du vol du jour. Ils disposaient d&rsquo;un retour des communications radio du leader ce qui nous a permis de suivre la d\u00e9monstration en direct avec la patrouille. Honn\u00eatement, \u00e7a vaut largement le commentaire officiel !<\/p>\n<p style=\"text-align: justify;\">Leur exhibition s&rsquo;est d\u00e9roul\u00e9e d&rsquo;ailleurs en milieu de programme ce qui a eu l&rsquo;avantage d&rsquo;\u00e9claircir quelque peu les rangs des spectateurs et de faciliter ainsi la sortie du site pour ceux pour lesquels un meeting a\u00e9rien ne se r\u00e9sume pas qu&rsquo;\u00e0 la d\u00e9mo des Alpha Jet bleus blancs et rouges. D&rsquo;ailleurs, cette programmation permet sans doute \u00e0 la boutique officielle de la PAF de booster son chiffre d&rsquo;affaire pendant le reste de l&rsquo;apr\u00e8s-midi.<\/p>\n<div id=\"attachment_5131\" style=\"width: 594px\" class=\"wp-caption alignnone\"><a href=\"http:\/\/www.marsaly.fr\/fred\/wp-content\/uploads\/2018\/06\/Paf-2.jpg\"><img aria-describedby=\"caption-attachment-5131\" decoding=\"async\" loading=\"lazy\" class=\"wp-image-5131 size-large\" src=\"http:\/\/www.marsaly.fr\/fred\/wp-content\/uploads\/2018\/06\/Paf-2-1024x513.jpg\" alt=\"\" width=\"584\" height=\"293\" srcset=\"http:\/\/www.marsaly.fr\/fred\/wp-content\/uploads\/2018\/06\/Paf-2.jpg 1024w, http:\/\/www.marsaly.fr\/fred\/wp-content\/uploads\/2018\/06\/Paf-2-300x150.jpg 300w, http:\/\/www.marsaly.fr\/fred\/wp-content\/uploads\/2018\/06\/Paf-2-768x385.jpg 768w, http:\/\/www.marsaly.fr\/fred\/wp-content\/uploads\/2018\/06\/Paf-2-500x250.jpg 500w\" sizes=\"(max-width: 584px) 100vw, 584px\" \/><\/a><p id=\"caption-attachment-5131\" class=\"wp-caption-text\">Qu&rsquo;on ne s&rsquo;y trompe pas, tenir ce genre de formation, c&rsquo;est du tr\u00e8s grand art !<\/p><\/div>\n<p style=\"text-align: justify;\">On sait que la prestigieuse formation a connu un changement de Leader en plein hiver obligeant celui de 2012, alors directeur des \u00e9quipes de pr\u00e9sentation de l&rsquo;arm\u00e9e de l&rsquo;Air \u00e0 reprendre le poste au pied lev\u00e9. On aurait pu craindre que le programme en souffre. Il n&rsquo;en est rien puisque la d\u00e9monstration 2018 est bien rythm\u00e9e avec quelques innovations dont une nouvelle figure et finalement tr\u00e8s agr\u00e9able \u00e0 suivre.<\/p>\n<div id=\"attachment_5128\" style=\"width: 283px\" class=\"wp-caption alignleft\"><a href=\"http:\/\/www.marsaly.fr\/fred\/wp-content\/uploads\/2018\/06\/Rafale-1024.jpg\"><img aria-describedby=\"caption-attachment-5128\" decoding=\"async\" loading=\"lazy\" class=\"wp-image-5128 size-medium\" src=\"http:\/\/www.marsaly.fr\/fred\/wp-content\/uploads\/2018\/06\/Rafale-1024-273x300.jpg\" alt=\"\" width=\"273\" height=\"300\" srcset=\"http:\/\/www.marsaly.fr\/fred\/wp-content\/uploads\/2018\/06\/Rafale-1024-273x300.jpg 273w, http:\/\/www.marsaly.fr\/fred\/wp-content\/uploads\/2018\/06\/Rafale-1024-768x844.jpg 768w, http:\/\/www.marsaly.fr\/fred\/wp-content\/uploads\/2018\/06\/Rafale-1024.jpg 837w\" sizes=\"(max-width: 273px) 100vw, 273px\" \/><\/a><p id=\"caption-attachment-5128\" class=\"wp-caption-text\">Un des deux Rafale M de la 17F en pleine remise de gaz !<\/p><\/div>\n<p style=\"text-align: justify;\">Histoire d&rsquo;en mettre plein la vue aux spectateurs, rien de mieux qu&rsquo;un chasseur moderne. La Flottille 17F de Landivisiau, qui a \u00e9chang\u00e9 ses Super Etendard pour des Rafale il y a deux ans, poss\u00e8de des liens particuliers avec la cit\u00e9 de Biscarrosse, marraine de l&rsquo;unit\u00e9 depuis 2013. Elle \u00e9tait donc pr\u00e9sente avec deux de ses avions pour une d\u00e9monstration tactique impressionnante et bruyante \u00e0 souhait. Moins fluide que la d\u00e9mo \u00e0 quatre Rafale pr\u00e9sent\u00e9e \u00e0 la Fert\u00e9-Alais, les deux \u00ab\u00a0Glorieux\u00a0\u00bb n&rsquo;en ont pas moins pr\u00e9sent\u00e9 leurs avions de fa\u00e7on vraiment spectaculaire..<\/p>\n<p style=\"text-align: justify;\">Avions de voltige, h\u00e9licopt\u00e8res et autogire compl\u00e9taient le programme, avec parmi les pilotes quelques noms prestigieux. Il ne manquait juste que la S\u00e9curit\u00e9 Civile, mais aucun des avions n\u00eemois n&rsquo;est apparu sur les meetings a\u00e9riens du printemps, m\u00eame pas pour les 40 ans de l&rsquo;<a href=\"http:\/\/www.marsaly.fr\/fred\/jpo-a-luiisc1-de-nogent-le-rotrou\/\">UIISC1 \u00e0 Nogent le Rotrou<\/a> ce m\u00eame weekend.<\/p>\n<p style=\"text-align: justify;\">Mais les vedettes de ce rassemblement \u00e9taient trois et, \u00e0 elles seules, m\u00e9ritaient clairement le d\u00e9placement.<\/p>\n<p style=\"text-align: justify;\">A tout seigneur tout honneur et au pays des hydravions et des amphibies, le v\u00e9n\u00e9rable Catalina se devait d&rsquo;\u00eatre pr\u00e9sent. Cette ann\u00e9e, c&rsquo;est \u00ab\u00a0Princesse des Etoiles\u00a0\u00bb qui est venue tremper sa coque dans le lac de Biscarrosse.<\/p>\n<div id=\"attachment_5132\" style=\"width: 594px\" class=\"wp-caption alignnone\"><a href=\"http:\/\/www.marsaly.fr\/fred\/wp-content\/uploads\/2018\/06\/cat-eau-1024.jpg\"><img aria-describedby=\"caption-attachment-5132\" decoding=\"async\" loading=\"lazy\" class=\"wp-image-5132 size-large\" src=\"http:\/\/www.marsaly.fr\/fred\/wp-content\/uploads\/2018\/06\/cat-eau-1024-1024x494.jpg\" alt=\"\" width=\"584\" height=\"282\" srcset=\"http:\/\/www.marsaly.fr\/fred\/wp-content\/uploads\/2018\/06\/cat-eau-1024.jpg 1024w, http:\/\/www.marsaly.fr\/fred\/wp-content\/uploads\/2018\/06\/cat-eau-1024-300x145.jpg 300w, http:\/\/www.marsaly.fr\/fred\/wp-content\/uploads\/2018\/06\/cat-eau-1024-768x371.jpg 768w, http:\/\/www.marsaly.fr\/fred\/wp-content\/uploads\/2018\/06\/cat-eau-1024-500x241.jpg 500w\" sizes=\"(max-width: 584px) 100vw, 584px\" \/><\/a><p id=\"caption-attachment-5132\" class=\"wp-caption-text\">\u00ab\u00a0Princesse des Etoiles\u00a0\u00bb dans un de ses nombreux \u00e9l\u00e9ments !!<\/p><\/div>\n<p style=\"text-align: justify;\">Si il est assez courant de voir un PBY en vol, l&rsquo;avion bas\u00e9 \u00e0 Melun ou son confr\u00e8re britannique \u00e9tant tr\u00e8s souvent sollicit\u00e9 par les organisateurs de meeting fran\u00e7ais (et s&rsquo;en plaindre serait incompr\u00e9hensible) il faut bien avouer que le voir dans l&rsquo;eau est absolument magique. Et en vol, c&rsquo;est toujours d&rsquo;une \u00e9l\u00e9gance sublime !<\/p>\n<div id=\"attachment_5133\" style=\"width: 594px\" class=\"wp-caption alignnone\"><a href=\"http:\/\/www.marsaly.fr\/fred\/wp-content\/uploads\/2018\/06\/cat-profil-1024.jpg\"><img aria-describedby=\"caption-attachment-5133\" decoding=\"async\" loading=\"lazy\" class=\"wp-image-5133 size-large\" src=\"http:\/\/www.marsaly.fr\/fred\/wp-content\/uploads\/2018\/06\/cat-profil-1024-1024x617.jpg\" alt=\"\" width=\"584\" height=\"352\" srcset=\"http:\/\/www.marsaly.fr\/fred\/wp-content\/uploads\/2018\/06\/cat-profil-1024.jpg 1024w, http:\/\/www.marsaly.fr\/fred\/wp-content\/uploads\/2018\/06\/cat-profil-1024-300x181.jpg 300w, http:\/\/www.marsaly.fr\/fred\/wp-content\/uploads\/2018\/06\/cat-profil-1024-768x463.jpg 768w, http:\/\/www.marsaly.fr\/fred\/wp-content\/uploads\/2018\/06\/cat-profil-1024-498x300.jpg 498w\" sizes=\"(max-width: 584px) 100vw, 584px\" \/><\/a><p id=\"caption-attachment-5133\" class=\"wp-caption-text\">En courte finale sur le plan d&rsquo;eau de Biscarrosse.<\/p><\/div>\n<p>Mais alors qu&rsquo;on pouvait imaginer le N9767 \u00eatre la grande vedette du show, il s&rsquo;est fait ravir le titre par un jeunot n\u00e9 apr\u00e8s-guerre !<\/p>\n<div id=\"attachment_5135\" style=\"width: 594px\" class=\"wp-caption alignnone\"><a href=\"http:\/\/www.marsaly.fr\/fred\/wp-content\/uploads\/2018\/06\/cat-en-tross.jpg\"><img aria-describedby=\"caption-attachment-5135\" decoding=\"async\" loading=\"lazy\" class=\"wp-image-5135 size-large\" src=\"http:\/\/www.marsaly.fr\/fred\/wp-content\/uploads\/2018\/06\/cat-en-tross-1024x558.jpg\" alt=\"\" width=\"584\" height=\"318\" srcset=\"http:\/\/www.marsaly.fr\/fred\/wp-content\/uploads\/2018\/06\/cat-en-tross.jpg 1024w, http:\/\/www.marsaly.fr\/fred\/wp-content\/uploads\/2018\/06\/cat-en-tross-300x163.jpg 300w, http:\/\/www.marsaly.fr\/fred\/wp-content\/uploads\/2018\/06\/cat-en-tross-768x419.jpg 768w, http:\/\/www.marsaly.fr\/fred\/wp-content\/uploads\/2018\/06\/cat-en-tross-500x272.jpg 500w\" sizes=\"(max-width: 584px) 100vw, 584px\" \/><\/a><p id=\"caption-attachment-5135\" class=\"wp-caption-text\">Grumman Albatross surpris en flagrant d\u00e9lit de vol de vedette \u00e0 un Catalina lors d&rsquo;un meeting a\u00e9rien.<\/p><\/div>\n<p>Venu sp\u00e9cialement du Nevada o\u00f9 il est d\u00e9sormais bas\u00e9 apr\u00e8s avoir pass\u00e9 beaucoup de temps \u00e0 Santa-Rosa en Californie, le Grumman Albatross N7025N, \u00e9galement annonc\u00e9 sur l&rsquo;affiche du rassemblement, a \u00e9t\u00e9 la vraie grande star de cette \u00e9dition.<\/p>\n<div id=\"attachment_5134\" style=\"width: 594px\" class=\"wp-caption alignnone\"><a href=\"http:\/\/www.marsaly.fr\/fred\/wp-content\/uploads\/2018\/06\/Always-1024.jpg\"><img aria-describedby=\"caption-attachment-5134\" decoding=\"async\" loading=\"lazy\" class=\"wp-image-5134 size-large\" src=\"http:\/\/www.marsaly.fr\/fred\/wp-content\/uploads\/2018\/06\/Always-1024-1024x487.jpg\" alt=\"\" width=\"584\" height=\"278\" srcset=\"http:\/\/www.marsaly.fr\/fred\/wp-content\/uploads\/2018\/06\/Always-1024.jpg 1024w, http:\/\/www.marsaly.fr\/fred\/wp-content\/uploads\/2018\/06\/Always-1024-300x143.jpg 300w, http:\/\/www.marsaly.fr\/fred\/wp-content\/uploads\/2018\/06\/Always-1024-768x365.jpg 768w, http:\/\/www.marsaly.fr\/fred\/wp-content\/uploads\/2018\/06\/Always-1024-500x238.jpg 500w\" sizes=\"(max-width: 584px) 100vw, 584px\" \/><\/a><p id=\"caption-attachment-5134\" class=\"wp-caption-text\">&#8211; T&rsquo;as d\u00e9j\u00e0 vu \u00ab\u00a0Always\u00a0\u00bb de Spielberg ? &#8211; Non, pourquoi ? &#8211; Pour rien, pour rien&#8230;<\/p><\/div>\n<p style=\"text-align: justify;\">\u00c9dition d&rsquo;autant plus sous le signe de l&rsquo;hydravion Grumman qu&rsquo;un autre exemplaire, r\u00e9cup\u00e9r\u00e9 en Italie dans un \u00e9tat de d\u00e9labrement avanc\u00e9 et restaur\u00e9, a \u00e9t\u00e9 inaugur\u00e9 pour l&rsquo;occasion en exposition statique \u00e0 l&rsquo;entr\u00e9e du mus\u00e9e de l&rsquo;hydraviation \u00e0 quelques m\u00e8tres du site du meeting.<\/p>\n<div id=\"attachment_5136\" style=\"width: 594px\" class=\"wp-caption alignnone\"><a href=\"http:\/\/www.marsaly.fr\/fred\/wp-content\/uploads\/2018\/06\/Albatros-Bisca.jpg\"><img aria-describedby=\"caption-attachment-5136\" decoding=\"async\" loading=\"lazy\" class=\"wp-image-5136 size-large\" src=\"http:\/\/www.marsaly.fr\/fred\/wp-content\/uploads\/2018\/06\/Albatros-Bisca-1024x608.jpg\" alt=\"\" width=\"584\" height=\"347\" srcset=\"http:\/\/www.marsaly.fr\/fred\/wp-content\/uploads\/2018\/06\/Albatros-Bisca.jpg 1024w, http:\/\/www.marsaly.fr\/fred\/wp-content\/uploads\/2018\/06\/Albatros-Bisca-300x178.jpg 300w, http:\/\/www.marsaly.fr\/fred\/wp-content\/uploads\/2018\/06\/Albatros-Bisca-768x456.jpg 768w, http:\/\/www.marsaly.fr\/fred\/wp-content\/uploads\/2018\/06\/Albatros-Bisca-500x297.jpg 500w\" sizes=\"(max-width: 584px) 100vw, 584px\" \/><\/a><p id=\"caption-attachment-5136\" class=\"wp-caption-text\">L&rsquo;autre Grumman Albatross, sauv\u00e9 et restaur\u00e9 au statique par le mus\u00e9e de l&rsquo;Hydraviation.<\/p><\/div>\n<p style=\"text-align: justify;\">Deux Albatross ! M\u00eame si cet avion n&rsquo;a que des liens tr\u00e8s t\u00e9nus avec l&rsquo;histoire de l&rsquo;hydraviation de notre pays, il n&rsquo;en \u00e9tait pas moins un grand t\u00e9moin du temps o\u00f9 ces appareils \u00e9taient les rois des cieux.<\/p>\n<div id=\"attachment_5137\" style=\"width: 594px\" class=\"wp-caption alignnone\"><a href=\"http:\/\/www.marsaly.fr\/fred\/wp-content\/uploads\/2018\/06\/DSC_7004.jpg\"><img aria-describedby=\"caption-attachment-5137\" decoding=\"async\" loading=\"lazy\" class=\"wp-image-5137 size-large\" src=\"http:\/\/www.marsaly.fr\/fred\/wp-content\/uploads\/2018\/06\/DSC_7004-1024x496.jpg\" alt=\"\" width=\"584\" height=\"283\" srcset=\"http:\/\/www.marsaly.fr\/fred\/wp-content\/uploads\/2018\/06\/DSC_7004.jpg 1024w, http:\/\/www.marsaly.fr\/fred\/wp-content\/uploads\/2018\/06\/DSC_7004-300x145.jpg 300w, http:\/\/www.marsaly.fr\/fred\/wp-content\/uploads\/2018\/06\/DSC_7004-768x372.jpg 768w, http:\/\/www.marsaly.fr\/fred\/wp-content\/uploads\/2018\/06\/DSC_7004-500x242.jpg 500w\" sizes=\"(max-width: 584px) 100vw, 584px\" \/><\/a><p id=\"caption-attachment-5137\" class=\"wp-caption-text\">Pas le plus beau des hydro, mais un avion \u00e0 l&rsquo;allure unique et \u00e0 l&rsquo;histoire charg\u00e9e.<\/p><\/div>\n<p style=\"text-align: justify;\">L&rsquo;Albatross a assur\u00e9 une d\u00e9monstration en vol quotidienne mais pour que le spectacle soit vraiment complet, c&rsquo;est bien depuis son mouillage devant la foule qu&rsquo;il prenait son envol. Et pour parachever le spectacle, c&rsquo;est en patrouille serr\u00e9e avec <a href=\"http:\/\/www.marsaly.fr\/fred\/le-non-evenement-de-clover-field-17-decembre-1935-3\/\">le C-47<\/a> de Chalair qu&rsquo;il terminait sa pr\u00e9sentation. Deux tr\u00e8s grandes l\u00e9gendes de l&rsquo;aviation volant de concert&#8230; juste splendide ! Et quel bruit !! C&rsquo;\u00e9tait juste magique !<\/p>\n<div id=\"attachment_5146\" style=\"width: 594px\" class=\"wp-caption alignnone\"><a href=\"http:\/\/www.marsaly.fr\/fred\/wp-content\/uploads\/2018\/06\/duo-1024.jpg\"><img aria-describedby=\"caption-attachment-5146\" decoding=\"async\" loading=\"lazy\" class=\"wp-image-5146 size-large\" src=\"http:\/\/www.marsaly.fr\/fred\/wp-content\/uploads\/2018\/06\/duo-1024-1024x674.jpg\" alt=\"\" width=\"584\" height=\"384\" srcset=\"http:\/\/www.marsaly.fr\/fred\/wp-content\/uploads\/2018\/06\/duo-1024.jpg 1024w, http:\/\/www.marsaly.fr\/fred\/wp-content\/uploads\/2018\/06\/duo-1024-300x197.jpg 300w, http:\/\/www.marsaly.fr\/fred\/wp-content\/uploads\/2018\/06\/duo-1024-768x506.jpg 768w, http:\/\/www.marsaly.fr\/fred\/wp-content\/uploads\/2018\/06\/duo-1024-456x300.jpg 456w\" sizes=\"(max-width: 584px) 100vw, 584px\" \/><\/a><p id=\"caption-attachment-5146\" class=\"wp-caption-text\">Passage en formation pour deux merveilles de l&rsquo;aviation !<\/p><\/div>\n<p style=\"text-align: justify;\">C&rsquo;est un autre hydravion qui a cl\u00f4t l&rsquo;apr\u00e8s-midi.<\/p>\n<p style=\"text-align: justify;\">Fort de l&rsquo;annonce de sa future remotorisation par le r\u00e9acteur SaM 146 de Safran et NPO Saturn, le <a href=\"http:\/\/www.marsaly.fr\/fred\/le-destin-tourmente-du-beriev-200\/\">Beriev 200<\/a> est brutalement revenu sur le devant de la sc\u00e8ne. Il n&rsquo;avait plus \u00e9t\u00e9 vu en France depuis l&rsquo;\u00e9t\u00e9 2011 lorsqu&rsquo;il avait \u00e9t\u00e9 longuement \u00e9valu\u00e9 par les pilotes de la S\u00e9curit\u00e9 Civile fran\u00e7aise qui l&rsquo;avaient, cependant, trouv\u00e9 prometteur mais perclus de d\u00e9fauts lui rendant sans doute difficile de pr\u00e9tendre <a href=\"http:\/\/www.marsaly.fr\/fred\/remplacer-les-canadair-ok-mais-par-quoi\/\">succ\u00e9der aux CL-415<\/a> en service depuis un peu plus d&rsquo;une vingtaine d&rsquo;ann\u00e9es d\u00e9sormais.<\/p>\n<div id=\"attachment_5141\" style=\"width: 594px\" class=\"wp-caption alignnone\"><a href=\"http:\/\/www.marsaly.fr\/fred\/wp-content\/uploads\/2018\/06\/ecopage-\u00e0-dash-1024.jpg\"><img aria-describedby=\"caption-attachment-5141\" decoding=\"async\" loading=\"lazy\" class=\"wp-image-5141 size-large\" src=\"http:\/\/www.marsaly.fr\/fred\/wp-content\/uploads\/2018\/06\/ecopage-\u00e0-dash-1024-1024x509.jpg\" alt=\"\" width=\"584\" height=\"290\" srcset=\"http:\/\/www.marsaly.fr\/fred\/wp-content\/uploads\/2018\/06\/ecopage-\u00e0-dash-1024.jpg 1024w, http:\/\/www.marsaly.fr\/fred\/wp-content\/uploads\/2018\/06\/ecopage-\u00e0-dash-1024-300x149.jpg 300w, http:\/\/www.marsaly.fr\/fred\/wp-content\/uploads\/2018\/06\/ecopage-\u00e0-dash-1024-768x382.jpg 768w, http:\/\/www.marsaly.fr\/fred\/wp-content\/uploads\/2018\/06\/ecopage-\u00e0-dash-1024-500x249.jpg 500w\" sizes=\"(max-width: 584px) 100vw, 584px\" \/><\/a><p id=\"caption-attachment-5141\" class=\"wp-caption-text\">Ecopage du Beriev 200, \u00e0 bonne distance du public.<\/p><\/div>\n<p style=\"text-align: justify;\">Cette remotorisation, qui ne r\u00e8glera sans doute pas tous les probl\u00e8mes d\u00e9cel\u00e9s, offre \u00e0 l&rsquo;appareil le soutien d&rsquo;importants groupes a\u00e9ronautiques europ\u00e9ens, ce qui n&rsquo;est pas anodin, du tout ! N\u00e9anmoins, le retard pris dans ce programme pourra-t-il \u00eatre rattrap\u00e9 ?<\/p>\n<div id=\"attachment_5142\" style=\"width: 594px\" class=\"wp-caption alignnone\"><a href=\"http:\/\/www.marsaly.fr\/fred\/wp-content\/uploads\/2018\/06\/DSC_4854.jpg\"><img aria-describedby=\"caption-attachment-5142\" decoding=\"async\" loading=\"lazy\" class=\"wp-image-5142 size-large\" src=\"http:\/\/www.marsaly.fr\/fred\/wp-content\/uploads\/2018\/06\/DSC_4854-1024x606.jpg\" alt=\"\" width=\"584\" height=\"346\" srcset=\"http:\/\/www.marsaly.fr\/fred\/wp-content\/uploads\/2018\/06\/DSC_4854.jpg 1024w, http:\/\/www.marsaly.fr\/fred\/wp-content\/uploads\/2018\/06\/DSC_4854-300x178.jpg 300w, http:\/\/www.marsaly.fr\/fred\/wp-content\/uploads\/2018\/06\/DSC_4854-768x455.jpg 768w, http:\/\/www.marsaly.fr\/fred\/wp-content\/uploads\/2018\/06\/DSC_4854-500x296.jpg 500w\" sizes=\"(max-width: 584px) 100vw, 584px\" \/><\/a><p id=\"caption-attachment-5142\" class=\"wp-caption-text\">Largage depuis le bombardier d&rsquo;eau Russe. Sa charge maximale est de 12 000 litres mais se fait au d\u00e9triment de son autonomie.<\/p><\/div>\n<p style=\"text-align: justify;\">Il y a fort \u00e0 parier que l&rsquo;avion sera \u00e0 nouveau pr\u00e9sent\u00e9 en France, en particulier lors du prochain salon du Bourget. On ne pourra que lui souhaiter de faire une d\u00e9monstration en vol un peu plus proche du public m\u00eame si l&rsquo;\u00e9quipage a daign\u00e9 s&rsquo;approcher un peu plus du rivage lors des exhibitions du samedi et du dimanche.<\/p>\n<div id=\"attachment_5140\" style=\"width: 594px\" class=\"wp-caption alignnone\"><a href=\"http:\/\/www.marsaly.fr\/fred\/wp-content\/uploads\/2018\/06\/Beriev-BDX-1024.jpg\"><img aria-describedby=\"caption-attachment-5140\" decoding=\"async\" loading=\"lazy\" class=\"wp-image-5140 size-large\" src=\"http:\/\/www.marsaly.fr\/fred\/wp-content\/uploads\/2018\/06\/Beriev-BDX-1024-1024x528.jpg\" alt=\"\" width=\"584\" height=\"301\" srcset=\"http:\/\/www.marsaly.fr\/fred\/wp-content\/uploads\/2018\/06\/Beriev-BDX-1024.jpg 1024w, http:\/\/www.marsaly.fr\/fred\/wp-content\/uploads\/2018\/06\/Beriev-BDX-1024-300x155.jpg 300w, http:\/\/www.marsaly.fr\/fred\/wp-content\/uploads\/2018\/06\/Beriev-BDX-1024-768x396.jpg 768w, http:\/\/www.marsaly.fr\/fred\/wp-content\/uploads\/2018\/06\/Beriev-BDX-1024-500x258.jpg 500w\" sizes=\"(max-width: 584px) 100vw, 584px\" \/><\/a><p id=\"caption-attachment-5140\" class=\"wp-caption-text\">Le Beriev surpris en finale \u00e0 Bordeaux, au retour de sa derni\u00e8re d\u00e9monstration \u00e0 Biscarrosse.<\/p><\/div>\n<p style=\"text-align: justify;\">Biscarrosse demeure donc le haut-lieu de l&rsquo;hydraviation fran\u00e7aise. Celle-ci est toujours bien vivante, notamment gr\u00e2ce aux bombardiers d&rsquo;eau de la S\u00e9curit\u00e9 Civile mais son usage r\u00e9cr\u00e9atif demeure quand m\u00eame tr\u00e8s brid\u00e9, alors m\u00eame que les endroits o\u00f9 la pratiquer en toute tranquillit\u00e9 ne manquent pas.<\/p>\n<div id=\"attachment_5143\" style=\"width: 594px\" class=\"wp-caption alignnone\"><a href=\"http:\/\/www.marsaly.fr\/fred\/wp-content\/uploads\/2018\/06\/C172-italien.jpg\"><img aria-describedby=\"caption-attachment-5143\" decoding=\"async\" loading=\"lazy\" class=\"wp-image-5143 size-large\" src=\"http:\/\/www.marsaly.fr\/fred\/wp-content\/uploads\/2018\/06\/C172-italien-1024x567.jpg\" alt=\"\" width=\"584\" height=\"323\" srcset=\"http:\/\/www.marsaly.fr\/fred\/wp-content\/uploads\/2018\/06\/C172-italien.jpg 1024w, http:\/\/www.marsaly.fr\/fred\/wp-content\/uploads\/2018\/06\/C172-italien-300x166.jpg 300w, http:\/\/www.marsaly.fr\/fred\/wp-content\/uploads\/2018\/06\/C172-italien-768x425.jpg 768w, http:\/\/www.marsaly.fr\/fred\/wp-content\/uploads\/2018\/06\/C172-italien-500x277.jpg 500w\" sizes=\"(max-width: 584px) 100vw, 584px\" \/><\/a><p id=\"caption-attachment-5143\" class=\"wp-caption-text\">Le Cessna R-172K I-DROV, qui n&rsquo;a pas vol\u00e9 au cours du rassemblement, provennait de l&rsquo;a\u00e9ro-club de C\u00f4me, autre grand lieu de l&rsquo;hydraviation europ\u00e9enne. <a href=\"https:\/\/www.bea.aero\/uploads\/tx_elydbrapports\/BEA2018-0347.pdf\">Il a malheureusement \u00e9t\u00e9 accident\u00e9 apr\u00e8s un atterrissage forc\u00e9<\/a> le dimanche 10 dans les collines au nord de Carcassonne.<\/p><\/div>\n<p style=\"text-align: justify;\">Le Rassemblement de 2018 a \u00e9t\u00e9 une r\u00e9ussite ind\u00e9niable et nous ne pouvons que souhaiter aux \u00e9quipes qui ont repris son organisation de parvenir \u00e0 le rendre encore plus vaste. On se met \u00e0 r\u00eaver d&rsquo;un plateau encore plus ambitieux et d&rsquo;une m\u00e9t\u00e9o encore plus cl\u00e9mente pour 2020 ! Le rendez-vous est pris !<\/p>\n<p><a href=\"http:\/\/www.marsaly.fr\/fred\/wp-content\/uploads\/2018\/06\/DSC_4407.jpg\"><img decoding=\"async\" loading=\"lazy\" class=\"alignnone size-large wp-image-5144\" src=\"http:\/\/www.marsaly.fr\/fred\/wp-content\/uploads\/2018\/06\/DSC_4407-1024x678.jpg\" alt=\"\" width=\"584\" height=\"387\" srcset=\"http:\/\/www.marsaly.fr\/fred\/wp-content\/uploads\/2018\/06\/DSC_4407.jpg 1024w, http:\/\/www.marsaly.fr\/fred\/wp-content\/uploads\/2018\/06\/DSC_4407-300x199.jpg 300w, http:\/\/www.marsaly.fr\/fred\/wp-content\/uploads\/2018\/06\/DSC_4407-768x509.jpg 768w, http:\/\/www.marsaly.fr\/fred\/wp-content\/uploads\/2018\/06\/DSC_4407-453x300.jpg 453w\" sizes=\"(max-width: 584px) 100vw, 584px\" \/><\/a><\/p>\n","protected":false},"excerpt":{"rendered":"<p>Biscarrosse, un peu au sud de Bordeaux, au bord du lac \u00e9ponyme est un site lourdement charg\u00e9 d&rsquo;histoire a\u00e9ronautique puisque ce fut une hydrobase importante juste avant et pendant la seconde guerre mondiale. Aujourd&rsquo;hui, elle reste le seul endroit en &hellip; <a href=\"http:\/\/www.marsaly.fr\/fred\/biscarrosse-2018\/\">Continuer la lecture <span class=\"meta-nav\">&rarr;<\/span><\/a><\/p>\n","protected":false},"author":2,"featured_media":0,"comment_status":"open","ping_status":"open","sticky":false,"template":"","format":"standard","meta":[],"categories":[4],"tags":[330,235],"_links":{"self":[{"href":"http:\/\/www.marsaly.fr\/fred\/wp-json\/wp\/v2\/posts\/5103"}],"collection":[{"href":"http:\/\/www.marsaly.fr\/fred\/wp-json\/wp\/v2\/posts"}],"about":[{"href":"http:\/\/www.marsaly.fr\/fred\/wp-json\/wp\/v2\/types\/post"}],"author":[{"embeddable":true,"href":"http:\/\/www.marsaly.fr\/fred\/wp-json\/wp\/v2\/users\/2"}],"replies":[{"embeddable":true,"href":"http:\/\/www.marsaly.fr\/fred\/wp-json\/wp\/v2\/comments?post=5103"}],"version-history":[{"count":17,"href":"http:\/\/www.marsaly.fr\/fred\/wp-json\/wp\/v2\/posts\/5103\/revisions"}],"predecessor-version":[{"id":6813,"href":"http:\/\/www.marsaly.fr\/fred\/wp-json\/wp\/v2\/posts\/5103\/revisions\/6813"}],"wp:attachment":[{"href":"http:\/\/www.marsaly.fr\/fred\/wp-json\/wp\/v2\/media?parent=5103"}],"wp:term":[{"taxonomy":"category","embeddable":true,"href":"http:\/\/www.marsaly.fr\/fred\/wp-json\/wp\/v2\/categories?post=5103"},{"taxonomy":"post_tag","embeddable":true,"href":"http:\/\/www.marsaly.fr\/fred\/wp-json\/wp\/v2\/tags?post=5103"}],"curies":[{"name":"wp","href":"https:\/\/api.w.org\/{rel}","templated":true}]}}