{"id":5085,"date":"2018-05-31T22:49:23","date_gmt":"2018-05-31T20:49:23","guid":{"rendered":"http:\/\/www.marsaly.fr\/fred\/?p=5085"},"modified":"2019-09-28T14:23:00","modified_gmt":"2019-09-28T12:23:00","slug":"une-nouvelle-piste-pour-lavenir-des-martin-mars","status":"publish","type":"post","link":"http:\/\/www.marsaly.fr\/fred\/une-nouvelle-piste-pour-lavenir-des-martin-mars\/","title":{"rendered":"Une nouvelle piste pour l&rsquo;avenir des Martin Mars"},"content":{"rendered":"<p style=\"text-align: justify;\">Dans un entretien t\u00e9l\u00e9phonique avec un podcast canadien, Wayne Coulson a livr\u00e9, il y a quelques jours, une nouvelle piste surprenante pour l&rsquo;avenir de ses deux Martin JRM-3 Mars, d\u00e9sormais d\u00e9finitivement retir\u00e9s de leurs fonctions de pompiers du ciel.<\/p>\n<div id=\"attachment_5089\" style=\"width: 594px\" class=\"wp-caption alignnone\"><a href=\"http:\/\/www.marsaly.fr\/fred\/wp-content\/uploads\/2018\/05\/51_wide-1024-Dan-Megna.jpg\"><img aria-describedby=\"caption-attachment-5089\" decoding=\"async\" loading=\"lazy\" class=\"wp-image-5089 size-large\" src=\"http:\/\/www.marsaly.fr\/fred\/wp-content\/uploads\/2018\/05\/51_wide-1024-Dan-Megna-1024x477.jpg\" alt=\"\" width=\"584\" height=\"272\" srcset=\"http:\/\/www.marsaly.fr\/fred\/wp-content\/uploads\/2018\/05\/51_wide-1024-Dan-Megna.jpg 1024w, http:\/\/www.marsaly.fr\/fred\/wp-content\/uploads\/2018\/05\/51_wide-1024-Dan-Megna-300x140.jpg 300w, http:\/\/www.marsaly.fr\/fred\/wp-content\/uploads\/2018\/05\/51_wide-1024-Dan-Megna-768x358.jpg 768w, http:\/\/www.marsaly.fr\/fred\/wp-content\/uploads\/2018\/05\/51_wide-1024-Dan-Megna-500x233.jpg 500w\" sizes=\"(max-width: 584px) 100vw, 584px\" \/><\/a><p id=\"caption-attachment-5089\" class=\"wp-caption-text\">Le Hawaii Mars en action sur le Sproat Lake. Une autre aventure attend peut-\u00eatre ce sublime avion, ailleurs ! (Photo : Dan Megna)<\/p><\/div>\n<p style=\"text-align: justify;\"><em>\u00ab\u00a0De mon point de vue, les Martin Mars sont des tr\u00e9sors nationaux, mais aussi bien pour le Canada que pour les USA, et ce que nous voulons, c&rsquo;est qu&rsquo;ils soient mis \u00e0 la retraite dans un endroit o\u00f9 on prendra bien soin d&rsquo;eux. Nous avons \u00e9t\u00e9 en contact avec des mus\u00e9es, notamment aux USA, mais un hangar susceptible d&rsquo;abriter un avion aussi grand, \u00e7a vaut des millions de dollars.\u00a0\u00bb<\/em><\/p>\n<p style=\"text-align: justify;\">Wayne Coulson a donc annonc\u00e9 qu&rsquo;il travaillait d\u00e9sormais avec une soci\u00e9t\u00e9 am\u00e9ricaine, dont le nom n&rsquo;a pas \u00e9t\u00e9 d\u00e9voil\u00e9, pour pouvoir exploiter les deux Martin Mars pour des vols \u00e0 la demande selon la nouvelle l\u00e9gislation de la FAA pour les propri\u00e9taires de Warbirds. En effet la \u00ab\u00a0<a href=\"https:\/\/www.federalregister.gov\/documents\/2015\/07\/21\/2015-17966\/policy-regarding-living-history-flight-experience-exemptions-for-passenger-carrying-operations\">Living History Exemption<\/a>\u00a0\u00bb leur permet d\u00e9sormais de facturer des vols avec des passagers effectu\u00e9s dans un rayon de 50 ou 100 miles autour de leur base afin de r\u00e9cup\u00e9rer une partie des co\u00fbts d&rsquo;exploitation de leurs appareils, et les Martin Mars sont d&rsquo;authentiques warbirds !<\/p>\n<p style=\"text-align: justify;\">L&rsquo;objectif aujourd&rsquo;hui est donc de permettre aux deux Mars de recevoir des passagers pour des vols touristiques. Ceci ne doit pas \u00eatre consid\u00e9r\u00e9 comme une n\u00e9gation de leur pass\u00e9 de pompiers du ciel, mais comme un juste retour \u00e0 leur configuration de transport de troupes comme lorsqu&rsquo;ils \u00e9taient sous l&rsquo;uniforme de l&rsquo;US Navy entre la fin de la seconde guerre mondiale et leur retrait de service \u00e0 la fin des ann\u00e9es 50.<\/p>\n<p style=\"text-align: justify;\">Si ce projet absolument incroyable aboutit, o\u00f9 pourraient-ils \u00eatre bas\u00e9s ? \u00e0 Alameda dans la baie de San Francisco, non loin du Porte-Avions USS Hornet ? \u00e0 San Diego ? \u00e0 Los Angeles ?<\/p>\n<div id=\"attachment_5090\" style=\"width: 594px\" class=\"wp-caption alignnone\"><a href=\"http:\/\/www.marsaly.fr\/fred\/wp-content\/uploads\/2018\/05\/DSC_3664.jpg\"><img aria-describedby=\"caption-attachment-5090\" decoding=\"async\" loading=\"lazy\" class=\"wp-image-5090 size-large\" src=\"http:\/\/www.marsaly.fr\/fred\/wp-content\/uploads\/2018\/05\/DSC_3664-1024x678.jpg\" alt=\"\" width=\"584\" height=\"387\" srcset=\"http:\/\/www.marsaly.fr\/fred\/wp-content\/uploads\/2018\/05\/DSC_3664.jpg 1024w, http:\/\/www.marsaly.fr\/fred\/wp-content\/uploads\/2018\/05\/DSC_3664-300x199.jpg 300w, http:\/\/www.marsaly.fr\/fred\/wp-content\/uploads\/2018\/05\/DSC_3664-768x509.jpg 768w, http:\/\/www.marsaly.fr\/fred\/wp-content\/uploads\/2018\/05\/DSC_3664-453x300.jpg 453w\" sizes=\"(max-width: 584px) 100vw, 584px\" \/><\/a><p id=\"caption-attachment-5090\" class=\"wp-caption-text\">San Francisco, vu depuis le pont de l&rsquo;USS Hornet, un bel endroit pour baser un Martin Mars, non ?!<\/p><\/div>\n<p style=\"text-align: justify;\">Peu importe pour le moment ! Il ne fait aucun doute que ces deux tr\u00e9sors a\u00e9ronautiques ont r\u00e9ellement de quoi devenir des attractions incontournables pour les ann\u00e9es \u00e0 venir, pour peu que le prix du billet ne soit pas prohibitif !<\/p>\n<p style=\"text-align: justify;\"><em>\u00ab\u00a0Je pense que tous les passionn\u00e9s du monde seront heureux de les voir voler plut\u00f4t que de les voir pouss\u00e9s dans le coin d&rsquo;un a\u00e9rodrome et se d\u00e9grader petit \u00e0 petit !\u00a0\u00bb<\/em><\/p>\n<p style=\"text-align: justify;\">En ce qui concerne le retrait de service du Hawaii Mars, le constat reste plut\u00f4t amer :<\/p>\n<p style=\"text-align: justify;\"><em>\u00ab\u00a0Ils (NDA : le gouvernement de la Colombie Britannique) ont consid\u00e9r\u00e9 l&rsquo;avion comme trop vieux au lieu de se poser la bonne question : est-il s\u00fbr ou pas ? Or, il r\u00e9pondait aux sp\u00e9cifications de Transport Canada avec une maintenance du m\u00eame niveau que celle d&rsquo;un avion de ligne. (..) Alors que les avions qui prot\u00e8gent la province sont des appareils des ann\u00e9es 50 (NDA : Lockheed Electra, Convair 580) nous leur avons propos\u00e9 notre nouveau 737, qui est ce qu&rsquo;on peut trouver de plus r\u00e9cent sur le march\u00e9, mais \u00e7a n&rsquo;as pas sp\u00e9cialement \u00e9veill\u00e9 leur int\u00e9r\u00eat !\u00a0\u00bb<\/em><\/p>\n<div id=\"attachment_5088\" style=\"width: 594px\" class=\"wp-caption alignnone\"><a href=\"http:\/\/www.marsaly.fr\/fred\/wp-content\/uploads\/2018\/05\/Coulson-Fireliner.jpg\"><img aria-describedby=\"caption-attachment-5088\" decoding=\"async\" loading=\"lazy\" class=\"wp-image-5088 size-large\" src=\"http:\/\/www.marsaly.fr\/fred\/wp-content\/uploads\/2018\/05\/Coulson-Fireliner-1024x500.jpg\" alt=\"\" width=\"584\" height=\"285\" srcset=\"http:\/\/www.marsaly.fr\/fred\/wp-content\/uploads\/2018\/05\/Coulson-Fireliner.jpg 1024w, http:\/\/www.marsaly.fr\/fred\/wp-content\/uploads\/2018\/05\/Coulson-Fireliner-300x146.jpg 300w, http:\/\/www.marsaly.fr\/fred\/wp-content\/uploads\/2018\/05\/Coulson-Fireliner-768x375.jpg 768w, http:\/\/www.marsaly.fr\/fred\/wp-content\/uploads\/2018\/05\/Coulson-Fireliner-500x244.jpg 500w\" sizes=\"(max-width: 584px) 100vw, 584px\" \/><\/a><p id=\"caption-attachment-5088\" class=\"wp-caption-text\">Le futur Tanker 138, deuxi\u00e8me Fireliner, est en cours de modification avec l&rsquo;installation de sa soute de 15 000 litres.<\/p><\/div>\n<p style=\"text-align: justify;\">Car d\u00e9sormais, en Australie ou aux USA, o\u00f9 Coulson Aviation poss\u00e8de des contrats feux de for\u00eat, l&rsquo;effort du groupe porte sur l&rsquo;av\u00e8nement du <a href=\"http:\/\/www.marsaly.fr\/fred\/coulson-boeing-737-airtanker\/\">Fireliner<\/a> puisque le premier devrait \u00eatre intronis\u00e9 dans deux semaines. Le Boeing 737 Tanker sera le premier \u00e0 pouvoir d\u00e9livrer 4000 gallons de retardant ( 15 000 litres) ou transporter une soixantaine de pompiers et leur \u00e9quipement sans avoir \u00e0 changer de configuration.<\/p>\n<p style=\"text-align: justify;\">Mais le groupe s&rsquo;appr\u00eate \u00e0 r\u00e9volutionner le domaine encore plus durablement. Comme annonc\u00e9 lors de <a href=\"http:\/\/www.marsaly.fr\/fred\/aerial-firefighting-north-america-2018\/\">l&rsquo;AFF NA 2018<\/a> \u00e0 Sacramento en mars dernier, l&rsquo;exp\u00e9rimentation des S-61 de la compagnie lors d&rsquo;op\u00e9rations de lutte contre les feux men\u00e9es de nuit \u00e0 l&rsquo;aide de cam\u00e9ras thermiques et avec les \u00e9quipages travaillant sous JVN s&rsquo;est av\u00e9r\u00e9e concluante. Il y a quelques jours, les autorit\u00e9s de la Province de Victoria ont donc annonc\u00e9 que les HBE lourds de Coulson Australia sont donc autoris\u00e9s \u00e0 op\u00e9rer 24 heures sur 24 selon les protocoles op\u00e9rationnels \u00e9tablis au cours de la saison feu qui vient de se terminer.<\/p>\n<div id=\"attachment_4892\" style=\"width: 594px\" class=\"wp-caption alignnone\"><a href=\"http:\/\/www.marsaly.fr\/fred\/wp-content\/uploads\/2018\/03\/night-drop-Coulson.jpg\"><img aria-describedby=\"caption-attachment-4892\" decoding=\"async\" loading=\"lazy\" class=\"wp-image-4892 size-large\" src=\"http:\/\/www.marsaly.fr\/fred\/wp-content\/uploads\/2018\/03\/night-drop-Coulson-1024x630.jpg\" alt=\"\" width=\"584\" height=\"359\" srcset=\"http:\/\/www.marsaly.fr\/fred\/wp-content\/uploads\/2018\/03\/night-drop-Coulson.jpg 1024w, http:\/\/www.marsaly.fr\/fred\/wp-content\/uploads\/2018\/03\/night-drop-Coulson-300x185.jpg 300w, http:\/\/www.marsaly.fr\/fred\/wp-content\/uploads\/2018\/03\/night-drop-Coulson-768x473.jpg 768w, http:\/\/www.marsaly.fr\/fred\/wp-content\/uploads\/2018\/03\/night-drop-Coulson-488x300.jpg 488w\" sizes=\"(max-width: 584px) 100vw, 584px\" \/><\/a><p id=\"caption-attachment-4892\" class=\"wp-caption-text\">Un S-61 de Coulson lors des exp\u00e9rimentations nocturnes en Australie pendant l&rsquo;hiver 2017-2018. (Photo : Coulson)<\/p><\/div>\n<p style=\"text-align: justify;\">Mais la soci\u00e9t\u00e9 canadienne ne va pas s&rsquo;arr\u00eater l\u00e0 puisqu&rsquo;au cours de l&rsquo;\u00e9v\u00e8nement qui s&rsquo;est d\u00e9roul\u00e9 sur l&rsquo;a\u00e9rodrome de McClellan, Coulson a annonc\u00e9 qu&rsquo;au cours de l&rsquo;\u00e9t\u00e9 australien 2018-2019, il envisageait tr\u00e8s s\u00e9rieusement de tester un C-130 sur feux avec un \u00e9quipage sous JVN. Si cette exp\u00e9rimentation, extr\u00eamement os\u00e9e, devait \u00eatre concluante, la nuit, cette ultime fronti\u00e8re pour les pompiers du ciel, pourrait donc tomber et changer durablement la fa\u00e7on de penser la lutte a\u00e9rienne contre les feux de for\u00eat.<\/p>\n<div id=\"attachment_5091\" style=\"width: 1030px\" class=\"wp-caption alignnone\"><a href=\"http:\/\/www.marsaly.fr\/fred\/wp-content\/uploads\/2018\/05\/DSC_4685.jpg\"><img aria-describedby=\"caption-attachment-5091\" decoding=\"async\" loading=\"lazy\" class=\"wp-image-5091 size-full\" src=\"http:\/\/www.marsaly.fr\/fred\/wp-content\/uploads\/2018\/05\/DSC_4685.jpg\" alt=\"\" width=\"1020\" height=\"542\" srcset=\"http:\/\/www.marsaly.fr\/fred\/wp-content\/uploads\/2018\/05\/DSC_4685.jpg 1020w, http:\/\/www.marsaly.fr\/fred\/wp-content\/uploads\/2018\/05\/DSC_4685-300x159.jpg 300w, http:\/\/www.marsaly.fr\/fred\/wp-content\/uploads\/2018\/05\/DSC_4685-768x408.jpg 768w, http:\/\/www.marsaly.fr\/fred\/wp-content\/uploads\/2018\/05\/DSC_4685-500x266.jpg 500w\" sizes=\"(max-width: 1020px) 100vw, 1020px\" \/><\/a><p id=\"caption-attachment-5091\" class=\"wp-caption-text\">En r\u00e9introduisant le C-130 dans l&rsquo;\u00e9cosyst\u00e8me des feux de for\u00eat, Coulson avait d\u00e9j\u00e0 frapp\u00e9 un grand coup. En les faisant voler de nuit, Coulson pourrait r\u00e9volutionner durablement cet univers !<\/p><\/div>\n<p>Retrouvez l&rsquo;entretien de Wayne Coulson avec Jim Goddard ici :<\/p>\n<p><iframe loading=\"lazy\" width=\"584\" height=\"438\" src=\"https:\/\/www.youtube.com\/embed\/k-tDNRBI3qM?feature=oembed\" frameborder=\"0\" allow=\"autoplay; encrypted-media\" allowfullscreen><\/iframe><\/p>\n<p style=\"text-align: justify;\">Les Martin Mars, gr\u00e2ce auxquels \u00ab\u00a0l&rsquo;\u00eele de Vancouver n&rsquo;a pas connu de d\u00e9sastre majeur face aux feux de for\u00eat\u00a0\u00bb vont avoir peut-\u00eatre un nouvel avenir&#8230; Croisons les doigts !<\/p>\n","protected":false},"excerpt":{"rendered":"<p>Dans un entretien t\u00e9l\u00e9phonique avec un podcast canadien, Wayne Coulson a livr\u00e9, il y a quelques jours, une nouvelle piste surprenante pour l&rsquo;avenir de ses deux Martin JRM-3 Mars, d\u00e9sormais d\u00e9finitivement retir\u00e9s de leurs fonctions de pompiers du ciel. \u00ab\u00a0De &hellip; <a href=\"http:\/\/www.marsaly.fr\/fred\/une-nouvelle-piste-pour-lavenir-des-martin-mars\/\">Continuer la lecture <span class=\"meta-nav\">&rarr;<\/span><\/a><\/p>\n","protected":false},"author":2,"featured_media":0,"comment_status":"open","ping_status":"open","sticky":false,"template":"","format":"standard","meta":[],"categories":[3,10],"tags":[53,50],"_links":{"self":[{"href":"http:\/\/www.marsaly.fr\/fred\/wp-json\/wp\/v2\/posts\/5085"}],"collection":[{"href":"http:\/\/www.marsaly.fr\/fred\/wp-json\/wp\/v2\/posts"}],"about":[{"href":"http:\/\/www.marsaly.fr\/fred\/wp-json\/wp\/v2\/types\/post"}],"author":[{"embeddable":true,"href":"http:\/\/www.marsaly.fr\/fred\/wp-json\/wp\/v2\/users\/2"}],"replies":[{"embeddable":true,"href":"http:\/\/www.marsaly.fr\/fred\/wp-json\/wp\/v2\/comments?post=5085"}],"version-history":[{"count":7,"href":"http:\/\/www.marsaly.fr\/fred\/wp-json\/wp\/v2\/posts\/5085\/revisions"}],"predecessor-version":[{"id":5102,"href":"http:\/\/www.marsaly.fr\/fred\/wp-json\/wp\/v2\/posts\/5085\/revisions\/5102"}],"wp:attachment":[{"href":"http:\/\/www.marsaly.fr\/fred\/wp-json\/wp\/v2\/media?parent=5085"}],"wp:term":[{"taxonomy":"category","embeddable":true,"href":"http:\/\/www.marsaly.fr\/fred\/wp-json\/wp\/v2\/categories?post=5085"},{"taxonomy":"post_tag","embeddable":true,"href":"http:\/\/www.marsaly.fr\/fred\/wp-json\/wp\/v2\/tags?post=5085"}],"curies":[{"name":"wp","href":"https:\/\/api.w.org\/{rel}","templated":true}]}}