{"id":32,"date":"2015-05-13T09:08:53","date_gmt":"2015-05-13T08:08:53","guid":{"rendered":"http:\/\/www.marsaly.fr\/fred\/?p=32"},"modified":"2016-03-05T11:43:48","modified_gmt":"2016-03-05T10:43:48","slug":"cessna-celebre-les-30-ans-du-c208-caravan-qui-a-fait-son-premier-vol-en-1982","status":"publish","type":"post","link":"http:\/\/www.marsaly.fr\/fred\/cessna-celebre-les-30-ans-du-c208-caravan-qui-a-fait-son-premier-vol-en-1982\/","title":{"rendered":"Cessna c\u00e9l\u00e8bre les 30 ans du C208 Caravan&#8230; qui a fait son premier vol en 1982&#8230;"},"content":{"rendered":"<p style=\"text-align: justify;\">&#8230; et qui a \u00e9t\u00e9 certifi\u00e9 en 1984, dr\u00f4le de calcul.<\/p>\n<p style=\"text-align: justify;\">N\u00e9anmoins, le nouveau C208 EX, qui devrait \u00eatre pr\u00e9sent\u00e9 lors du prochain Salon du Bourget, permet de rappeler qu&rsquo;au del\u00e0 des monomoteurs \u00e0 pistons et des jets d&rsquo;affaires, Cessna s&rsquo;est lanc\u00e9 avec bonheur dans la cat\u00e9gorie des avions utilitaires avec ce monoturbine bon \u00e0 tout faire, digne successeur du Beaver !<\/p>\n<p style=\"text-align: justify;\">Capable de se poser vraiment n&rsquo;importe o\u00f9, m\u00eame sur l&rsquo;eau pour peu qu&rsquo;on le dote de ses flotteurs EDO, am\u00e9nag\u00e9 fa\u00e7on commuteur haute densit\u00e9 ou bien en salon VIP confortable, le Caravan n&rsquo;est pas un avion tr\u00e8s rapide (encore qu&rsquo;avec ses 170 kt, il n&rsquo;est pas vraiment ridicule) mais c&rsquo;est une vraie Jeep du ciel avec une charge utile importante et des co\u00fbts d&rsquo;exploitation raisonnables.<\/p>\n<p style=\"text-align: justify;\"><a href=\"http:\/\/www.marsaly.fr\/fred\/wp-content\/uploads\/2015\/05\/DSC_8983.jpg\"><img decoding=\"async\" loading=\"lazy\" class=\"aligncenter wp-image-42 size-large\" src=\"http:\/\/www.marsaly.fr\/fred\/wp-content\/uploads\/2015\/05\/DSC_8983-1024x681.jpg\" alt=\"DSC_8983\" width=\"584\" height=\"388\" srcset=\"http:\/\/www.marsaly.fr\/fred\/wp-content\/uploads\/2015\/05\/DSC_8983.jpg 1024w, http:\/\/www.marsaly.fr\/fred\/wp-content\/uploads\/2015\/05\/DSC_8983-300x200.jpg 300w, http:\/\/www.marsaly.fr\/fred\/wp-content\/uploads\/2015\/05\/DSC_8983-451x300.jpg 451w\" sizes=\"(max-width: 584px) 100vw, 584px\" \/><\/a>Bien s\u00fbr, 2500 exemplaires et plus, c&rsquo;est bien peu pour Cessna si on compare avec la production des monomoteurs \u00e0 pistons comme l&rsquo;incontournable C172, mais si on compare avec les rares appareils de ce segment (Quest Kodiak, PAC P-750, mais aussi, dans une moindre mesure TBM 900 et PC-12), il est un vrai succ\u00e8s commercial encore plein d&rsquo;avenir. Mais il est vrai que cette cat\u00e9gorie d&rsquo;avions \u00ab\u00a0utilitaires\u00a0\u00bb ne capte pas vraiment les feux de l&rsquo;actualit\u00e9 et ces appareils souffrent r\u00e9ellement d&rsquo;un d\u00e9ficit de notori\u00e9t\u00e9 particuli\u00e8rement injuste. <a href=\"http:\/\/www.marsaly.fr\/fred\/wp-content\/uploads\/2015\/06\/Caravan-I.jpg\"><img decoding=\"async\" loading=\"lazy\" class=\"aligncenter wp-image-88 size-large\" src=\"http:\/\/www.marsaly.fr\/fred\/wp-content\/uploads\/2015\/06\/Caravan-I-1024x512.jpg\" alt=\"Caravan I\" width=\"584\" height=\"292\" srcset=\"http:\/\/www.marsaly.fr\/fred\/wp-content\/uploads\/2015\/06\/Caravan-I.jpg 1024w, http:\/\/www.marsaly.fr\/fred\/wp-content\/uploads\/2015\/06\/Caravan-I-300x150.jpg 300w, http:\/\/www.marsaly.fr\/fred\/wp-content\/uploads\/2015\/06\/Caravan-I-500x250.jpg 500w\" sizes=\"(max-width: 584px) 100vw, 584px\" \/><\/a><\/p>\n<p style=\"text-align: justify;\">Si vous avez envie d&rsquo;en savoir plus, n&rsquo;h\u00e9sitez pas \u00e0 vous procurer ce livre :<a href=\"http:\/\/www.marsaly.fr\/fred\/wp-content\/uploads\/2015\/06\/CARAVAN_book.jpg\"><img decoding=\"async\" loading=\"lazy\" class=\"aligncenter wp-image-92 size-medium\" src=\"http:\/\/www.marsaly.fr\/fred\/wp-content\/uploads\/2015\/06\/CARAVAN_book-240x300.jpg\" alt=\"CARAVAN_book\" width=\"240\" height=\"300\" srcset=\"http:\/\/www.marsaly.fr\/fred\/wp-content\/uploads\/2015\/06\/CARAVAN_book-240x300.jpg 240w, http:\/\/www.marsaly.fr\/fred\/wp-content\/uploads\/2015\/06\/CARAVAN_book.jpg 600w\" sizes=\"(max-width: 240px) 100vw, 240px\" \/><\/a><br \/>\n<a href=\"http:\/\/www.asa2fly.com\/Caravan-Cessnas-Swiss-Army-Knife-with-Wings--P1051.aspx\">http:\/\/www.asa2fly.com\/Caravan-Cessnas-Swiss-Army-Knife-with-Wings&#8211;P1051.aspx<\/a><br \/>\nHistoire de l&rsquo;avion, conseils aux pilotes et exploitants, exp\u00e9riences v\u00e9cues, c&rsquo;est une v\u00e9ritable petite encyclop\u00e9die pratique vivante dense, passionnante&#8230;. et peu on\u00e9reuse.<\/p>\n<p style=\"text-align: justify;\">En attendant, Cessna propose \u00e0 ceux qui ont un souvenir particulier \u00e0 partager sur cet avion \u00e0 donner leur t\u00e9moignage ici :<\/p>\n<p><a href=\"http:\/\/txtav.force.com\/caravan30\">http:\/\/txtav.force.com\/caravan30<\/a><\/p>\n<p>Alors, un vol un peu chaud entre St Martin et St Barth, une arriv\u00e9e f\u00e9\u00e9rique sur l&rsquo;\u00efle d&rsquo;Ouessant, un amerrissage au paradis en Alaska, racontez !<\/p>\n<p>J&rsquo;ai eu le plaisir de voler une paire d&rsquo;heures comme passager \u00e0 bord de cet avion, et j&rsquo;ai bon espoir de pouvoir un jour le piloter, il fait vraiment partie des \u00ab\u00a0avions sympas\u00a0\u00bb&#8230;<\/p>\n<p style=\"text-align: justify;\">\n","protected":false},"excerpt":{"rendered":"<p>&#8230; et qui a \u00e9t\u00e9 certifi\u00e9 en 1984, dr\u00f4le de calcul. N\u00e9anmoins, le nouveau C208 EX, qui devrait \u00eatre pr\u00e9sent\u00e9 lors du prochain Salon du Bourget, permet de rappeler qu&rsquo;au del\u00e0 des monomoteurs \u00e0 pistons et des jets d&rsquo;affaires, Cessna &hellip; <a href=\"http:\/\/www.marsaly.fr\/fred\/cessna-celebre-les-30-ans-du-c208-caravan-qui-a-fait-son-premier-vol-en-1982\/\">Continuer la lecture <span class=\"meta-nav\">&rarr;<\/span><\/a><\/p>\n","protected":false},"author":2,"featured_media":0,"comment_status":"open","ping_status":"open","sticky":false,"template":"","format":"standard","meta":[],"categories":[8],"tags":[133],"_links":{"self":[{"href":"http:\/\/www.marsaly.fr\/fred\/wp-json\/wp\/v2\/posts\/32"}],"collection":[{"href":"http:\/\/www.marsaly.fr\/fred\/wp-json\/wp\/v2\/posts"}],"about":[{"href":"http:\/\/www.marsaly.fr\/fred\/wp-json\/wp\/v2\/types\/post"}],"author":[{"embeddable":true,"href":"http:\/\/www.marsaly.fr\/fred\/wp-json\/wp\/v2\/users\/2"}],"replies":[{"embeddable":true,"href":"http:\/\/www.marsaly.fr\/fred\/wp-json\/wp\/v2\/comments?post=32"}],"version-history":[{"count":11,"href":"http:\/\/www.marsaly.fr\/fred\/wp-json\/wp\/v2\/posts\/32\/revisions"}],"predecessor-version":[{"id":206,"href":"http:\/\/www.marsaly.fr\/fred\/wp-json\/wp\/v2\/posts\/32\/revisions\/206"}],"wp:attachment":[{"href":"http:\/\/www.marsaly.fr\/fred\/wp-json\/wp\/v2\/media?parent=32"}],"wp:term":[{"taxonomy":"category","embeddable":true,"href":"http:\/\/www.marsaly.fr\/fred\/wp-json\/wp\/v2\/categories?post=32"},{"taxonomy":"post_tag","embeddable":true,"href":"http:\/\/www.marsaly.fr\/fred\/wp-json\/wp\/v2\/tags?post=32"}],"curies":[{"name":"wp","href":"https:\/\/api.w.org\/{rel}","templated":true}]}}