{"id":13,"date":"2015-06-02T09:18:48","date_gmt":"2015-06-02T08:18:48","guid":{"rendered":"http:\/\/www.marsaly.fr\/fred\/?p=13"},"modified":"2018-01-10T19:38:11","modified_gmt":"2018-01-10T18:38:11","slug":"ferte-alais-le-temps-des-helices-2015","status":"publish","type":"post","link":"http:\/\/www.marsaly.fr\/fred\/ferte-alais-le-temps-des-helices-2015\/","title":{"rendered":"Fert\u00e9-Alais, le temps des h\u00e9lices 2015"},"content":{"rendered":"<p style=\"text-align: justify;\">Si ce 43e meeting a\u00e9rien de la Fert\u00e9-Alais n&rsquo;a pas \u00e9t\u00e9 le plus brillant de tous, il \u00e9tait quand m\u00eame constitu\u00e9 d&rsquo;un menu all\u00e9chant et de tr\u00e8s bonne tenue, avec quelques jolies nouveaut\u00e9s et sans oublier les bonnes recettes, d\u00e9sormais traditionnelles, sans lesquelles la Fert\u00e9 ne serait pas la Fert\u00e9.<\/p>\n<p style=\"text-align: justify;\"><a href=\"http:\/\/www.marsaly.fr\/fred\/wp-content\/uploads\/2015\/06\/Affiche-Fert\u00e9-2015.jpg\"><img decoding=\"async\" loading=\"lazy\" class=\"wp-image-48 size-medium alignleft\" src=\"http:\/\/www.marsaly.fr\/fred\/wp-content\/uploads\/2015\/06\/Affiche-Fert\u00e9-2015-227x300.jpg\" alt=\"Affiche Fert\u00e9 2015\" width=\"227\" height=\"300\" srcset=\"http:\/\/www.marsaly.fr\/fred\/wp-content\/uploads\/2015\/06\/Affiche-Fert\u00e9-2015-227x300.jpg 227w, http:\/\/www.marsaly.fr\/fred\/wp-content\/uploads\/2015\/06\/Affiche-Fert\u00e9-2015.jpg 600w\" sizes=\"(max-width: 227px) 100vw, 227px\" \/><\/a>Passons rapidement sur les absents &#8211; qui ont donc forc\u00e9ment tort &#8211; le Catalina et le CAC Boomerang, et on n&rsquo;oubliera pas de pr\u00e9ciser que ce sont des m\u00e9caniques pr\u00e9cieuses, fragiles et capricieuses et qu&rsquo;on pourra comprendre qu&rsquo;\u00e0 la moindre inqui\u00e9tude, on b\u00e2che un vol, f\u00fbt-il de convoyage en direction du meeting.<\/p>\n<p style=\"text-align: justify;\">D&rsquo;ailleurs, si le Ju-52 venu d&rsquo;Allemagne n&rsquo;a pas assur\u00e9 sa moisson de bapt\u00eame de l&rsquo;air le samedi et si le Lockheed 12 n&rsquo;a vol\u00e9 que le dimanche, c&rsquo;est bien aussi parce qu&rsquo;ils ont n\u00e9cessit\u00e9 toute l&rsquo;attention de leurs \u00e9quipes techniques. Pour le Ju, c&rsquo;est surtout dommage pour les passagers qui ne pouvaient pas repousser leur vol.<\/p>\n<p style=\"text-align: justify;\">Mais parlons plut\u00f4t des pr\u00e9sents. Le soleil \u00e9tait l\u00e0 et bien l\u00e0, m\u00eame si le dimanche a \u00e9t\u00e9 plus couvert que le samedi. \u00c9taient aussi bien l\u00e0 les innombrables haut-parleurs entre le public et la piste et m\u00eame si on commence \u00e0 s&rsquo;y habituer, il ne faudrait pas que cette plantation se densifie encore. D&rsquo;ailleurs, pourrait-il y avoir une zone \u00ab\u00a0on s&rsquo;en fout des commentaires\u00a0\u00bb pour que les amateurs qui sont l\u00e0 aussi pour discuter avec leurs amis puissent profiter du spectacle vu qu&rsquo;en g\u00e9n\u00e9ral, ils connaissent aussi le commentaire par coeur ?<\/p>\n<p style=\"text-align: justify;\">Pour le reste, rien \u00e0 redire. Les pilotes ont assur\u00e9 le spectacle avec leurs avions comme d&rsquo;habitude avec quelques nouveaut\u00e9s bien int\u00e9ressantes.<\/p>\n<p style=\"text-align: justify;\">Bien s\u00fbr, la vedette du Meeting a \u00e9t\u00e9 le Gloster Gladiator venu d&rsquo;Angleterre qui faisait sa premi\u00e8re apparition \u00e0 Cerny. Il \u00e9tait accompagn\u00e9 de l&rsquo;in\u00e9vitable Spitfire venu de Dijon (ne jouons pas les blas\u00e9s, on ne peut pas se lasser d&rsquo;un Spit, c&rsquo;est pas possible !) et du Hurricane tr\u00e8s discr\u00e8tement bas\u00e9 dans le sud de la France par son propri\u00e9taire hollandais depuis deux ans et qui faisait sa premi\u00e8re apparition publique.<\/p>\n<div id=\"attachment_54\" style=\"width: 594px\" class=\"wp-caption aligncenter\"><a href=\"http:\/\/www.marsaly.fr\/fred\/wp-content\/uploads\/2015\/06\/392068GladiatoretSpit.jpg\"><img aria-describedby=\"caption-attachment-54\" decoding=\"async\" loading=\"lazy\" class=\"wp-image-54 size-large\" src=\"http:\/\/www.marsaly.fr\/fred\/wp-content\/uploads\/2015\/06\/392068GladiatoretSpit-1024x608.jpg\" alt=\"392068GladiatoretSpit\" width=\"584\" height=\"347\" srcset=\"http:\/\/www.marsaly.fr\/fred\/wp-content\/uploads\/2015\/06\/392068GladiatoretSpit.jpg 1024w, http:\/\/www.marsaly.fr\/fred\/wp-content\/uploads\/2015\/06\/392068GladiatoretSpit-300x178.jpg 300w, http:\/\/www.marsaly.fr\/fred\/wp-content\/uploads\/2015\/06\/392068GladiatoretSpit-500x297.jpg 500w\" sizes=\"(max-width: 584px) 100vw, 584px\" \/><\/a><p id=\"caption-attachment-54\" class=\"wp-caption-text\">Cette patrouille mixte Gladiator et Spitfire r\u00e9sume \u00e0 merveille l&rsquo;\u00e9volution technique, et esth\u00e9tique, des chasseurs anglais de la 2e guerre mondiale.<\/p><\/div>\n<div id=\"attachment_71\" style=\"width: 594px\" class=\"wp-caption aligncenter\"><a href=\"http:\/\/www.marsaly.fr\/fred\/wp-content\/uploads\/2015\/06\/gladiator.jpg\"><img aria-describedby=\"caption-attachment-71\" decoding=\"async\" loading=\"lazy\" class=\"wp-image-71 size-large\" src=\"http:\/\/www.marsaly.fr\/fred\/wp-content\/uploads\/2015\/06\/gladiator-1024x678.jpg\" alt=\"gladiator\" width=\"584\" height=\"387\" srcset=\"http:\/\/www.marsaly.fr\/fred\/wp-content\/uploads\/2015\/06\/gladiator.jpg 1024w, http:\/\/www.marsaly.fr\/fred\/wp-content\/uploads\/2015\/06\/gladiator-300x199.jpg 300w, http:\/\/www.marsaly.fr\/fred\/wp-content\/uploads\/2015\/06\/gladiator-453x300.jpg 453w\" sizes=\"(max-width: 584px) 100vw, 584px\" \/><\/a><p id=\"caption-attachment-71\" class=\"wp-caption-text\">Avion techniquement d\u00e9pass\u00e9 au d\u00e9but de la guerre, le Gladiator a connu pourtant le succ\u00e8s aux mains des Finlandais mais aussi des pilotes Anglais \u00e0 Malte et en Gr\u00e8ce.<\/p><\/div>\n<p style=\"text-align: justify;\">Si la d\u00e9mo du Gladiator \u00e9tait sympa, j&rsquo;ai particuli\u00e8rement appr\u00e9ci\u00e9 celle du Hurricane qui, en se contentant de \u00ab\u00a0passages \u00e0 l&rsquo;anglaise\u00a0\u00bb ne nous l&rsquo;a pas jou\u00e9 \u00ab\u00a0champion de voltige\u00a0\u00bb et au final nous a offert d&rsquo;admirer cet appareil sous des angles flatteurs. C&rsquo;est simple, \u00e9pur\u00e9 et terriblement efficace. Un exemple \u00e0 suivre ! (*)<\/p>\n<div id=\"attachment_79\" style=\"width: 594px\" class=\"wp-caption aligncenter\"><a href=\"http:\/\/www.marsaly.fr\/fred\/wp-content\/uploads\/2015\/06\/Hurricane.jpg\"><img aria-describedby=\"caption-attachment-79\" decoding=\"async\" loading=\"lazy\" class=\"wp-image-79 size-large\" src=\"http:\/\/www.marsaly.fr\/fred\/wp-content\/uploads\/2015\/06\/Hurricane-1024x678.jpg\" alt=\"Hurricane\" width=\"584\" height=\"387\" srcset=\"http:\/\/www.marsaly.fr\/fred\/wp-content\/uploads\/2015\/06\/Hurricane.jpg 1024w, http:\/\/www.marsaly.fr\/fred\/wp-content\/uploads\/2015\/06\/Hurricane-300x199.jpg 300w, http:\/\/www.marsaly.fr\/fred\/wp-content\/uploads\/2015\/06\/Hurricane-453x300.jpg 453w\" sizes=\"(max-width: 584px) 100vw, 584px\" \/><\/a><p id=\"caption-attachment-79\" class=\"wp-caption-text\">Quand un avion anglais fait un passage \u00e0 l&rsquo;anglaise le pilote n&rsquo;est pas forc\u00e9ment un sujet britannique !<\/p><\/div>\n<p style=\"text-align: justify;\">Mais le coup de c\u0153ur du meeting est \u00e0 adresser \u00e0 la compagnie Europe Airpost qui est venue pr\u00e9senter en vol un Boeing 737. Quelle bonne surprise de d\u00e9couvrir que cet avion \u00e9tait par\u00e9 d&rsquo;une d\u00e9coration sp\u00e9ciale de circonstance. Merci et bravo pour le clin d\u2019\u0153il !!!<\/p>\n<div id=\"attachment_53\" style=\"width: 594px\" class=\"wp-caption aligncenter\"><a href=\"http:\/\/www.marsaly.fr\/fred\/wp-content\/uploads\/2015\/06\/326137LaFertEuropeAirpost.jpg\"><img aria-describedby=\"caption-attachment-53\" decoding=\"async\" loading=\"lazy\" class=\"wp-image-53 size-large\" src=\"http:\/\/www.marsaly.fr\/fred\/wp-content\/uploads\/2015\/06\/326137LaFertEuropeAirpost-1024x549.jpg\" alt=\"326137LaFertEuropeAirpost\" width=\"584\" height=\"313\" srcset=\"http:\/\/www.marsaly.fr\/fred\/wp-content\/uploads\/2015\/06\/326137LaFertEuropeAirpost.jpg 1024w, http:\/\/www.marsaly.fr\/fred\/wp-content\/uploads\/2015\/06\/326137LaFertEuropeAirpost-300x161.jpg 300w, http:\/\/www.marsaly.fr\/fred\/wp-content\/uploads\/2015\/06\/326137LaFertEuropeAirpost-500x268.jpg 500w\" sizes=\"(max-width: 584px) 100vw, 584px\" \/><\/a><p id=\"caption-attachment-53\" class=\"wp-caption-text\">Europe Airpost aime la Fert\u00e9. Bravo pour cette d\u00e9coration sp\u00e9ciale de circonstance !<\/p><\/div>\n<div id=\"attachment_70\" style=\"width: 594px\" class=\"wp-caption aligncenter\"><a href=\"http:\/\/www.marsaly.fr\/fred\/wp-content\/uploads\/2015\/06\/737-la-poste-Deco-Sp\u00e9.jpg\"><img aria-describedby=\"caption-attachment-70\" decoding=\"async\" loading=\"lazy\" class=\"wp-image-70 size-large\" src=\"http:\/\/www.marsaly.fr\/fred\/wp-content\/uploads\/2015\/06\/737-la-poste-Deco-Sp\u00e9-1024x646.jpg\" alt=\"737 la poste Deco Sp\u00e9\" width=\"584\" height=\"368\" srcset=\"http:\/\/www.marsaly.fr\/fred\/wp-content\/uploads\/2015\/06\/737-la-poste-Deco-Sp\u00e9.jpg 1024w, http:\/\/www.marsaly.fr\/fred\/wp-content\/uploads\/2015\/06\/737-la-poste-Deco-Sp\u00e9-300x189.jpg 300w, http:\/\/www.marsaly.fr\/fred\/wp-content\/uploads\/2015\/06\/737-la-poste-Deco-Sp\u00e9-476x300.jpg 476w\" sizes=\"(max-width: 584px) 100vw, 584px\" \/><\/a><p id=\"caption-attachment-70\" class=\"wp-caption-text\">La d\u00e9coration sp\u00e9ciale du Boeing 737 a \u00e9t\u00e9 tr\u00e8s appr\u00e9ci\u00e9e par le public pr\u00e9sent.<\/p><\/div>\n<p style=\"text-align: justify;\">Des d\u00e9corations sp\u00e9ciales, les deux bombardiers d&rsquo;eau de la S\u00e9curit\u00e9 Civile en portaient aussi. Le \u00ab\u00a0P\u00e9lican 32\u00a0\u00bb est toujours rev\u00eatu du sch\u00e9ma de d\u00e9coration imagin\u00e9 par Julien Camp pour le cinquantenaire de la base en 2013 et le Tracker T07 est l&rsquo;avion porteur de la d\u00e9coration sp\u00e9ciale \u00ab\u00a030 ans du secteur Tracker\u00a0\u00bb depuis 2012.<\/p>\n<div id=\"attachment_76\" style=\"width: 594px\" class=\"wp-caption aligncenter\"><a href=\"http:\/\/www.marsaly.fr\/fred\/wp-content\/uploads\/2015\/06\/Strike-en-4-portes.jpg\"><img aria-describedby=\"caption-attachment-76\" decoding=\"async\" loading=\"lazy\" class=\"wp-image-76 size-large\" src=\"http:\/\/www.marsaly.fr\/fred\/wp-content\/uploads\/2015\/06\/Strike-en-4-portes-1024x749.jpg\" alt=\"Strike en 4 portes\" width=\"584\" height=\"427\" srcset=\"http:\/\/www.marsaly.fr\/fred\/wp-content\/uploads\/2015\/06\/Strike-en-4-portes.jpg 1024w, http:\/\/www.marsaly.fr\/fred\/wp-content\/uploads\/2015\/06\/Strike-en-4-portes-300x219.jpg 300w, http:\/\/www.marsaly.fr\/fred\/wp-content\/uploads\/2015\/06\/Strike-en-4-portes-410x300.jpg 410w\" sizes=\"(max-width: 584px) 100vw, 584px\" \/><\/a><p id=\"caption-attachment-76\" class=\"wp-caption-text\">Comme lors des op\u00e9rations r\u00e9elles, le Tracker a proc\u00e9d\u00e9 \u00e0 l&rsquo;attaque initiale&#8230;<\/p><\/div>\n<div id=\"attachment_75\" style=\"width: 310px\" class=\"wp-caption alignleft\"><a href=\"http:\/\/www.marsaly.fr\/fred\/wp-content\/uploads\/2015\/06\/842765largage2.jpg\"><img aria-describedby=\"caption-attachment-75\" decoding=\"async\" loading=\"lazy\" class=\"wp-image-75 size-medium\" src=\"http:\/\/www.marsaly.fr\/fred\/wp-content\/uploads\/2015\/06\/842765largage2-300x300.jpg\" alt=\"842765largage2\" width=\"300\" height=\"300\" srcset=\"http:\/\/www.marsaly.fr\/fred\/wp-content\/uploads\/2015\/06\/842765largage2-300x300.jpg 300w, http:\/\/www.marsaly.fr\/fred\/wp-content\/uploads\/2015\/06\/842765largage2-150x150.jpg 150w, http:\/\/www.marsaly.fr\/fred\/wp-content\/uploads\/2015\/06\/842765largage2-299x300.jpg 299w, http:\/\/www.marsaly.fr\/fred\/wp-content\/uploads\/2015\/06\/842765largage2.jpg 858w\" sizes=\"(max-width: 300px) 100vw, 300px\" \/><\/a><p id=\"caption-attachment-75\" class=\"wp-caption-text\">&#8230; et le \u00ab\u00a0P\u00e9lican\u00a0\u00bb a termin\u00e9 le travail. Ces deux appareils sont clairement compl\u00e9mentaires et leur succession ne va pas \u00eatre simple.<\/p><\/div>\n<p style=\"text-align: justify;\">Alors que les CL-415 vont c\u00e9l\u00e9brer \u00e0 Marseille les 20 ans de leur arriv\u00e9e en France, la d\u00e9monstration en vol de ces deux appareils n&rsquo;est pas pass\u00e9e inaper\u00e7ue. Ce retour en meeting a\u00e9rien a fait plaisir \u00e0 tout le monde.<\/p>\n<p style=\"text-align: justify;\">On notera aussi avec plaisir que le nouvel Aviatik des Casques de Cuir a vol\u00e9, ainsi que le Bristol Fighter de Memorial Flight et le Caudron G3 de l&rsquo;AJBS. Samedi, apr\u00e8s le meeting, c&rsquo;est le Sopwith Strutter qui a fait une sortie. Des machines rares, il y en avait donc quelques unes !<\/p>\n<div id=\"attachment_57\" style=\"width: 594px\" class=\"wp-caption aligncenter\"><a href=\"http:\/\/www.marsaly.fr\/fred\/wp-content\/uploads\/2015\/06\/710789CaudronGG3.jpg\"><img aria-describedby=\"caption-attachment-57\" decoding=\"async\" loading=\"lazy\" class=\"wp-image-57 size-large\" src=\"http:\/\/www.marsaly.fr\/fred\/wp-content\/uploads\/2015\/06\/710789CaudronGG3-1024x624.jpg\" alt=\"710789CaudronGG3\" width=\"584\" height=\"356\" srcset=\"http:\/\/www.marsaly.fr\/fred\/wp-content\/uploads\/2015\/06\/710789CaudronGG3.jpg 1024w, http:\/\/www.marsaly.fr\/fred\/wp-content\/uploads\/2015\/06\/710789CaudronGG3-300x183.jpg 300w, http:\/\/www.marsaly.fr\/fred\/wp-content\/uploads\/2015\/06\/710789CaudronGG3-492x300.jpg 492w\" sizes=\"(max-width: 584px) 100vw, 584px\" \/><\/a><p id=\"caption-attachment-57\" class=\"wp-caption-text\">Le Caudron G3 de l&rsquo;Amicale n&rsquo;avait plus \u00e9t\u00e9 vu au meeting depuis quelques ann\u00e9es. Un retour qu&rsquo;il fallait saluer.<\/p><\/div>\n<div id=\"attachment_80\" style=\"width: 594px\" class=\"wp-caption aligncenter\"><a href=\"http:\/\/www.marsaly.fr\/fred\/wp-content\/uploads\/2015\/06\/Strutter.jpg\"><img aria-describedby=\"caption-attachment-80\" decoding=\"async\" loading=\"lazy\" class=\"wp-image-80 size-large\" src=\"http:\/\/www.marsaly.fr\/fred\/wp-content\/uploads\/2015\/06\/Strutter-1024x566.jpg\" alt=\"Strutter\" width=\"584\" height=\"323\" srcset=\"http:\/\/www.marsaly.fr\/fred\/wp-content\/uploads\/2015\/06\/Strutter.jpg 1024w, http:\/\/www.marsaly.fr\/fred\/wp-content\/uploads\/2015\/06\/Strutter-300x166.jpg 300w, http:\/\/www.marsaly.fr\/fred\/wp-content\/uploads\/2015\/06\/Strutter-500x276.jpg 500w\" sizes=\"(max-width: 584px) 100vw, 584px\" \/><\/a><p id=\"caption-attachment-80\" class=\"wp-caption-text\">Le Sopwith Strutter de Memorial Flight a vol\u00e9 en toute fin de meeting. Quand on vous dit qu&rsquo;il ne faut pas se pr\u00e9cipiter sur la route d\u00e8s la fin du show&#8230;<\/p><\/div>\n<p style=\"text-align: justify;\">Ajoutons que la Marine a encore ouvert le bal avec deux Rafale accompagn\u00e9s des uniques MS760 Paris et Breguet Aliz\u00e9, premi\u00e8re apparition dans l&rsquo;Essonne pour ce dernier, que la d\u00e9mo combin\u00e9e des deux Hawker, Sea Fury et Hunter est toujours aussi enthousiasmante, que, d\u00e9cid\u00e9ment, un DC-3 et deux Beech 18 rutilants, c&rsquo;est splendide sous tous les angles.<\/p>\n<div id=\"attachment_59\" style=\"width: 594px\" class=\"wp-caption aligncenter\"><a href=\"http:\/\/www.marsaly.fr\/fred\/wp-content\/uploads\/2015\/06\/801930BoxMarin2.jpg\"><img aria-describedby=\"caption-attachment-59\" decoding=\"async\" loading=\"lazy\" class=\"wp-image-59 size-large\" src=\"http:\/\/www.marsaly.fr\/fred\/wp-content\/uploads\/2015\/06\/801930BoxMarin2-1024x488.jpg\" alt=\"801930BoxMarin2\" width=\"584\" height=\"278\" srcset=\"http:\/\/www.marsaly.fr\/fred\/wp-content\/uploads\/2015\/06\/801930BoxMarin2.jpg 1024w, http:\/\/www.marsaly.fr\/fred\/wp-content\/uploads\/2015\/06\/801930BoxMarin2-300x143.jpg 300w, http:\/\/www.marsaly.fr\/fred\/wp-content\/uploads\/2015\/06\/801930BoxMarin2-500x238.jpg 500w\" sizes=\"(max-width: 584px) 100vw, 584px\" \/><\/a><p id=\"caption-attachment-59\" class=\"wp-caption-text\">La pr\u00e9sence de la Marine \u00e9tait assur\u00e9e par deux Rafale (dont le n\u00b010, premier Rafale standard F1 pass\u00e9 en F3 apr\u00e8s un chantier de trois ans) et deux Warbirds uniques, le Breguet Aliz\u00e9 et le MS Paris.<\/p><\/div>\n<div id=\"attachment_74\" style=\"width: 594px\" class=\"wp-caption aligncenter\"><a href=\"http:\/\/www.marsaly.fr\/fred\/wp-content\/uploads\/2015\/06\/DC3-B18.jpg\"><img aria-describedby=\"caption-attachment-74\" decoding=\"async\" loading=\"lazy\" class=\"wp-image-74 size-large\" src=\"http:\/\/www.marsaly.fr\/fred\/wp-content\/uploads\/2015\/06\/DC3-B18-1024x509.jpg\" alt=\"DC3 B18\" width=\"584\" height=\"290\" srcset=\"http:\/\/www.marsaly.fr\/fred\/wp-content\/uploads\/2015\/06\/DC3-B18.jpg 1024w, http:\/\/www.marsaly.fr\/fred\/wp-content\/uploads\/2015\/06\/DC3-B18-300x149.jpg 300w, http:\/\/www.marsaly.fr\/fred\/wp-content\/uploads\/2015\/06\/DC3-B18-500x249.jpg 500w\" sizes=\"(max-width: 584px) 100vw, 584px\" \/><\/a><p id=\"caption-attachment-74\" class=\"wp-caption-text\">Quoi de mieux pour \u00e9voquer l&rsquo;aviation civile de la fin des ann\u00e9es 30 que deux Beech accompagnant un DC-3. Trois avions rutilants, magnifiques, aussi beaux \u00e0 regarder qu&rsquo;agr\u00e9ables \u00e0 \u00e9couter.<\/p><\/div>\n<p style=\"text-align: justify;\">Reste le cas du Rafale solo display. Si la d\u00e9mo de \u00ab\u00a0Tao\u00a0\u00bb est toujours aussi propre et efficace, la d\u00e9coration du \u00ab\u00a0Monster Tiger\u00a0\u00bb vert fait d\u00e9bat. Personnellement, c&rsquo;est une d\u00e9co qui m&rsquo;a donn\u00e9 soif. Mais Perrier ou Heineken, je n&rsquo;ai pas r\u00e9ussi \u00e0 choisir.<\/p>\n<div id=\"attachment_49\" style=\"width: 594px\" class=\"wp-caption aligncenter\"><a href=\"http:\/\/www.marsaly.fr\/fred\/wp-content\/uploads\/2015\/06\/262888RafaleHeineken.jpg\"><img aria-describedby=\"caption-attachment-49\" decoding=\"async\" loading=\"lazy\" class=\"wp-image-49 size-large\" src=\"http:\/\/www.marsaly.fr\/fred\/wp-content\/uploads\/2015\/06\/262888RafaleHeineken-1024x678.jpg\" alt=\"262888RafaleHeineken\" width=\"584\" height=\"387\" srcset=\"http:\/\/www.marsaly.fr\/fred\/wp-content\/uploads\/2015\/06\/262888RafaleHeineken.jpg 1024w, http:\/\/www.marsaly.fr\/fred\/wp-content\/uploads\/2015\/06\/262888RafaleHeineken-300x199.jpg 300w, http:\/\/www.marsaly.fr\/fred\/wp-content\/uploads\/2015\/06\/262888RafaleHeineken-453x300.jpg 453w\" sizes=\"(max-width: 584px) 100vw, 584px\" \/><\/a><p id=\"caption-attachment-49\" class=\"wp-caption-text\">Si la d\u00e9coration du Rafale Solo Display 2015, h\u00e9rit\u00e9 du r\u00e9cent Tiger Meet peut faire d\u00e9bat, le pilotage de \u00ab\u00a0Tao\u00a0\u00bb ne souffre, quant \u00e0 lui, d&rsquo;aucune critique.<\/p><\/div>\n<p>Autre temps fort, la voltige a\u00e9rienne du Bo105 de l&rsquo;\u00e9curie du taureau rouge, absolument stup\u00e9fiante de ma\u00eetrise. Il est assez inhabituel de photographier un h\u00e9licopt\u00e8re ainsi.<\/p>\n<div id=\"attachment_56\" style=\"width: 594px\" class=\"wp-caption aligncenter\"><a href=\"http:\/\/www.marsaly.fr\/fred\/wp-content\/uploads\/2015\/06\/674654downunder.jpg\"><img aria-describedby=\"caption-attachment-56\" decoding=\"async\" loading=\"lazy\" class=\"wp-image-56 size-large\" src=\"http:\/\/www.marsaly.fr\/fred\/wp-content\/uploads\/2015\/06\/674654downunder-1024x595.jpg\" alt=\"674654downunder\" width=\"584\" height=\"339\" srcset=\"http:\/\/www.marsaly.fr\/fred\/wp-content\/uploads\/2015\/06\/674654downunder.jpg 1024w, http:\/\/www.marsaly.fr\/fred\/wp-content\/uploads\/2015\/06\/674654downunder-300x174.jpg 300w, http:\/\/www.marsaly.fr\/fred\/wp-content\/uploads\/2015\/06\/674654downunder-500x291.jpg 500w\" sizes=\"(max-width: 584px) 100vw, 584px\" \/><\/a><p id=\"caption-attachment-56\" class=\"wp-caption-text\">D\u00e9monstration de voltige \u00e9poustouflante avec un Bo105. Spectaculaire.<\/p><\/div>\n<p style=\"text-align: justify;\">Il y avait encore bien des avions \u00e0 voir voler puisque le commentateur, Bernard Chabbert, a annonc\u00e9 que pour le samedi, c&rsquo;est environ 140 avions qui ont vol\u00e9 dans l&rsquo;apr\u00e8s-midi pour le seul plaisir des spectateurs&#8230; et de leurs pilotes. Avec une m\u00e9t\u00e9o presque id\u00e9ale, sauf en fin d&rsquo;apr\u00e8s-midi o\u00f9 les nuages ont \u00e9t\u00e9 un petit peu trop denses, un plateau finalement assez relev\u00e9, la foule ne s&rsquo;y est pas tromp\u00e9e et un record d&rsquo;affluence a \u00e9t\u00e9 \u00e9tabli.<\/p>\n<p style=\"text-align: justify;\"><a href=\"http:\/\/www.marsaly.fr\/fred\/wp-content\/uploads\/2015\/12\/LFA.jpg\"><img decoding=\"async\" loading=\"lazy\" class=\"alignnone wp-image-1500 size-large\" src=\"http:\/\/www.marsaly.fr\/fred\/wp-content\/uploads\/2015\/12\/LFA-1024x678.jpg\" alt=\"\" width=\"584\" height=\"387\" srcset=\"http:\/\/www.marsaly.fr\/fred\/wp-content\/uploads\/2015\/12\/LFA.jpg 1024w, http:\/\/www.marsaly.fr\/fred\/wp-content\/uploads\/2015\/12\/LFA-300x199.jpg 300w, http:\/\/www.marsaly.fr\/fred\/wp-content\/uploads\/2015\/12\/LFA-768x509.jpg 768w, http:\/\/www.marsaly.fr\/fred\/wp-content\/uploads\/2015\/12\/LFA-453x300.jpg 453w\" sizes=\"(max-width: 584px) 100vw, 584px\" \/><\/a><\/p>\n<p style=\"text-align: justify;\">Rendez-vous en <a href=\"http:\/\/www.marsaly.fr\/fred\/ferte-alais-le-temps-des-helices-2016\/\">2016<\/a> !<\/p>\n<p>&nbsp;<\/p>\n<p style=\"text-align: justify;\"><em>(*) : le Hurricane a \u00e9t\u00e9 malheureusement endommag\u00e9 au retour du meeting \u00e0 la suite d&rsquo;une sortie de piste \u00e0 Dijon-Darois le dimanche soir. Les photos montrent des d\u00e9g\u00e2ts \u00e0 l&rsquo;h\u00e9lice et au train d&rsquo;atterrissage. Esp\u00e9rons que ce ne soit pas trop grave et que l&rsquo;appareil revole bient\u00f4t, on a h\u00e2te de le revoir dans son \u00e9l\u00e9ment.<\/em><\/p>\n","protected":false},"excerpt":{"rendered":"<p>Si ce 43e meeting a\u00e9rien de la Fert\u00e9-Alais n&rsquo;a pas \u00e9t\u00e9 le plus brillant de tous, il \u00e9tait quand m\u00eame constitu\u00e9 d&rsquo;un menu all\u00e9chant et de tr\u00e8s bonne tenue, avec quelques jolies nouveaut\u00e9s et sans oublier les bonnes recettes, d\u00e9sormais &hellip; <a href=\"http:\/\/www.marsaly.fr\/fred\/ferte-alais-le-temps-des-helices-2015\/\">Continuer la lecture <span class=\"meta-nav\">&rarr;<\/span><\/a><\/p>\n","protected":false},"author":2,"featured_media":0,"comment_status":"open","ping_status":"open","sticky":false,"template":"","format":"standard","meta":[],"categories":[4],"tags":[175,83,72,44,75,91,63,143,68,42,114],"_links":{"self":[{"href":"http:\/\/www.marsaly.fr\/fred\/wp-json\/wp\/v2\/posts\/13"}],"collection":[{"href":"http:\/\/www.marsaly.fr\/fred\/wp-json\/wp\/v2\/posts"}],"about":[{"href":"http:\/\/www.marsaly.fr\/fred\/wp-json\/wp\/v2\/types\/post"}],"author":[{"embeddable":true,"href":"http:\/\/www.marsaly.fr\/fred\/wp-json\/wp\/v2\/users\/2"}],"replies":[{"embeddable":true,"href":"http:\/\/www.marsaly.fr\/fred\/wp-json\/wp\/v2\/comments?post=13"}],"version-history":[{"count":19,"href":"http:\/\/www.marsaly.fr\/fred\/wp-json\/wp\/v2\/posts\/13\/revisions"}],"predecessor-version":[{"id":4590,"href":"http:\/\/www.marsaly.fr\/fred\/wp-json\/wp\/v2\/posts\/13\/revisions\/4590"}],"wp:attachment":[{"href":"http:\/\/www.marsaly.fr\/fred\/wp-json\/wp\/v2\/media?parent=13"}],"wp:term":[{"taxonomy":"category","embeddable":true,"href":"http:\/\/www.marsaly.fr\/fred\/wp-json\/wp\/v2\/categories?post=13"},{"taxonomy":"post_tag","embeddable":true,"href":"http:\/\/www.marsaly.fr\/fred\/wp-json\/wp\/v2\/tags?post=13"}],"curies":[{"name":"wp","href":"https:\/\/api.w.org\/{rel}","templated":true}]}}